{"id":5523,"date":"2018-11-27T12:13:41","date_gmt":"2018-11-27T11:13:41","guid":{"rendered":"https:\/\/www.groupesclavo.fr\/senza-categoria\/le-persone-la-nostra-risorsa-piu-importante\/"},"modified":"2026-04-29T10:40:00","modified_gmt":"2026-04-29T08:40:00","slug":"le-persone-la-nostra-risorsa-piu-importante","status":"publish","type":"post","link":"https:\/\/www.groupesclavo.fr\/it\/tutte-le-notizie\/le-persone-la-nostra-risorsa-piu-importante\/","title":{"rendered":"Le persone, la nostra risorsa pi\u00f9 importante &#8230;"},"content":{"rendered":"<p>Grazie alla collaborazione con RADIO \u00c9MOTION, il Gruppo Sclavo Environnement ha voluto dare risalto alle donne e agli uomini che contribuiscono quotidianamente al successo dell&#8217;azienda di famiglia.<\/p>\n<p>Di seguito troverai i discorsi dei nostri dipendenti, che presentano il loro background e le loro professioni.<\/p>\n<p>Buon ascolto :)!<\/p>\n<p>&nbsp;<\/p>\n<p>Benna Roberts, Direttore Vendite del Gruppo &#8211; 36 anni (15 anni in azienda)<\/p>\n<audio class=\"wp-audio-shortcode\" id=\"audio-5523-1\" preload=\"none\" style=\"width: 100%;\" controls=\"controls\"><source type=\"audio\/mpeg\" src=\"https:\/\/www.groupesclavo.fr\/wp-content\/uploads\/2018\/11\/Benna-Roberts-Sclavo.mp3?_=1\" \/><a href=\"https:\/\/www.groupesclavo.fr\/wp-content\/uploads\/2018\/11\/Benna-Roberts-Sclavo.mp3\">https:\/\/www.groupesclavo.fr\/wp-content\/uploads\/2018\/11\/Benna-Roberts-Sclavo.mp3<\/a><\/audio>\n<p>Ana\u00efs Courbet, Assistente alle vendite &#8211; 25 anni (2 anni in azienda)<\/p>\n<audio class=\"wp-audio-shortcode\" id=\"audio-5523-2\" preload=\"none\" style=\"width: 100%;\" controls=\"controls\"><source type=\"audio\/mpeg\" src=\"https:\/\/www.groupesclavo.fr\/wp-content\/uploads\/2018\/11\/Anais-Courbet-3_Sclavo.mp3?_=2\" \/><a href=\"https:\/\/www.groupesclavo.fr\/wp-content\/uploads\/2018\/11\/Anais-Courbet-3_Sclavo.mp3\">https:\/\/www.groupesclavo.fr\/wp-content\/uploads\/2018\/11\/Anais-Courbet-3_Sclavo.mp3<\/a><\/audio>\n<p>Charl\u00e8ne Pluchart, Assistente alle Risorse Umane in stage &#8211; 22 anni (1 anno in azienda)<\/p>\n<audio class=\"wp-audio-shortcode\" id=\"audio-5523-3\" preload=\"none\" style=\"width: 100%;\" controls=\"controls\"><source type=\"audio\/mpeg\" src=\"https:\/\/www.groupesclavo.fr\/wp-content\/uploads\/2018\/11\/Charlene-Puchard.mp3?_=3\" \/><a href=\"https:\/\/www.groupesclavo.fr\/wp-content\/uploads\/2018\/11\/Charlene-Puchard.mp3\">https:\/\/www.groupesclavo.fr\/wp-content\/uploads\/2018\/11\/Charlene-Puchard.mp3<\/a><\/audio>\n<p>Coraline Chevrel, Amministrazione e Operazioni &#8211; 22 anni<\/p>\n<audio class=\"wp-audio-shortcode\" id=\"audio-5523-4\" preload=\"none\" style=\"width: 100%;\" controls=\"controls\"><source type=\"audio\/mpeg\" src=\"https:\/\/www.groupesclavo.fr\/wp-content\/uploads\/2018\/11\/Coraline-Chevrel-Sclavo.mp3?_=4\" \/><a href=\"https:\/\/www.groupesclavo.fr\/wp-content\/uploads\/2018\/11\/Coraline-Chevrel-Sclavo.mp3\">https:\/\/www.groupesclavo.fr\/wp-content\/uploads\/2018\/11\/Coraline-Chevrel-Sclavo.mp3<\/a><\/audio>\n<p>Franck Restiaux, Responsabile della manutenzione &#8211; 33 anni (6 mesi di anzianit\u00e0)<\/p>\n<audio class=\"wp-audio-shortcode\" id=\"audio-5523-5\" preload=\"none\" style=\"width: 100%;\" controls=\"controls\"><source type=\"audio\/mpeg\" src=\"https:\/\/www.groupesclavo.fr\/wp-content\/uploads\/2018\/11\/Franck-Restiaud.mp3?_=5\" \/><a href=\"https:\/\/www.groupesclavo.fr\/wp-content\/uploads\/2018\/11\/Franck-Restiaud.mp3\">https:\/\/www.groupesclavo.fr\/wp-content\/uploads\/2018\/11\/Franck-Restiaud.mp3<\/a><\/audio>\n<p>Juliette Auzeby, Assistente alle comunicazioni &#8211; 24 anni (1 anno in azienda)<\/p>\n<audio class=\"wp-audio-shortcode\" id=\"audio-5523-6\" preload=\"none\" style=\"width: 100%;\" controls=\"controls\"><source type=\"audio\/mpeg\" src=\"https:\/\/www.groupesclavo.fr\/wp-content\/uploads\/2018\/11\/Juliette-Ozebi-Sclavo-.mp3?_=6\" \/><a href=\"https:\/\/www.groupesclavo.fr\/wp-content\/uploads\/2018\/11\/Juliette-Ozebi-Sclavo-.mp3\">https:\/\/www.groupesclavo.fr\/wp-content\/uploads\/2018\/11\/Juliette-Ozebi-Sclavo-.mp3<\/a><\/audio>\n<p>Katia Garcia, Direttore amministrativo &#8211; 47 anni (3 anni in azienda)<\/p>\n<audio class=\"wp-audio-shortcode\" id=\"audio-5523-7\" preload=\"none\" style=\"width: 100%;\" controls=\"controls\"><source type=\"audio\/mpeg\" src=\"https:\/\/www.groupesclavo.fr\/wp-content\/uploads\/2018\/11\/Katia-Garcia-Sclavo.mp3?_=7\" \/><a href=\"https:\/\/www.groupesclavo.fr\/wp-content\/uploads\/2018\/11\/Katia-Garcia-Sclavo.mp3\">https:\/\/www.groupesclavo.fr\/wp-content\/uploads\/2018\/11\/Katia-Garcia-Sclavo.mp3<\/a><\/audio>\n<p>Nelly Cerato, reparto Fatturazione e IT &#8211; 30 anni (9 anni in azienda)<\/p>\n<audio class=\"wp-audio-shortcode\" id=\"audio-5523-8\" preload=\"none\" style=\"width: 100%;\" controls=\"controls\"><source type=\"audio\/mpeg\" src=\"https:\/\/www.groupesclavo.fr\/wp-content\/uploads\/2018\/11\/Nelly-Ceratto.mp3?_=8\" \/><a href=\"https:\/\/www.groupesclavo.fr\/wp-content\/uploads\/2018\/11\/Nelly-Ceratto.mp3\">https:\/\/www.groupesclavo.fr\/wp-content\/uploads\/2018\/11\/Nelly-Ceratto.mp3<\/a><\/audio>\n<p>Thibaut Cresp, Direttore Vendite &#8211; 29 anni (3 anni in azienda)<\/p>\n<audio class=\"wp-audio-shortcode\" id=\"audio-5523-9\" preload=\"none\" style=\"width: 100%;\" controls=\"controls\"><source type=\"audio\/mpeg\" src=\"https:\/\/www.groupesclavo.fr\/wp-content\/uploads\/2018\/11\/Thibaut-Cresp-Sclavo.mp3?_=9\" \/><a href=\"https:\/\/www.groupesclavo.fr\/wp-content\/uploads\/2018\/11\/Thibaut-Cresp-Sclavo.mp3\">https:\/\/www.groupesclavo.fr\/wp-content\/uploads\/2018\/11\/Thibaut-Cresp-Sclavo.mp3<\/a><\/audio>\n<p>Bastien Gourtay, operatore multi-specializzato &#8211; 19 anni (1 anno di anzianit\u00e0)<\/p>\n<audio class=\"wp-audio-shortcode\" id=\"audio-5523-10\" preload=\"none\" style=\"width: 100%;\" controls=\"controls\"><source type=\"audio\/mpeg\" src=\"https:\/\/www.groupesclavo.fr\/wp-content\/uploads\/2018\/11\/04-10-Bastien-Gourtay-final.mp3?_=10\" \/><a href=\"https:\/\/www.groupesclavo.fr\/wp-content\/uploads\/2018\/11\/04-10-Bastien-Gourtay-final.mp3\">https:\/\/www.groupesclavo.fr\/wp-content\/uploads\/2018\/11\/04-10-Bastien-Gourtay-final.mp3<\/a><\/audio>\n<p>J\u00e9r\u00e9my El Guenaoui, direttore del Drap Eco-Relais &#8211; 32 anni (7 anni in azienda)<\/p>\n<audio class=\"wp-audio-shortcode\" id=\"audio-5523-11\" preload=\"none\" style=\"width: 100%;\" controls=\"controls\"><source type=\"audio\/mpeg\" src=\"https:\/\/www.groupesclavo.fr\/wp-content\/uploads\/2018\/11\/08-11-Jeremie-Al-Ganaoui.mp3?_=11\" \/><a href=\"https:\/\/www.groupesclavo.fr\/wp-content\/uploads\/2018\/11\/08-11-Jeremie-Al-Ganaoui.mp3\">https:\/\/www.groupesclavo.fr\/wp-content\/uploads\/2018\/11\/08-11-Jeremie-Al-Ganaoui.mp3<\/a><\/audio>\n<p>S\u00e9bastien Banzet, Coordinatore del sito (Eco-P\u00f4le Recyclage D\u00e9chets Dangereux) &#8211; 38 anni (2 anni di anzianit\u00e0)<\/p>\n<audio class=\"wp-audio-shortcode\" id=\"audio-5523-12\" preload=\"none\" style=\"width: 100%;\" controls=\"controls\"><source type=\"audio\/mpeg\" src=\"https:\/\/www.groupesclavo.fr\/wp-content\/uploads\/2018\/11\/14-06-S\u00e9bastien-Banzet-Sclavo.mp3?_=12\" \/><a href=\"https:\/\/www.groupesclavo.fr\/wp-content\/uploads\/2018\/11\/14-06-S\u00e9bastien-Banzet-Sclavo.mp3\">https:\/\/www.groupesclavo.fr\/wp-content\/uploads\/2018\/11\/14-06-S\u00e9bastien-Banzet-Sclavo.mp3<\/a><\/audio>\n<p>St\u00e9phane Trentin, Driver Manager 06 &#8211; 47 anni (25 anni in azienda)<\/p>\n<audio class=\"wp-audio-shortcode\" id=\"audio-5523-13\" preload=\"none\" style=\"width: 100%;\" controls=\"controls\"><source type=\"audio\/mpeg\" src=\"https:\/\/www.groupesclavo.fr\/wp-content\/uploads\/2018\/11\/15-11-St\u00e9phane-Trentin.mp3?_=13\" \/><a href=\"https:\/\/www.groupesclavo.fr\/wp-content\/uploads\/2018\/11\/15-11-St\u00e9phane-Trentin.mp3\">https:\/\/www.groupesclavo.fr\/wp-content\/uploads\/2018\/11\/15-11-St\u00e9phane-Trentin.mp3<\/a><\/audio>\n<p>Julien Brandelong, Dipartimento Eco-Organizzazioni &#8211; 31 anni (6 mesi di anzianit\u00e0)<\/p>\n<audio class=\"wp-audio-shortcode\" id=\"audio-5523-14\" preload=\"none\" style=\"width: 100%;\" controls=\"controls\"><source type=\"audio\/mpeg\" src=\"https:\/\/www.groupesclavo.fr\/wp-content\/uploads\/2018\/11\/20-09-Julien-Brandelang-sclavo.mp3?_=14\" \/><a href=\"https:\/\/www.groupesclavo.fr\/wp-content\/uploads\/2018\/11\/20-09-Julien-Brandelang-sclavo.mp3\">https:\/\/www.groupesclavo.fr\/wp-content\/uploads\/2018\/11\/20-09-Julien-Brandelang-sclavo.mp3<\/a><\/audio>\n<p>Louis Simonklein, Operatore \/ Tecnico di attrezzature multi-specializzate &#8211; 34 anni (16 anni di anzianit\u00e0)<\/p>\n<audio class=\"wp-audio-shortcode\" id=\"audio-5523-15\" preload=\"none\" style=\"width: 100%;\" controls=\"controls\"><source type=\"audio\/mpeg\" src=\"https:\/\/www.groupesclavo.fr\/wp-content\/uploads\/2018\/11\/21-06-Louis-Simonklein-Sclavo-final.mp3?_=15\" \/><a href=\"https:\/\/www.groupesclavo.fr\/wp-content\/uploads\/2018\/11\/21-06-Louis-Simonklein-Sclavo-final.mp3\">https:\/\/www.groupesclavo.fr\/wp-content\/uploads\/2018\/11\/21-06-Louis-Simonklein-Sclavo-final.mp3<\/a><\/audio>\n<p>Anne Raspado, Dottore Commercialista &#8211; 52 anni (7 anni nella societ\u00e0)<\/p>\n<audio class=\"wp-audio-shortcode\" id=\"audio-5523-16\" preload=\"none\" style=\"width: 100%;\" controls=\"controls\"><source type=\"audio\/mpeg\" src=\"https:\/\/www.groupesclavo.fr\/wp-content\/uploads\/2018\/11\/22-11-ANNE-RASPADO-SCLAVO.mp3?_=16\" \/><a href=\"https:\/\/www.groupesclavo.fr\/wp-content\/uploads\/2018\/11\/22-11-ANNE-RASPADO-SCLAVO.mp3\">https:\/\/www.groupesclavo.fr\/wp-content\/uploads\/2018\/11\/22-11-ANNE-RASPADO-SCLAVO.mp3<\/a><\/audio>\n<p>Nathalie Sourisseau, Assistente Amministrativo Plurimandatario &#8211; 55 anni (3 anni di anzianit\u00e0)<\/p>\n<audio class=\"wp-audio-shortcode\" id=\"audio-5523-17\" preload=\"none\" style=\"width: 100%;\" controls=\"controls\"><source type=\"audio\/mpeg\" src=\"https:\/\/www.groupesclavo.fr\/wp-content\/uploads\/2018\/11\/27-09-Nathalie-Sourisseau-Final.mp3?_=17\" \/><a href=\"https:\/\/www.groupesclavo.fr\/wp-content\/uploads\/2018\/11\/27-09-Nathalie-Sourisseau-Final.mp3\">https:\/\/www.groupesclavo.fr\/wp-content\/uploads\/2018\/11\/27-09-Nathalie-Sourisseau-Final.mp3<\/a><\/audio>\n<p>Marjorie Juppet, Dipartimento Pianificazione &#8211; 26 anni (10 mesi di anzianit\u00e0)<\/p>\n<audio class=\"wp-audio-shortcode\" id=\"audio-5523-18\" preload=\"none\" style=\"width: 100%;\" controls=\"controls\"><source type=\"audio\/mpeg\" src=\"https:\/\/www.groupesclavo.fr\/wp-content\/uploads\/2018\/11\/28-06-Marjorie-Juppet-final-_01.mp3?_=18\" \/><a href=\"https:\/\/www.groupesclavo.fr\/wp-content\/uploads\/2018\/11\/28-06-Marjorie-Juppet-final-_01.mp3\">https:\/\/www.groupesclavo.fr\/wp-content\/uploads\/2018\/11\/28-06-Marjorie-Juppet-final-_01.mp3<\/a><\/audio>\n<p>Zora Rotta, Responsabile Risorse Umane &#8211; 31 anni (11 anni in azienda)<\/p>\n<audio class=\"wp-audio-shortcode\" id=\"audio-5523-19\" preload=\"none\" style=\"width: 100%;\" controls=\"controls\"><source type=\"audio\/mpeg\" src=\"https:\/\/www.groupesclavo.fr\/wp-content\/uploads\/2018\/11\/29-11-ZOHRA-ROTTA-SCLAVO.mp3?_=19\" \/><a href=\"https:\/\/www.groupesclavo.fr\/wp-content\/uploads\/2018\/11\/29-11-ZOHRA-ROTTA-SCLAVO.mp3\">https:\/\/www.groupesclavo.fr\/wp-content\/uploads\/2018\/11\/29-11-ZOHRA-ROTTA-SCLAVO.mp3<\/a><\/audio>\n<p>Antoine Giallo, Direttore di La Roquette Eco-Relais &#8211; 54 anni (17 anni in azienda)<\/p>\n<audio class=\"wp-audio-shortcode\" id=\"audio-5523-20\" preload=\"none\" style=\"width: 100%;\" controls=\"controls\"><source type=\"audio\/mpeg\" src=\"https:\/\/www.groupesclavo.fr\/wp-content\/uploads\/2018\/11\/Antoine-Gialo.mp3?_=20\" \/><a href=\"https:\/\/www.groupesclavo.fr\/wp-content\/uploads\/2018\/11\/Antoine-Gialo.mp3\">https:\/\/www.groupesclavo.fr\/wp-content\/uploads\/2018\/11\/Antoine-Gialo.mp3<\/a><\/audio>\n<p>Fabien Sini, Responsabile Operativo Rifiuti Pericolosi &#8211; 30 anni (5 anni di anzianit\u00e0)<\/p>\n<audio class=\"wp-audio-shortcode\" id=\"audio-5523-21\" preload=\"none\" style=\"width: 100%;\" controls=\"controls\"><source type=\"audio\/mpeg\" src=\"https:\/\/www.groupesclavo.fr\/wp-content\/uploads\/2018\/11\/Fabien-Sini-final.mp3?_=21\" \/><a href=\"https:\/\/www.groupesclavo.fr\/wp-content\/uploads\/2018\/11\/Fabien-Sini-final.mp3\">https:\/\/www.groupesclavo.fr\/wp-content\/uploads\/2018\/11\/Fabien-Sini-final.mp3<\/a><\/audio>\n<p>Jimmy Duribreux, vicedirettore dell&#8217;Eco-cluster Ferro e Metalli &#8211; 22 anni (2 anni di anzianit\u00e0)<\/p>\n<audio class=\"wp-audio-shortcode\" id=\"audio-5523-22\" preload=\"none\" style=\"width: 100%;\" controls=\"controls\"><source type=\"audio\/mpeg\" src=\"https:\/\/www.groupesclavo.fr\/wp-content\/uploads\/2018\/11\/Jimmy-Duribreux-final-.mp3?_=22\" \/><a href=\"https:\/\/www.groupesclavo.fr\/wp-content\/uploads\/2018\/11\/Jimmy-Duribreux-final-.mp3\">https:\/\/www.groupesclavo.fr\/wp-content\/uploads\/2018\/11\/Jimmy-Duribreux-final-.mp3<\/a><\/audio>\n<p>Karolina Luccantoni, DD Invoicing Manager &#8211; 34 anni (1 anno e mezzo di anzianit\u00e0)<\/p>\n<audio class=\"wp-audio-shortcode\" id=\"audio-5523-23\" preload=\"none\" style=\"width: 100%;\" controls=\"controls\"><source type=\"audio\/mpeg\" src=\"https:\/\/www.groupesclavo.fr\/wp-content\/uploads\/2018\/11\/Karolina-Luccantoni-Final-.mp3?_=23\" \/><a href=\"https:\/\/www.groupesclavo.fr\/wp-content\/uploads\/2018\/11\/Karolina-Luccantoni-Final-.mp3\">https:\/\/www.groupesclavo.fr\/wp-content\/uploads\/2018\/11\/Karolina-Luccantoni-Final-.mp3<\/a><\/audio>\n<p>Pauline Carrozza, Coordinatore QSE &#8211; 27 anni (3 anni in azienda)<\/p>\n<audio class=\"wp-audio-shortcode\" id=\"audio-5523-24\" preload=\"none\" style=\"width: 100%;\" controls=\"controls\"><source type=\"audio\/mpeg\" src=\"https:\/\/www.groupesclavo.fr\/wp-content\/uploads\/2018\/11\/Pauline-Carroza-final-.mp3?_=24\" \/><a href=\"https:\/\/www.groupesclavo.fr\/wp-content\/uploads\/2018\/11\/Pauline-Carroza-final-.mp3\">https:\/\/www.groupesclavo.fr\/wp-content\/uploads\/2018\/11\/Pauline-Carroza-final-.mp3<\/a><\/audio>\n<p>Alicia Sclavo, programma di integrazione del Gruppo Famiglia &#8211; 22 anni<\/p>\n<audio class=\"wp-audio-shortcode\" id=\"audio-5523-25\" preload=\"none\" style=\"width: 100%;\" controls=\"controls\"><source type=\"audio\/mpeg\" src=\"https:\/\/www.groupesclavo.fr\/wp-content\/uploads\/2018\/11\/ALICIA-SCLAVO.mp3?_=25\" \/><a href=\"https:\/\/www.groupesclavo.fr\/wp-content\/uploads\/2018\/11\/ALICIA-SCLAVO.mp3\">https:\/\/www.groupesclavo.fr\/wp-content\/uploads\/2018\/11\/ALICIA-SCLAVO.mp3<\/a><\/audio>\n<p>Anais Zucchetto, Assistente alle vendite<\/p>\n<audio class=\"wp-audio-shortcode\" id=\"audio-5523-26\" preload=\"none\" style=\"width: 100%;\" controls=\"controls\"><source type=\"audio\/mpeg\" src=\"https:\/\/www.groupesclavo.fr\/wp-content\/uploads\/2018\/11\/ANAIS-ZUCCHETTO.mp3?_=26\" \/><a href=\"https:\/\/www.groupesclavo.fr\/wp-content\/uploads\/2018\/11\/ANAIS-ZUCCHETTO.mp3\">https:\/\/www.groupesclavo.fr\/wp-content\/uploads\/2018\/11\/ANAIS-ZUCCHETTO.mp3<\/a><\/audio>\n<p>Bernard Follesa, Direttore Vendite &#8211; (34 anni di anzianit\u00e0)<\/p>\n<audio class=\"wp-audio-shortcode\" id=\"audio-5523-27\" preload=\"none\" style=\"width: 100%;\" controls=\"controls\"><source type=\"audio\/mpeg\" src=\"https:\/\/www.groupesclavo.fr\/wp-content\/uploads\/2018\/11\/BERNARD-FOLLESA.mp3?_=27\" \/><a href=\"https:\/\/www.groupesclavo.fr\/wp-content\/uploads\/2018\/11\/BERNARD-FOLLESA.mp3\">https:\/\/www.groupesclavo.fr\/wp-content\/uploads\/2018\/11\/BERNARD-FOLLESA.mp3<\/a><\/audio>\n<p>Bilel Sidaoui, Coordinatore QSE &#8211; 27 anni<\/p>\n<audio class=\"wp-audio-shortcode\" id=\"audio-5523-28\" preload=\"none\" style=\"width: 100%;\" controls=\"controls\"><source type=\"audio\/mpeg\" src=\"https:\/\/www.groupesclavo.fr\/wp-content\/uploads\/2018\/11\/BILEL-SIDAOUI.mp3?_=28\" \/><a href=\"https:\/\/www.groupesclavo.fr\/wp-content\/uploads\/2018\/11\/BILEL-SIDAOUI.mp3\">https:\/\/www.groupesclavo.fr\/wp-content\/uploads\/2018\/11\/BILEL-SIDAOUI.mp3<\/a><\/audio>\n<p>C\u00e9dric Covarelli, operatore di macchina e vice direttore del Drap Eco-Relais &#8211; 35 anni (13 anni di anzianit\u00e0)<\/p>\n<audio class=\"wp-audio-shortcode\" id=\"audio-5523-29\" preload=\"none\" style=\"width: 100%;\" controls=\"controls\"><source type=\"audio\/mpeg\" src=\"https:\/\/www.groupesclavo.fr\/wp-content\/uploads\/2018\/11\/CEDRIC-COVARELLI.mp3?_=29\" \/><a href=\"https:\/\/www.groupesclavo.fr\/wp-content\/uploads\/2018\/11\/CEDRIC-COVARELLI.mp3\">https:\/\/www.groupesclavo.fr\/wp-content\/uploads\/2018\/11\/CEDRIC-COVARELLI.mp3<\/a><\/audio>\n<p>Silvere Caisson, autista di mezzi pesanti &#8211; 33 anni (12 anni di anzianit\u00e0)<\/p>\n<audio class=\"wp-audio-shortcode\" id=\"audio-5523-30\" preload=\"none\" style=\"width: 100%;\" controls=\"controls\"><source type=\"audio\/mpeg\" src=\"https:\/\/www.groupesclavo.fr\/wp-content\/uploads\/2018\/11\/SILVERE-CAISSON.mp3?_=30\" \/><a href=\"https:\/\/www.groupesclavo.fr\/wp-content\/uploads\/2018\/11\/SILVERE-CAISSON.mp3\">https:\/\/www.groupesclavo.fr\/wp-content\/uploads\/2018\/11\/SILVERE-CAISSON.mp3<\/a><\/audio>\n","protected":false},"excerpt":{"rendered":"<p>Grazie alla collaborazione con RADIO \u00c9MOTION, il Gruppo Sclavo Environnement ha voluto dare risalto alle donne e agli uomini che contribuiscono quotidianamente al successo dell&#8217;azienda di famiglia. Di seguito [&hellip;]<\/p>\n","protected":false},"author":4,"featured_media":5470,"comment_status":"closed","ping_status":"closed","sticky":false,"template":"","format":"standard","meta":{"inline_featured_image":false,"footnotes":""},"categories":[108,80,99],"tags":[],"class_list":["post-5523","post","type-post","status-publish","format-standard","has-post-thumbnail","hentry","category-programma-le-persone-la-nostra-prima-risorsa","category-tutte-le-notizie","category-risorse-umane"],"yoast_head":"<!-- This site is optimized with the Yoast SEO plugin v27.4 - https:\/\/yoast.com\/product\/yoast-seo-wordpress\/ -->\n<title>Le persone, la nostra risorsa pi\u00f9 importante ... - Sclavo<\/title>\n<meta name=\"robots\" content=\"index, follow, max-snippet:-1, max-image-preview:large, max-video-preview:-1\" \/>\n<link rel=\"canonical\" href=\"https:\/\/www.groupesclavo.fr\/it\/tutte-le-notizie\/le-persone-la-nostra-risorsa-piu-importante\/\" \/>\n<meta property=\"og:locale\" content=\"it_IT\" \/>\n<meta property=\"og:type\" content=\"article\" \/>\n<meta property=\"og:title\" content=\"Le persone, la nostra risorsa pi\u00f9 importante ... - Sclavo\" \/>\n<meta property=\"og:description\" content=\"Grazie alla collaborazione con RADIO \u00c9MOTION, il Gruppo Sclavo Environnement ha voluto dare risalto alle donne e agli uomini che contribuiscono quotidianamente al successo dell&#8217;azienda di famiglia. Di seguito [&hellip;]\" \/>\n<meta property=\"og:url\" content=\"https:\/\/www.groupesclavo.fr\/it\/tutte-le-notizie\/le-persone-la-nostra-risorsa-piu-importante\/\" \/>\n<meta property=\"og:site_name\" content=\"Sclavo\" \/>\n<meta property=\"article:published_time\" content=\"2018-11-27T11:13:41+00:00\" \/>\n<meta property=\"article:modified_time\" content=\"2026-04-29T08:40:00+00:00\" \/>\n<meta property=\"og:image\" content=\"https:\/\/www.groupesclavo.fr\/wp-content\/uploads\/2025\/06\/Unknown.png\" \/>\n\t<meta property=\"og:image:width\" content=\"225\" \/>\n\t<meta property=\"og:image:height\" content=\"225\" \/>\n\t<meta property=\"og:image:type\" content=\"image\/png\" \/>\n<meta name=\"author\" content=\"net-concept\" \/>\n<meta name=\"twitter:card\" content=\"summary_large_image\" \/>\n<meta name=\"twitter:label1\" content=\"Written by\" \/>\n\t<meta name=\"twitter:data1\" content=\"net-concept\" \/>\n\t<meta name=\"twitter:label2\" content=\"Est. reading time\" \/>\n\t<meta name=\"twitter:data2\" content=\"4 minutes\" \/>\n<script type=\"application\/ld+json\" class=\"yoast-schema-graph\">{\"@context\":\"https:\\\/\\\/schema.org\",\"@graph\":[{\"@type\":\"Article\",\"@id\":\"https:\\\/\\\/www.groupesclavo.fr\\\/it\\\/tutte-le-notizie\\\/le-persone-la-nostra-risorsa-piu-importante\\\/#article\",\"isPartOf\":{\"@id\":\"https:\\\/\\\/www.groupesclavo.fr\\\/it\\\/tutte-le-notizie\\\/le-persone-la-nostra-risorsa-piu-importante\\\/\"},\"author\":{\"name\":\"net-concept\",\"@id\":\"https:\\\/\\\/www.groupesclavo.fr\\\/it\\\/#\\\/schema\\\/person\\\/cce451e392f3726778682f885b5f85d6\"},\"headline\":\"Le persone, la nostra risorsa pi\u00f9 importante &#8230;\",\"datePublished\":\"2018-11-27T11:13:41+00:00\",\"dateModified\":\"2026-04-29T08:40:00+00:00\",\"mainEntityOfPage\":{\"@id\":\"https:\\\/\\\/www.groupesclavo.fr\\\/it\\\/tutte-le-notizie\\\/le-persone-la-nostra-risorsa-piu-importante\\\/\"},\"wordCount\":713,\"publisher\":{\"@id\":\"https:\\\/\\\/www.groupesclavo.fr\\\/it\\\/#organization\"},\"image\":{\"@id\":\"https:\\\/\\\/www.groupesclavo.fr\\\/it\\\/tutte-le-notizie\\\/le-persone-la-nostra-risorsa-piu-importante\\\/#primaryimage\"},\"thumbnailUrl\":\"https:\\\/\\\/www.groupesclavo.fr\\\/wp-content\\\/uploads\\\/2025\\\/06\\\/Unknown.png\",\"articleSection\":[\"Programma: Le persone, la nostra prima risorsa\",\"Tutte le notizie\",\"Risorse umane\"],\"inLanguage\":\"it-IT\"},{\"@type\":\"WebPage\",\"@id\":\"https:\\\/\\\/www.groupesclavo.fr\\\/it\\\/tutte-le-notizie\\\/le-persone-la-nostra-risorsa-piu-importante\\\/\",\"url\":\"https:\\\/\\\/www.groupesclavo.fr\\\/it\\\/tutte-le-notizie\\\/le-persone-la-nostra-risorsa-piu-importante\\\/\",\"name\":\"Le persone, la nostra risorsa pi\u00f9 importante ... - Sclavo\",\"isPartOf\":{\"@id\":\"https:\\\/\\\/www.groupesclavo.fr\\\/it\\\/#website\"},\"primaryImageOfPage\":{\"@id\":\"https:\\\/\\\/www.groupesclavo.fr\\\/it\\\/tutte-le-notizie\\\/le-persone-la-nostra-risorsa-piu-importante\\\/#primaryimage\"},\"image\":{\"@id\":\"https:\\\/\\\/www.groupesclavo.fr\\\/it\\\/tutte-le-notizie\\\/le-persone-la-nostra-risorsa-piu-importante\\\/#primaryimage\"},\"thumbnailUrl\":\"https:\\\/\\\/www.groupesclavo.fr\\\/wp-content\\\/uploads\\\/2025\\\/06\\\/Unknown.png\",\"datePublished\":\"2018-11-27T11:13:41+00:00\",\"dateModified\":\"2026-04-29T08:40:00+00:00\",\"breadcrumb\":{\"@id\":\"https:\\\/\\\/www.groupesclavo.fr\\\/it\\\/tutte-le-notizie\\\/le-persone-la-nostra-risorsa-piu-importante\\\/#breadcrumb\"},\"inLanguage\":\"it-IT\",\"potentialAction\":[{\"@type\":\"ReadAction\",\"target\":[\"https:\\\/\\\/www.groupesclavo.fr\\\/it\\\/tutte-le-notizie\\\/le-persone-la-nostra-risorsa-piu-importante\\\/\"]}]},{\"@type\":\"ImageObject\",\"inLanguage\":\"it-IT\",\"@id\":\"https:\\\/\\\/www.groupesclavo.fr\\\/it\\\/tutte-le-notizie\\\/le-persone-la-nostra-risorsa-piu-importante\\\/#primaryimage\",\"url\":\"https:\\\/\\\/www.groupesclavo.fr\\\/wp-content\\\/uploads\\\/2025\\\/06\\\/Unknown.png\",\"contentUrl\":\"https:\\\/\\\/www.groupesclavo.fr\\\/wp-content\\\/uploads\\\/2025\\\/06\\\/Unknown.png\",\"width\":225,\"height\":225},{\"@type\":\"BreadcrumbList\",\"@id\":\"https:\\\/\\\/www.groupesclavo.fr\\\/it\\\/tutte-le-notizie\\\/le-persone-la-nostra-risorsa-piu-importante\\\/#breadcrumb\",\"itemListElement\":[{\"@type\":\"ListItem\",\"position\":1,\"name\":\"Accueil\",\"item\":\"https:\\\/\\\/www.groupesclavo.fr\\\/it\\\/?page_id=5537\"},{\"@type\":\"ListItem\",\"position\":2,\"name\":\"Le persone, la nostra risorsa pi\u00f9 importante &#8230;\"}]},{\"@type\":\"WebSite\",\"@id\":\"https:\\\/\\\/www.groupesclavo.fr\\\/it\\\/#website\",\"url\":\"https:\\\/\\\/www.groupesclavo.fr\\\/it\\\/\",\"name\":\"Sclavo\",\"description\":\"\",\"publisher\":{\"@id\":\"https:\\\/\\\/www.groupesclavo.fr\\\/it\\\/#organization\"},\"potentialAction\":[{\"@type\":\"SearchAction\",\"target\":{\"@type\":\"EntryPoint\",\"urlTemplate\":\"https:\\\/\\\/www.groupesclavo.fr\\\/it\\\/?s={search_term_string}\"},\"query-input\":{\"@type\":\"PropertyValueSpecification\",\"valueRequired\":true,\"valueName\":\"search_term_string\"}}],\"inLanguage\":\"it-IT\"},{\"@type\":\"Organization\",\"@id\":\"https:\\\/\\\/www.groupesclavo.fr\\\/it\\\/#organization\",\"name\":\"Sclavo\",\"url\":\"https:\\\/\\\/www.groupesclavo.fr\\\/it\\\/\",\"logo\":{\"@type\":\"ImageObject\",\"inLanguage\":\"it-IT\",\"@id\":\"https:\\\/\\\/www.groupesclavo.fr\\\/it\\\/#\\\/schema\\\/logo\\\/image\\\/\",\"url\":\"https:\\\/\\\/www.groupesclavo.fr\\\/wp-content\\\/uploads\\\/2024\\\/11\\\/logo-1.svg\",\"contentUrl\":\"https:\\\/\\\/www.groupesclavo.fr\\\/wp-content\\\/uploads\\\/2024\\\/11\\\/logo-1.svg\",\"width\":191,\"height\":57,\"caption\":\"Sclavo\"},\"image\":{\"@id\":\"https:\\\/\\\/www.groupesclavo.fr\\\/it\\\/#\\\/schema\\\/logo\\\/image\\\/\"}},{\"@type\":\"Person\",\"@id\":\"https:\\\/\\\/www.groupesclavo.fr\\\/it\\\/#\\\/schema\\\/person\\\/cce451e392f3726778682f885b5f85d6\",\"name\":\"net-concept\",\"image\":{\"@type\":\"ImageObject\",\"inLanguage\":\"it-IT\",\"@id\":\"https:\\\/\\\/secure.gravatar.com\\\/avatar\\\/8406d47cf424cb6f1c7c9a655e87e793c9a1a5eccdf20a2bca376c84dc550590?s=96&d=mm&r=g\",\"url\":\"https:\\\/\\\/secure.gravatar.com\\\/avatar\\\/8406d47cf424cb6f1c7c9a655e87e793c9a1a5eccdf20a2bca376c84dc550590?s=96&d=mm&r=g\",\"contentUrl\":\"https:\\\/\\\/secure.gravatar.com\\\/avatar\\\/8406d47cf424cb6f1c7c9a655e87e793c9a1a5eccdf20a2bca376c84dc550590?s=96&d=mm&r=g\",\"caption\":\"net-concept\"}}]}<\/script>\n<!-- \/ Yoast SEO plugin. -->","yoast_head_json":{"title":"Le persone, la nostra risorsa pi\u00f9 importante ... - Sclavo","robots":{"index":"index","follow":"follow","max-snippet":"max-snippet:-1","max-image-preview":"max-image-preview:large","max-video-preview":"max-video-preview:-1"},"canonical":"https:\/\/www.groupesclavo.fr\/it\/tutte-le-notizie\/le-persone-la-nostra-risorsa-piu-importante\/","og_locale":"it_IT","og_type":"article","og_title":"Le persone, la nostra risorsa pi\u00f9 importante ... - Sclavo","og_description":"Grazie alla collaborazione con RADIO \u00c9MOTION, il Gruppo Sclavo Environnement ha voluto dare risalto alle donne e agli uomini che contribuiscono quotidianamente al successo dell&#8217;azienda di famiglia. Di seguito [&hellip;]","og_url":"https:\/\/www.groupesclavo.fr\/it\/tutte-le-notizie\/le-persone-la-nostra-risorsa-piu-importante\/","og_site_name":"Sclavo","article_published_time":"2018-11-27T11:13:41+00:00","article_modified_time":"2026-04-29T08:40:00+00:00","og_image":[{"width":225,"height":225,"url":"https:\/\/www.groupesclavo.fr\/wp-content\/uploads\/2025\/06\/Unknown.png","type":"image\/png"}],"author":"net-concept","twitter_card":"summary_large_image","twitter_misc":{"Written by":"net-concept","Est. reading time":"4 minutes"},"schema":{"@context":"https:\/\/schema.org","@graph":[{"@type":"Article","@id":"https:\/\/www.groupesclavo.fr\/it\/tutte-le-notizie\/le-persone-la-nostra-risorsa-piu-importante\/#article","isPartOf":{"@id":"https:\/\/www.groupesclavo.fr\/it\/tutte-le-notizie\/le-persone-la-nostra-risorsa-piu-importante\/"},"author":{"name":"net-concept","@id":"https:\/\/www.groupesclavo.fr\/it\/#\/schema\/person\/cce451e392f3726778682f885b5f85d6"},"headline":"Le persone, la nostra risorsa pi\u00f9 importante &#8230;","datePublished":"2018-11-27T11:13:41+00:00","dateModified":"2026-04-29T08:40:00+00:00","mainEntityOfPage":{"@id":"https:\/\/www.groupesclavo.fr\/it\/tutte-le-notizie\/le-persone-la-nostra-risorsa-piu-importante\/"},"wordCount":713,"publisher":{"@id":"https:\/\/www.groupesclavo.fr\/it\/#organization"},"image":{"@id":"https:\/\/www.groupesclavo.fr\/it\/tutte-le-notizie\/le-persone-la-nostra-risorsa-piu-importante\/#primaryimage"},"thumbnailUrl":"https:\/\/www.groupesclavo.fr\/wp-content\/uploads\/2025\/06\/Unknown.png","articleSection":["Programma: Le persone, la nostra prima risorsa","Tutte le notizie","Risorse umane"],"inLanguage":"it-IT"},{"@type":"WebPage","@id":"https:\/\/www.groupesclavo.fr\/it\/tutte-le-notizie\/le-persone-la-nostra-risorsa-piu-importante\/","url":"https:\/\/www.groupesclavo.fr\/it\/tutte-le-notizie\/le-persone-la-nostra-risorsa-piu-importante\/","name":"Le persone, la nostra risorsa pi\u00f9 importante ... - Sclavo","isPartOf":{"@id":"https:\/\/www.groupesclavo.fr\/it\/#website"},"primaryImageOfPage":{"@id":"https:\/\/www.groupesclavo.fr\/it\/tutte-le-notizie\/le-persone-la-nostra-risorsa-piu-importante\/#primaryimage"},"image":{"@id":"https:\/\/www.groupesclavo.fr\/it\/tutte-le-notizie\/le-persone-la-nostra-risorsa-piu-importante\/#primaryimage"},"thumbnailUrl":"https:\/\/www.groupesclavo.fr\/wp-content\/uploads\/2025\/06\/Unknown.png","datePublished":"2018-11-27T11:13:41+00:00","dateModified":"2026-04-29T08:40:00+00:00","breadcrumb":{"@id":"https:\/\/www.groupesclavo.fr\/it\/tutte-le-notizie\/le-persone-la-nostra-risorsa-piu-importante\/#breadcrumb"},"inLanguage":"it-IT","potentialAction":[{"@type":"ReadAction","target":["https:\/\/www.groupesclavo.fr\/it\/tutte-le-notizie\/le-persone-la-nostra-risorsa-piu-importante\/"]}]},{"@type":"ImageObject","inLanguage":"it-IT","@id":"https:\/\/www.groupesclavo.fr\/it\/tutte-le-notizie\/le-persone-la-nostra-risorsa-piu-importante\/#primaryimage","url":"https:\/\/www.groupesclavo.fr\/wp-content\/uploads\/2025\/06\/Unknown.png","contentUrl":"https:\/\/www.groupesclavo.fr\/wp-content\/uploads\/2025\/06\/Unknown.png","width":225,"height":225},{"@type":"BreadcrumbList","@id":"https:\/\/www.groupesclavo.fr\/it\/tutte-le-notizie\/le-persone-la-nostra-risorsa-piu-importante\/#breadcrumb","itemListElement":[{"@type":"ListItem","position":1,"name":"Accueil","item":"https:\/\/www.groupesclavo.fr\/it\/?page_id=5537"},{"@type":"ListItem","position":2,"name":"Le persone, la nostra risorsa pi\u00f9 importante &#8230;"}]},{"@type":"WebSite","@id":"https:\/\/www.groupesclavo.fr\/it\/#website","url":"https:\/\/www.groupesclavo.fr\/it\/","name":"Sclavo","description":"","publisher":{"@id":"https:\/\/www.groupesclavo.fr\/it\/#organization"},"potentialAction":[{"@type":"SearchAction","target":{"@type":"EntryPoint","urlTemplate":"https:\/\/www.groupesclavo.fr\/it\/?s={search_term_string}"},"query-input":{"@type":"PropertyValueSpecification","valueRequired":true,"valueName":"search_term_string"}}],"inLanguage":"it-IT"},{"@type":"Organization","@id":"https:\/\/www.groupesclavo.fr\/it\/#organization","name":"Sclavo","url":"https:\/\/www.groupesclavo.fr\/it\/","logo":{"@type":"ImageObject","inLanguage":"it-IT","@id":"https:\/\/www.groupesclavo.fr\/it\/#\/schema\/logo\/image\/","url":"https:\/\/www.groupesclavo.fr\/wp-content\/uploads\/2024\/11\/logo-1.svg","contentUrl":"https:\/\/www.groupesclavo.fr\/wp-content\/uploads\/2024\/11\/logo-1.svg","width":191,"height":57,"caption":"Sclavo"},"image":{"@id":"https:\/\/www.groupesclavo.fr\/it\/#\/schema\/logo\/image\/"}},{"@type":"Person","@id":"https:\/\/www.groupesclavo.fr\/it\/#\/schema\/person\/cce451e392f3726778682f885b5f85d6","name":"net-concept","image":{"@type":"ImageObject","inLanguage":"it-IT","@id":"https:\/\/secure.gravatar.com\/avatar\/8406d47cf424cb6f1c7c9a655e87e793c9a1a5eccdf20a2bca376c84dc550590?s=96&d=mm&r=g","url":"https:\/\/secure.gravatar.com\/avatar\/8406d47cf424cb6f1c7c9a655e87e793c9a1a5eccdf20a2bca376c84dc550590?s=96&d=mm&r=g","contentUrl":"https:\/\/secure.gravatar.com\/avatar\/8406d47cf424cb6f1c7c9a655e87e793c9a1a5eccdf20a2bca376c84dc550590?s=96&d=mm&r=g","caption":"net-concept"}}]}},"_links":{"self":[{"href":"https:\/\/www.groupesclavo.fr\/it\/wp-json\/wp\/v2\/posts\/5523","targetHints":{"allow":["GET"]}}],"collection":[{"href":"https:\/\/www.groupesclavo.fr\/it\/wp-json\/wp\/v2\/posts"}],"about":[{"href":"https:\/\/www.groupesclavo.fr\/it\/wp-json\/wp\/v2\/types\/post"}],"author":[{"embeddable":true,"href":"https:\/\/www.groupesclavo.fr\/it\/wp-json\/wp\/v2\/users\/4"}],"replies":[{"embeddable":true,"href":"https:\/\/www.groupesclavo.fr\/it\/wp-json\/wp\/v2\/comments?post=5523"}],"version-history":[{"count":1,"href":"https:\/\/www.groupesclavo.fr\/it\/wp-json\/wp\/v2\/posts\/5523\/revisions"}],"predecessor-version":[{"id":5524,"href":"https:\/\/www.groupesclavo.fr\/it\/wp-json\/wp\/v2\/posts\/5523\/revisions\/5524"}],"wp:featuredmedia":[{"embeddable":true,"href":"https:\/\/www.groupesclavo.fr\/it\/wp-json\/wp\/v2\/media\/5470"}],"wp:attachment":[{"href":"https:\/\/www.groupesclavo.fr\/it\/wp-json\/wp\/v2\/media?parent=5523"}],"wp:term":[{"taxonomy":"category","embeddable":true,"href":"https:\/\/www.groupesclavo.fr\/it\/wp-json\/wp\/v2\/categories?post=5523"},{"taxonomy":"post_tag","embeddable":true,"href":"https:\/\/www.groupesclavo.fr\/it\/wp-json\/wp\/v2\/tags?post=5523"}],"curies":[{"name":"wp","href":"https:\/\/api.w.org\/{rel}","templated":true}]}}