{"id":5473,"date":"2021-05-06T12:22:46","date_gmt":"2021-05-06T10:22:46","guid":{"rendered":"https:\/\/www.groupesclavo.fr\/senza-categoria\/evento-journee-recup-18-maggio-2021-a-frejus\/"},"modified":"2026-04-29T10:37:56","modified_gmt":"2026-04-29T08:37:56","slug":"evento-journee-recup-18-maggio-2021-a-frejus","status":"publish","type":"post","link":"https:\/\/www.groupesclavo.fr\/it\/tutte-le-notizie\/evento-journee-recup-18-maggio-2021-a-frejus\/","title":{"rendered":"evento &#8211; Journ\u00e9e R\u00e9cup&#8217; &#8211; 18 maggio 2021 a Fr\u00e9jus"},"content":{"rendered":"<p>[Evento &#8211; JOURNEE RECUP&#8217; ] Valdelia sta organizzando un punto di consegna temporaneo con il Gruppo Sclavo Environnement presso il PARC D ACTIVITES DU CAPITOU a Fr\u00e9jus.<\/p>\n<div dir=\"auto\">Imprese: incontriamoci il 18 maggio 2021. Contiamo su di te &#8230; <\/div>\n<div dir=\"auto\"><a class=\"oajrlxb2 g5ia77u1 qu0x051f esr5mh6w e9989ue4 r7d6kgcz rq0escxv nhd2j8a9 nc684nl6 p7hjln8o kvgmc6g5 cxmmr5t8 oygrvhab hcukyx3x jb3vyjys rz4wbd8a qt6c0cv9 a8nywdso i1ao9s8h esuyzwwr f1sip0of lzcic4wl q66pz984 gpro0wi8 b1v8xokw\" tabindex=\"0\" role=\"link\" href=\"https:\/\/www.facebook.com\/hashtag\/entreprises?__eep__=6&amp;__cft__%5B0%5D=AZVpsy_KKiAWYBuN-WAkmCqJ26OIKneWjw3As30D7LN8p3ox3cfxog6JN2hZV-zOIAMGuidmtPZ_ccPN9QXKVH2SBLdwe-3GrexzU6nq59jMOZ8LaM17t6iFJV0FmyNenX73FvuWDeVOgIIP9-216BVOKK1DXLpnI-7VqXTI8ddCTeA0v1mMZOd0iH6AvHnX8IU&amp;__tn__=*NK-R\">#Aziende<\/a> <a class=\"oajrlxb2 g5ia77u1 qu0x051f esr5mh6w e9989ue4 r7d6kgcz rq0escxv nhd2j8a9 nc684nl6 p7hjln8o kvgmc6g5 cxmmr5t8 oygrvhab hcukyx3x jb3vyjys rz4wbd8a qt6c0cv9 a8nywdso i1ao9s8h esuyzwwr f1sip0of lzcic4wl q66pz984 gpro0wi8 b1v8xokw\" tabindex=\"0\" role=\"link\" href=\"https:\/\/www.facebook.com\/hashtag\/recyclage?__eep__=6&amp;__cft__%5B0%5D=AZVpsy_KKiAWYBuN-WAkmCqJ26OIKneWjw3As30D7LN8p3ox3cfxog6JN2hZV-zOIAMGuidmtPZ_ccPN9QXKVH2SBLdwe-3GrexzU6nq59jMOZ8LaM17t6iFJV0FmyNenX73FvuWDeVOgIIP9-216BVOKK1DXLpnI-7VqXTI8ddCTeA0v1mMZOd0iH6AvHnX8IU&amp;__tn__=*NK-R\">#riciclaggio<\/a> <a class=\"oajrlxb2 g5ia77u1 qu0x051f esr5mh6w e9989ue4 r7d6kgcz rq0escxv nhd2j8a9 nc684nl6 p7hjln8o kvgmc6g5 cxmmr5t8 oygrvhab hcukyx3x jb3vyjys rz4wbd8a qt6c0cv9 a8nywdso i1ao9s8h esuyzwwr f1sip0of lzcic4wl q66pz984 gpro0wi8 b1v8xokw\" tabindex=\"0\" role=\"link\" href=\"https:\/\/www.facebook.com\/hashtag\/mobilier?__eep__=6&amp;__cft__%5B0%5D=AZVpsy_KKiAWYBuN-WAkmCqJ26OIKneWjw3As30D7LN8p3ox3cfxog6JN2hZV-zOIAMGuidmtPZ_ccPN9QXKVH2SBLdwe-3GrexzU6nq59jMOZ8LaM17t6iFJV0FmyNenX73FvuWDeVOgIIP9-216BVOKK1DXLpnI-7VqXTI8ddCTeA0v1mMZOd0iH6AvHnX8IU&amp;__tn__=*NK-R\">#Arredamento<\/a> <a class=\"oajrlxb2 g5ia77u1 qu0x051f esr5mh6w e9989ue4 r7d6kgcz rq0escxv nhd2j8a9 nc684nl6 p7hjln8o kvgmc6g5 cxmmr5t8 oygrvhab hcukyx3x jb3vyjys rz4wbd8a qt6c0cv9 a8nywdso i1ao9s8h esuyzwwr f1sip0of lzcic4wl q66pz984 gpro0wi8 b1v8xokw\" tabindex=\"0\" role=\"link\" href=\"https:\/\/www.facebook.com\/hashtag\/deee?__eep__=6&amp;__cft__%5B0%5D=AZVpsy_KKiAWYBuN-WAkmCqJ26OIKneWjw3As30D7LN8p3ox3cfxog6JN2hZV-zOIAMGuidmtPZ_ccPN9QXKVH2SBLdwe-3GrexzU6nq59jMOZ8LaM17t6iFJV0FmyNenX73FvuWDeVOgIIP9-216BVOKK1DXLpnI-7VqXTI8ddCTeA0v1mMZOd0iH6AvHnX8IU&amp;__tn__=*NK-R\">#REE<\/a> <a class=\"oajrlxb2 g5ia77u1 qu0x051f esr5mh6w e9989ue4 r7d6kgcz rq0escxv nhd2j8a9 nc684nl6 p7hjln8o kvgmc6g5 cxmmr5t8 oygrvhab hcukyx3x jb3vyjys rz4wbd8a qt6c0cv9 a8nywdso i1ao9s8h esuyzwwr f1sip0of lzcic4wl q66pz984 gpro0wi8 b1v8xokw\" tabindex=\"0\" role=\"link\" href=\"https:\/\/www.facebook.com\/hashtag\/valorisation?__eep__=6&amp;__cft__%5B0%5D=AZVpsy_KKiAWYBuN-WAkmCqJ26OIKneWjw3As30D7LN8p3ox3cfxog6JN2hZV-zOIAMGuidmtPZ_ccPN9QXKVH2SBLdwe-3GrexzU6nq59jMOZ8LaM17t6iFJV0FmyNenX73FvuWDeVOgIIP9-216BVOKK1DXLpnI-7VqXTI8ddCTeA0v1mMZOd0iH6AvHnX8IU&amp;__tn__=*NK-R\">#recupero<\/a> <a class=\"oajrlxb2 g5ia77u1 qu0x051f esr5mh6w e9989ue4 r7d6kgcz rq0escxv nhd2j8a9 nc684nl6 p7hjln8o kvgmc6g5 cxmmr5t8 oygrvhab hcukyx3x jb3vyjys rz4wbd8a qt6c0cv9 a8nywdso i1ao9s8h esuyzwwr f1sip0of lzcic4wl q66pz984 gpro0wi8 b1v8xokw\" tabindex=\"0\" role=\"link\" href=\"https:\/\/www.facebook.com\/hashtag\/reemploi?__eep__=6&amp;__cft__%5B0%5D=AZVpsy_KKiAWYBuN-WAkmCqJ26OIKneWjw3As30D7LN8p3ox3cfxog6JN2hZV-zOIAMGuidmtPZ_ccPN9QXKVH2SBLdwe-3GrexzU6nq59jMOZ8LaM17t6iFJV0FmyNenX73FvuWDeVOgIIP9-216BVOKK1DXLpnI-7VqXTI8ddCTeA0v1mMZOd0iH6AvHnX8IU&amp;__tn__=*NK-R\">#riuso<\/a> <a class=\"oajrlxb2 g5ia77u1 qu0x051f esr5mh6w e9989ue4 r7d6kgcz rq0escxv nhd2j8a9 nc684nl6 p7hjln8o kvgmc6g5 cxmmr5t8 oygrvhab hcukyx3x jb3vyjys rz4wbd8a qt6c0cv9 a8nywdso i1ao9s8h esuyzwwr f1sip0of lzcic4wl q66pz984 gpro0wi8 b1v8xokw\" tabindex=\"0\" role=\"link\" href=\"https:\/\/www.facebook.com\/hashtag\/economiecirculaire?__eep__=6&amp;__cft__%5B0%5D=AZVpsy_KKiAWYBuN-WAkmCqJ26OIKneWjw3As30D7LN8p3ox3cfxog6JN2hZV-zOIAMGuidmtPZ_ccPN9QXKVH2SBLdwe-3GrexzU6nq59jMOZ8LaM17t6iFJV0FmyNenX73FvuWDeVOgIIP9-216BVOKK1DXLpnI-7VqXTI8ddCTeA0v1mMZOd0iH6AvHnX8IU&amp;__tn__=*NK-R\">#economia del riciclo<\/a> <a class=\"oajrlxb2 g5ia77u1 qu0x051f esr5mh6w e9989ue4 r7d6kgcz rq0escxv nhd2j8a9 nc684nl6 p7hjln8o kvgmc6g5 cxmmr5t8 oygrvhab hcukyx3x jb3vyjys rz4wbd8a qt6c0cv9 a8nywdso i1ao9s8h esuyzwwr f1sip0of lzcic4wl q66pz984 gpro0wi8 b1v8xokw\" tabindex=\"0\" role=\"link\" href=\"https:\/\/www.facebook.com\/hashtag\/ressources?__eep__=6&amp;__cft__%5B0%5D=AZVpsy_KKiAWYBuN-WAkmCqJ26OIKneWjw3As30D7LN8p3ox3cfxog6JN2hZV-zOIAMGuidmtPZ_ccPN9QXKVH2SBLdwe-3GrexzU6nq59jMOZ8LaM17t6iFJV0FmyNenX73FvuWDeVOgIIP9-216BVOKK1DXLpnI-7VqXTI8ddCTeA0v1mMZOd0iH6AvHnX8IU&amp;__tn__=*NK-R\">#risorse<\/a><\/div>\n","protected":false},"excerpt":{"rendered":"<p>[Evento &#8211; JOURNEE RECUP&#8217; ] Valdelia sta organizzando un punto di consegna temporaneo con il Gruppo Sclavo Environnement presso il PARC D ACTIVITES DU CAPITOU a Fr\u00e9jus. Imprese: incontriamoci [&hellip;]<\/p>\n","protected":false},"author":4,"featured_media":5474,"comment_status":"closed","ping_status":"closed","sticky":false,"template":"","format":"standard","meta":{"inline_featured_image":false,"footnotes":""},"categories":[91,80],"tags":[],"class_list":["post-5473","post","type-post","status-publish","format-standard","has-post-thumbnail","hentry","category-eventi","category-tutte-le-notizie"],"yoast_head":"<!-- This site is optimized with the Yoast SEO plugin v27.4 - https:\/\/yoast.com\/product\/yoast-seo-wordpress\/ -->\n<title>evento - Journ\u00e9e R\u00e9cup&#039; - 18 maggio 2021 a Fr\u00e9jus - Sclavo<\/title>\n<meta name=\"robots\" content=\"index, follow, max-snippet:-1, max-image-preview:large, max-video-preview:-1\" \/>\n<link rel=\"canonical\" href=\"https:\/\/www.groupesclavo.fr\/it\/tutte-le-notizie\/evento-journee-recup-18-maggio-2021-a-frejus\/\" \/>\n<meta property=\"og:locale\" content=\"it_IT\" \/>\n<meta property=\"og:type\" content=\"article\" \/>\n<meta property=\"og:title\" content=\"evento - Journ\u00e9e R\u00e9cup&#039; - 18 maggio 2021 a Fr\u00e9jus - Sclavo\" \/>\n<meta property=\"og:description\" content=\"[Evento &#8211; JOURNEE RECUP&#8217; ] Valdelia sta organizzando un punto di consegna temporaneo con il Gruppo Sclavo Environnement presso il PARC D ACTIVITES DU CAPITOU a Fr\u00e9jus. Imprese: incontriamoci [&hellip;]\" \/>\n<meta property=\"og:url\" content=\"https:\/\/www.groupesclavo.fr\/it\/tutte-le-notizie\/evento-journee-recup-18-maggio-2021-a-frejus\/\" \/>\n<meta property=\"og:site_name\" content=\"Sclavo\" \/>\n<meta property=\"article:published_time\" content=\"2021-05-06T10:22:46+00:00\" \/>\n<meta property=\"article:modified_time\" content=\"2026-04-29T08:37:56+00:00\" \/>\n<meta property=\"og:image\" content=\"https:\/\/www.groupesclavo.fr\/wp-content\/uploads\/2021\/05\/imgi_14_journee-recup-valdelia-capitou-frejus-731x1024-1.jpg\" \/>\n\t<meta property=\"og:image:width\" content=\"731\" \/>\n\t<meta property=\"og:image:height\" content=\"1024\" \/>\n\t<meta property=\"og:image:type\" content=\"image\/jpeg\" \/>\n<meta name=\"author\" content=\"net-concept\" \/>\n<meta name=\"twitter:card\" content=\"summary_large_image\" \/>\n<meta name=\"twitter:label1\" content=\"Written by\" \/>\n\t<meta name=\"twitter:data1\" content=\"net-concept\" \/>\n<script type=\"application\/ld+json\" class=\"yoast-schema-graph\">{\"@context\":\"https:\\\/\\\/schema.org\",\"@graph\":[{\"@type\":\"Article\",\"@id\":\"https:\\\/\\\/www.groupesclavo.fr\\\/it\\\/tutte-le-notizie\\\/evento-journee-recup-18-maggio-2021-a-frejus\\\/#article\",\"isPartOf\":{\"@id\":\"https:\\\/\\\/www.groupesclavo.fr\\\/it\\\/tutte-le-notizie\\\/evento-journee-recup-18-maggio-2021-a-frejus\\\/\"},\"author\":{\"name\":\"net-concept\",\"@id\":\"https:\\\/\\\/www.groupesclavo.fr\\\/it\\\/#\\\/schema\\\/person\\\/cce451e392f3726778682f885b5f85d6\"},\"headline\":\"evento &#8211; Journ\u00e9e R\u00e9cup&#8217; &#8211; 18 maggio 2021 a Fr\u00e9jus\",\"datePublished\":\"2021-05-06T10:22:46+00:00\",\"dateModified\":\"2026-04-29T08:37:56+00:00\",\"mainEntityOfPage\":{\"@id\":\"https:\\\/\\\/www.groupesclavo.fr\\\/it\\\/tutte-le-notizie\\\/evento-journee-recup-18-maggio-2021-a-frejus\\\/\"},\"wordCount\":56,\"publisher\":{\"@id\":\"https:\\\/\\\/www.groupesclavo.fr\\\/it\\\/#organization\"},\"image\":{\"@id\":\"https:\\\/\\\/www.groupesclavo.fr\\\/it\\\/tutte-le-notizie\\\/evento-journee-recup-18-maggio-2021-a-frejus\\\/#primaryimage\"},\"thumbnailUrl\":\"https:\\\/\\\/www.groupesclavo.fr\\\/wp-content\\\/uploads\\\/2021\\\/05\\\/imgi_14_journee-recup-valdelia-capitou-frejus-731x1024-1.jpg\",\"articleSection\":[\"Eventi\",\"Tutte le notizie\"],\"inLanguage\":\"it-IT\"},{\"@type\":\"WebPage\",\"@id\":\"https:\\\/\\\/www.groupesclavo.fr\\\/it\\\/tutte-le-notizie\\\/evento-journee-recup-18-maggio-2021-a-frejus\\\/\",\"url\":\"https:\\\/\\\/www.groupesclavo.fr\\\/it\\\/tutte-le-notizie\\\/evento-journee-recup-18-maggio-2021-a-frejus\\\/\",\"name\":\"evento - Journ\u00e9e R\u00e9cup' - 18 maggio 2021 a Fr\u00e9jus - Sclavo\",\"isPartOf\":{\"@id\":\"https:\\\/\\\/www.groupesclavo.fr\\\/it\\\/#website\"},\"primaryImageOfPage\":{\"@id\":\"https:\\\/\\\/www.groupesclavo.fr\\\/it\\\/tutte-le-notizie\\\/evento-journee-recup-18-maggio-2021-a-frejus\\\/#primaryimage\"},\"image\":{\"@id\":\"https:\\\/\\\/www.groupesclavo.fr\\\/it\\\/tutte-le-notizie\\\/evento-journee-recup-18-maggio-2021-a-frejus\\\/#primaryimage\"},\"thumbnailUrl\":\"https:\\\/\\\/www.groupesclavo.fr\\\/wp-content\\\/uploads\\\/2021\\\/05\\\/imgi_14_journee-recup-valdelia-capitou-frejus-731x1024-1.jpg\",\"datePublished\":\"2021-05-06T10:22:46+00:00\",\"dateModified\":\"2026-04-29T08:37:56+00:00\",\"breadcrumb\":{\"@id\":\"https:\\\/\\\/www.groupesclavo.fr\\\/it\\\/tutte-le-notizie\\\/evento-journee-recup-18-maggio-2021-a-frejus\\\/#breadcrumb\"},\"inLanguage\":\"it-IT\",\"potentialAction\":[{\"@type\":\"ReadAction\",\"target\":[\"https:\\\/\\\/www.groupesclavo.fr\\\/it\\\/tutte-le-notizie\\\/evento-journee-recup-18-maggio-2021-a-frejus\\\/\"]}]},{\"@type\":\"ImageObject\",\"inLanguage\":\"it-IT\",\"@id\":\"https:\\\/\\\/www.groupesclavo.fr\\\/it\\\/tutte-le-notizie\\\/evento-journee-recup-18-maggio-2021-a-frejus\\\/#primaryimage\",\"url\":\"https:\\\/\\\/www.groupesclavo.fr\\\/wp-content\\\/uploads\\\/2021\\\/05\\\/imgi_14_journee-recup-valdelia-capitou-frejus-731x1024-1.jpg\",\"contentUrl\":\"https:\\\/\\\/www.groupesclavo.fr\\\/wp-content\\\/uploads\\\/2021\\\/05\\\/imgi_14_journee-recup-valdelia-capitou-frejus-731x1024-1.jpg\",\"width\":731,\"height\":1024},{\"@type\":\"BreadcrumbList\",\"@id\":\"https:\\\/\\\/www.groupesclavo.fr\\\/it\\\/tutte-le-notizie\\\/evento-journee-recup-18-maggio-2021-a-frejus\\\/#breadcrumb\",\"itemListElement\":[{\"@type\":\"ListItem\",\"position\":1,\"name\":\"Accueil\",\"item\":\"https:\\\/\\\/www.groupesclavo.fr\\\/it\\\/?page_id=5537\"},{\"@type\":\"ListItem\",\"position\":2,\"name\":\"evento &#8211; Journ\u00e9e R\u00e9cup&rsquo; &#8211; 18 maggio 2021 a Fr\u00e9jus\"}]},{\"@type\":\"WebSite\",\"@id\":\"https:\\\/\\\/www.groupesclavo.fr\\\/it\\\/#website\",\"url\":\"https:\\\/\\\/www.groupesclavo.fr\\\/it\\\/\",\"name\":\"Sclavo\",\"description\":\"\",\"publisher\":{\"@id\":\"https:\\\/\\\/www.groupesclavo.fr\\\/it\\\/#organization\"},\"potentialAction\":[{\"@type\":\"SearchAction\",\"target\":{\"@type\":\"EntryPoint\",\"urlTemplate\":\"https:\\\/\\\/www.groupesclavo.fr\\\/it\\\/?s={search_term_string}\"},\"query-input\":{\"@type\":\"PropertyValueSpecification\",\"valueRequired\":true,\"valueName\":\"search_term_string\"}}],\"inLanguage\":\"it-IT\"},{\"@type\":\"Organization\",\"@id\":\"https:\\\/\\\/www.groupesclavo.fr\\\/it\\\/#organization\",\"name\":\"Sclavo\",\"url\":\"https:\\\/\\\/www.groupesclavo.fr\\\/it\\\/\",\"logo\":{\"@type\":\"ImageObject\",\"inLanguage\":\"it-IT\",\"@id\":\"https:\\\/\\\/www.groupesclavo.fr\\\/it\\\/#\\\/schema\\\/logo\\\/image\\\/\",\"url\":\"https:\\\/\\\/www.groupesclavo.fr\\\/wp-content\\\/uploads\\\/2024\\\/11\\\/logo-1.svg\",\"contentUrl\":\"https:\\\/\\\/www.groupesclavo.fr\\\/wp-content\\\/uploads\\\/2024\\\/11\\\/logo-1.svg\",\"width\":191,\"height\":57,\"caption\":\"Sclavo\"},\"image\":{\"@id\":\"https:\\\/\\\/www.groupesclavo.fr\\\/it\\\/#\\\/schema\\\/logo\\\/image\\\/\"}},{\"@type\":\"Person\",\"@id\":\"https:\\\/\\\/www.groupesclavo.fr\\\/it\\\/#\\\/schema\\\/person\\\/cce451e392f3726778682f885b5f85d6\",\"name\":\"net-concept\",\"image\":{\"@type\":\"ImageObject\",\"inLanguage\":\"it-IT\",\"@id\":\"https:\\\/\\\/secure.gravatar.com\\\/avatar\\\/8406d47cf424cb6f1c7c9a655e87e793c9a1a5eccdf20a2bca376c84dc550590?s=96&d=mm&r=g\",\"url\":\"https:\\\/\\\/secure.gravatar.com\\\/avatar\\\/8406d47cf424cb6f1c7c9a655e87e793c9a1a5eccdf20a2bca376c84dc550590?s=96&d=mm&r=g\",\"contentUrl\":\"https:\\\/\\\/secure.gravatar.com\\\/avatar\\\/8406d47cf424cb6f1c7c9a655e87e793c9a1a5eccdf20a2bca376c84dc550590?s=96&d=mm&r=g\",\"caption\":\"net-concept\"}}]}<\/script>\n<!-- \/ Yoast SEO plugin. -->","yoast_head_json":{"title":"evento - Journ\u00e9e R\u00e9cup' - 18 maggio 2021 a Fr\u00e9jus - Sclavo","robots":{"index":"index","follow":"follow","max-snippet":"max-snippet:-1","max-image-preview":"max-image-preview:large","max-video-preview":"max-video-preview:-1"},"canonical":"https:\/\/www.groupesclavo.fr\/it\/tutte-le-notizie\/evento-journee-recup-18-maggio-2021-a-frejus\/","og_locale":"it_IT","og_type":"article","og_title":"evento - Journ\u00e9e R\u00e9cup' - 18 maggio 2021 a Fr\u00e9jus - Sclavo","og_description":"[Evento &#8211; JOURNEE RECUP&#8217; ] Valdelia sta organizzando un punto di consegna temporaneo con il Gruppo Sclavo Environnement presso il PARC D ACTIVITES DU CAPITOU a Fr\u00e9jus. Imprese: incontriamoci [&hellip;]","og_url":"https:\/\/www.groupesclavo.fr\/it\/tutte-le-notizie\/evento-journee-recup-18-maggio-2021-a-frejus\/","og_site_name":"Sclavo","article_published_time":"2021-05-06T10:22:46+00:00","article_modified_time":"2026-04-29T08:37:56+00:00","og_image":[{"width":731,"height":1024,"url":"https:\/\/www.groupesclavo.fr\/wp-content\/uploads\/2021\/05\/imgi_14_journee-recup-valdelia-capitou-frejus-731x1024-1.jpg","type":"image\/jpeg"}],"author":"net-concept","twitter_card":"summary_large_image","twitter_misc":{"Written by":"net-concept"},"schema":{"@context":"https:\/\/schema.org","@graph":[{"@type":"Article","@id":"https:\/\/www.groupesclavo.fr\/it\/tutte-le-notizie\/evento-journee-recup-18-maggio-2021-a-frejus\/#article","isPartOf":{"@id":"https:\/\/www.groupesclavo.fr\/it\/tutte-le-notizie\/evento-journee-recup-18-maggio-2021-a-frejus\/"},"author":{"name":"net-concept","@id":"https:\/\/www.groupesclavo.fr\/it\/#\/schema\/person\/cce451e392f3726778682f885b5f85d6"},"headline":"evento &#8211; Journ\u00e9e R\u00e9cup&#8217; &#8211; 18 maggio 2021 a Fr\u00e9jus","datePublished":"2021-05-06T10:22:46+00:00","dateModified":"2026-04-29T08:37:56+00:00","mainEntityOfPage":{"@id":"https:\/\/www.groupesclavo.fr\/it\/tutte-le-notizie\/evento-journee-recup-18-maggio-2021-a-frejus\/"},"wordCount":56,"publisher":{"@id":"https:\/\/www.groupesclavo.fr\/it\/#organization"},"image":{"@id":"https:\/\/www.groupesclavo.fr\/it\/tutte-le-notizie\/evento-journee-recup-18-maggio-2021-a-frejus\/#primaryimage"},"thumbnailUrl":"https:\/\/www.groupesclavo.fr\/wp-content\/uploads\/2021\/05\/imgi_14_journee-recup-valdelia-capitou-frejus-731x1024-1.jpg","articleSection":["Eventi","Tutte le notizie"],"inLanguage":"it-IT"},{"@type":"WebPage","@id":"https:\/\/www.groupesclavo.fr\/it\/tutte-le-notizie\/evento-journee-recup-18-maggio-2021-a-frejus\/","url":"https:\/\/www.groupesclavo.fr\/it\/tutte-le-notizie\/evento-journee-recup-18-maggio-2021-a-frejus\/","name":"evento - Journ\u00e9e R\u00e9cup' - 18 maggio 2021 a Fr\u00e9jus - Sclavo","isPartOf":{"@id":"https:\/\/www.groupesclavo.fr\/it\/#website"},"primaryImageOfPage":{"@id":"https:\/\/www.groupesclavo.fr\/it\/tutte-le-notizie\/evento-journee-recup-18-maggio-2021-a-frejus\/#primaryimage"},"image":{"@id":"https:\/\/www.groupesclavo.fr\/it\/tutte-le-notizie\/evento-journee-recup-18-maggio-2021-a-frejus\/#primaryimage"},"thumbnailUrl":"https:\/\/www.groupesclavo.fr\/wp-content\/uploads\/2021\/05\/imgi_14_journee-recup-valdelia-capitou-frejus-731x1024-1.jpg","datePublished":"2021-05-06T10:22:46+00:00","dateModified":"2026-04-29T08:37:56+00:00","breadcrumb":{"@id":"https:\/\/www.groupesclavo.fr\/it\/tutte-le-notizie\/evento-journee-recup-18-maggio-2021-a-frejus\/#breadcrumb"},"inLanguage":"it-IT","potentialAction":[{"@type":"ReadAction","target":["https:\/\/www.groupesclavo.fr\/it\/tutte-le-notizie\/evento-journee-recup-18-maggio-2021-a-frejus\/"]}]},{"@type":"ImageObject","inLanguage":"it-IT","@id":"https:\/\/www.groupesclavo.fr\/it\/tutte-le-notizie\/evento-journee-recup-18-maggio-2021-a-frejus\/#primaryimage","url":"https:\/\/www.groupesclavo.fr\/wp-content\/uploads\/2021\/05\/imgi_14_journee-recup-valdelia-capitou-frejus-731x1024-1.jpg","contentUrl":"https:\/\/www.groupesclavo.fr\/wp-content\/uploads\/2021\/05\/imgi_14_journee-recup-valdelia-capitou-frejus-731x1024-1.jpg","width":731,"height":1024},{"@type":"BreadcrumbList","@id":"https:\/\/www.groupesclavo.fr\/it\/tutte-le-notizie\/evento-journee-recup-18-maggio-2021-a-frejus\/#breadcrumb","itemListElement":[{"@type":"ListItem","position":1,"name":"Accueil","item":"https:\/\/www.groupesclavo.fr\/it\/?page_id=5537"},{"@type":"ListItem","position":2,"name":"evento &#8211; Journ\u00e9e R\u00e9cup&rsquo; &#8211; 18 maggio 2021 a Fr\u00e9jus"}]},{"@type":"WebSite","@id":"https:\/\/www.groupesclavo.fr\/it\/#website","url":"https:\/\/www.groupesclavo.fr\/it\/","name":"Sclavo","description":"","publisher":{"@id":"https:\/\/www.groupesclavo.fr\/it\/#organization"},"potentialAction":[{"@type":"SearchAction","target":{"@type":"EntryPoint","urlTemplate":"https:\/\/www.groupesclavo.fr\/it\/?s={search_term_string}"},"query-input":{"@type":"PropertyValueSpecification","valueRequired":true,"valueName":"search_term_string"}}],"inLanguage":"it-IT"},{"@type":"Organization","@id":"https:\/\/www.groupesclavo.fr\/it\/#organization","name":"Sclavo","url":"https:\/\/www.groupesclavo.fr\/it\/","logo":{"@type":"ImageObject","inLanguage":"it-IT","@id":"https:\/\/www.groupesclavo.fr\/it\/#\/schema\/logo\/image\/","url":"https:\/\/www.groupesclavo.fr\/wp-content\/uploads\/2024\/11\/logo-1.svg","contentUrl":"https:\/\/www.groupesclavo.fr\/wp-content\/uploads\/2024\/11\/logo-1.svg","width":191,"height":57,"caption":"Sclavo"},"image":{"@id":"https:\/\/www.groupesclavo.fr\/it\/#\/schema\/logo\/image\/"}},{"@type":"Person","@id":"https:\/\/www.groupesclavo.fr\/it\/#\/schema\/person\/cce451e392f3726778682f885b5f85d6","name":"net-concept","image":{"@type":"ImageObject","inLanguage":"it-IT","@id":"https:\/\/secure.gravatar.com\/avatar\/8406d47cf424cb6f1c7c9a655e87e793c9a1a5eccdf20a2bca376c84dc550590?s=96&d=mm&r=g","url":"https:\/\/secure.gravatar.com\/avatar\/8406d47cf424cb6f1c7c9a655e87e793c9a1a5eccdf20a2bca376c84dc550590?s=96&d=mm&r=g","contentUrl":"https:\/\/secure.gravatar.com\/avatar\/8406d47cf424cb6f1c7c9a655e87e793c9a1a5eccdf20a2bca376c84dc550590?s=96&d=mm&r=g","caption":"net-concept"}}]}},"_links":{"self":[{"href":"https:\/\/www.groupesclavo.fr\/it\/wp-json\/wp\/v2\/posts\/5473","targetHints":{"allow":["GET"]}}],"collection":[{"href":"https:\/\/www.groupesclavo.fr\/it\/wp-json\/wp\/v2\/posts"}],"about":[{"href":"https:\/\/www.groupesclavo.fr\/it\/wp-json\/wp\/v2\/types\/post"}],"author":[{"embeddable":true,"href":"https:\/\/www.groupesclavo.fr\/it\/wp-json\/wp\/v2\/users\/4"}],"replies":[{"embeddable":true,"href":"https:\/\/www.groupesclavo.fr\/it\/wp-json\/wp\/v2\/comments?post=5473"}],"version-history":[{"count":1,"href":"https:\/\/www.groupesclavo.fr\/it\/wp-json\/wp\/v2\/posts\/5473\/revisions"}],"predecessor-version":[{"id":5475,"href":"https:\/\/www.groupesclavo.fr\/it\/wp-json\/wp\/v2\/posts\/5473\/revisions\/5475"}],"wp:featuredmedia":[{"embeddable":true,"href":"https:\/\/www.groupesclavo.fr\/it\/wp-json\/wp\/v2\/media\/5474"}],"wp:attachment":[{"href":"https:\/\/www.groupesclavo.fr\/it\/wp-json\/wp\/v2\/media?parent=5473"}],"wp:term":[{"taxonomy":"category","embeddable":true,"href":"https:\/\/www.groupesclavo.fr\/it\/wp-json\/wp\/v2\/categories?post=5473"},{"taxonomy":"post_tag","embeddable":true,"href":"https:\/\/www.groupesclavo.fr\/it\/wp-json\/wp\/v2\/tags?post=5473"}],"curies":[{"name":"wp","href":"https:\/\/api.w.org\/{rel}","templated":true}]}}