{"id":5468,"date":"2020-03-20T12:21:13","date_gmt":"2020-03-20T11:21:13","guid":{"rendered":"https:\/\/www.groupesclavo.fr\/senza-categoria\/comunicato-stampa-sclavo-environnement-si-adatta-a-covid-19\/"},"modified":"2026-04-29T10:37:55","modified_gmt":"2026-04-29T08:37:55","slug":"comunicato-stampa-sclavo-environnement-si-adatta-a-covid-19","status":"publish","type":"post","link":"https:\/\/www.groupesclavo.fr\/it\/tutte-le-notizie\/comunicato-stampa-sclavo-environnement-si-adatta-a-covid-19\/","title":{"rendered":"Comunicato stampa &#8211; Sclavo environnement si adatta a COVID-19!"},"content":{"rendered":"<p><span class=\"_5mfr\"><span class=\"_6qdm\">Aggiornamento 14.04.2020 ?<\/span><\/span><span class=\"_5mfr\"><span class=\"_6qdm\">\u26a0\ufe0f<\/span><\/span> <strong>Comunicato stampa &#8211; Coronavirus Covid 19.<\/strong><\/p>\n<p><em><strong>Sclavo environnement si adatta a COVID-19!<\/strong><\/em><\/p>\n<p><em><strong>Tutti i nostri siti e servizi forniscono un servizio minimo.<\/strong><\/em><\/p>\n<p>Signore e signori,<\/p>\n<p>Di fronte a questa eccezionale crisi sanitaria, Sclavo environnement e tutti i suoi dipendenti si sono mobilitati e hanno messo in atto il loro piano di continuit\u00e0 del servizio dal 16 marzo 2020.<\/p>\n<p>In un momento in cui la Francia e il resto del mondo stanno attraversando una delle pi\u00f9 gravi crisi sanitarie della storia, il lavoro dei team del Gruppo Sclavo Environnement rimane essenziale.<\/p>\n<p>In tutta la Costa Azzurra, i nostri dipendenti lavorano duramente per garantire la continuit\u00e0 dei nostri servizi di raccolta, trasporto, selezione e recupero dei rifiuti, essenziali per i nostri partner pubblici e privati.<\/p>\n<p>Tutti i nostri siti e servizi rimarranno quindi aperti e operativi, con personale ridotto e orari di lavoro adattati:<\/p>\n<p>&nbsp;<\/p>\n<p><strong>Centri di raccolta rifiuti professionali<\/strong>:<\/p>\n<p>\u2460 <strong>Fr\u00e9jus (83 600, Var):<\/strong><br \/>dal luned\u00ec al venerd\u00ec: <strong>7am &#8211; 12pm \/ 1pm &#8211; 4pm<\/strong><br \/>Indirizzo: Eco-P\u00f4le recyclage DND &#8211; ZAC du P\u00f4le BTP &#8211; 150 all\u00e9e Eug\u00e8ne Freyssinet &#8211; 83 600 Fr\u00e9jus<br \/>Contatto: <strong>04 98 12 00 30<\/strong><\/p>\n<p>\u2461 <strong>La Roquette Sur Siagne (06 550, Alpes Maritimes):<\/strong><br \/>dal luned\u00ec al venerd\u00ec: <strong>8.00 &#8211; 12.00 \/ 13.30 &#8211; 18.00<\/strong><br \/>Indirizzo: Eco-Relais La Roquette &#8211; P.A. de la Siagne &#8211; 1010 chemin de la Levade &#8211; 06 550 La Roquette Sur Siagne<br \/>Contatto: <strong>04 93 93 86 71<\/strong><\/p>\n<p>&nbsp;<\/p>\n<p><strong>Siti di ferro e metalli<\/strong>:<\/p>\n<p>\u2460 <strong>Fr\u00e9jus (83 600, Var):<\/strong><br \/>Dal luned\u00ec al venerd\u00ec: <strong>8.00-12.00 \/ 13.30-17.00<\/strong><br \/>Indirizzo: Eco-P\u00f4le recyclage Fers &amp; M\u00e9taux &#8211; ZI du Capitou &#8211; 85 avenue Louis L\u00e9pine &#8211; 83 600 Fr\u00e9jus<br \/>Contatto: <strong>04 94 40 86 51<\/strong><\/p>\n<p>\u2461 <strong>La Roquette Sur Siagne (06 550, Alpes Maritimes):<\/strong><br \/>dal luned\u00ec al venerd\u00ec: <strong>8.00 &#8211; 12.00 \/ 13.30 &#8211; 18.00<\/strong><br \/>Indirizzo: Eco-Relais La Roquette &#8211; P.A. de la Siagne &#8211; 1010 chemin de la Levade &#8211; 06 550 La Roquette Sur Siagne<br \/>Contatto: <strong>04 93 93 86 71<\/strong><\/p>\n<p>\u2462 <strong>Saint Laurent du Var (06 700, Alpi Marittime) :<\/strong><br \/>Dal luned\u00ec al venerd\u00ec: <strong>8.00 &#8211; 12.00 \/ 14.00 &#8211; 17.00<\/strong><br \/>Indirizzo: ZI SECTEUR C7 &#8211; 30 rue Claude Bernard &#8211; 06 700 Saint Laurent Du Var<\/p>\n<p>Contatto: <strong>04 92 27 08 57<\/strong><\/p>\n<p>&nbsp;<\/p>\n<p><strong>Sito di rifiuti pericolosi<\/strong>:<\/p>\n<p>\u2460 <strong>Fr\u00e9jus (83 600, Var):<\/strong><br \/>Dal luned\u00ec al venerd\u00ec: <strong>8.00 &#8211; 12.00 \/ 13.00 &#8211; 16.00<\/strong><br \/>Indirizzo: Eco-P\u00f4le recyclage D\u00e9chets Dangereux &#8211; ZI du Capitou &#8211; 126 avenue Louis L\u00e9pine &#8211; 83 600 Fr\u00e9jus<br \/>Contatto: <strong>04 94 44 88 94<\/strong><\/p>\n<p><strong>Reparto raccolta e logistica 06 &amp; 83<\/strong>:<\/p>\n<p>Raccolta di rifiuti pericolosi e non pericolosi, nonch\u00e9 di ferro e metalli, negli 06 e 83 dipartimenti. I tempi di risposta variano tra le 24 e le 72 ore. In caso di emergenza assoluta, possiamo intervenire rapidamente.<br \/>Contatto:<strong> 04 98 13 19 02<\/strong><\/p>\n<p><strong>Servizi amministrativi<\/strong>:<\/p>\n<p>I servizi amministrativi possono essere contattati al numero unico:<br \/><strong>04 97 12 02 02<\/strong><\/p>\n<p><strong>Reparto vendite<\/strong>:<\/p>\n<p>L&#8217;ufficio vendite pu\u00f2 essere contattato anche all&#8217;indirizzo e-mail <strong>commercial@groupesclavo.fr<\/strong>.<\/p>\n<p><em><strong>clicca sulle immagini per vedere le istruzioni implementate all&#8217;interno del Gruppo SCLAVO Environnement:<\/strong><\/em><\/p>\n<p>Adattiamo quotidianamente la nostra organizzazione e prestiamo estrema attenzione all&#8217;implementazione di barriere e al rispetto di misure che garantiscono la protezione di tutti i nostri dipendenti e partner.<\/p>\n<p>Desideriamo ringraziare tutti i nostri dipendenti per aver garantito la continuit\u00e0 delle nostre attivit\u00e0, con rigore e professionalit\u00e0, nonostante questo contesto senza precedenti.<\/p>\n<p>Vorremmo anche rendere un caloroso omaggio a tutti i professionisti dell&#8217;assistenza sanitaria e sociale, che lavorano instancabilmente per conto di tutti noi.<br \/>Non dobbiamo nemmeno dimenticare tutte le persone che tengono in piedi il Paese: i dipendenti dei settori della vendita al dettaglio, dei trasporti e della logistica, le forze dell&#8217;ordine, i servizi di emergenza, ecc.<br \/>Cos\u00ec come coloro che lavorano nei settori dell&#8217;acqua, dell&#8217;energia e della gestione dei rifiuti.<\/p>\n<p>Ti terremo informato su qualsiasi sviluppo attraverso il nostro sito web<a href=\"https:\/\/l.facebook.com\/l.php?u=http%3A%2F%2Fgroupesclavo.fr%2F%3Ffbclid%3DIwAR3_kFNk3pw7z1NfIoBlaGkRht4yhrMc6siYNEvALNmfD_5FrG20o2jHPq4&amp;h=AT0nFQDE1Cu9Iukb88e3bkXYK3iiFYQjH0IIFdPBVzT4bXtksNNEp3RForBvUYBJYYsbqzTBtHZMzIZmRgScll_J5Ncpff9eF9EmaGxxkgD39Kg_1ADoFwGFvGoeekTRzQ0UZbi4AWNENESO_Q-6B9NQrfPAw71bpQ3igXaD37VlRJXJxcCWghzu6L1cZJWqs3rXd0UkOQUKI6Dfn34T3cxUiOONYNONVqaReQwiwRbN5yjAkTKRZTAAU4LxTVJHddAhF8PrM3RaQJ8BvGxSQTmdg7EBDUB0ksUe8FAuinfnXPHIRIlL30GZ20ciMALiNe9fmHYhqvsX7ri1Gy4ylIrPMKLPhJ05qgDUt-53KnhcCFIK5IbMKXnPHvQvf5ADdNySMfhIHgk5LPDppJsilcxM0cOsAiLSRA8tkNc-mhOO19LkLZn7ChpRnU5VNXI7BpRdYdyZkfHJqeQEuL0V_QMaif8ilIwOWoKFfX57PxPs_jV59qiCTUO13WfRPnaXnyHuXVunTSdJuadW2fyE1ulEPa0xtfaEoXHA0yseA9yeTj2nsu9bEGFXqQpOAFREAgIJn34HHi-hurfl_lqo3uejqDO_npzl-KgnEROHo3So9hu-Zws_DWYn-UZyhJ9xaE2x8g\" target=\"_blank\" rel=\"noopener nofollow noreferrer\" data-ft=\"{\"tn\":\"-U\"}\" data-lynx-mode=\"async\">(www.groupesclavo.fr)<\/a> e i nostri social network (Facebook \/ LinkedIn). Puoi contattarci in qualsiasi momento al numero 04 97 12 02 02.<\/p>\n<p>Prenditi cura di te stesso e del tuo prossimo e rincuora tutti.<\/p>\n<p><strong>NOTA BENE: la nostra organizzazione \u00e8 soggetta a modifiche in qualsiasi momento, a seconda delle normative e delle restrizioni governative.<\/strong><\/p>\n<p>Gestione.<\/p>\n","protected":false},"excerpt":{"rendered":"<p>Aggiornamento 14.04.2020 ?\u26a0\ufe0f Comunicato stampa &#8211; Coronavirus Covid 19. Sclavo environnement si adatta a COVID-19! Tutti i nostri siti e servizi forniscono un servizio minimo. Signore e signori, Di [&hellip;]<\/p>\n","protected":false},"author":4,"featured_media":5470,"comment_status":"closed","ping_status":"closed","sticky":false,"template":"","format":"standard","meta":{"inline_featured_image":false,"footnotes":""},"categories":[94,80],"tags":[],"class_list":["post-5468","post","type-post","status-publish","format-standard","has-post-thumbnail","hentry","category-covid19","category-tutte-le-notizie"],"yoast_head":"<!-- This site is optimized with the Yoast SEO plugin v27.4 - https:\/\/yoast.com\/product\/yoast-seo-wordpress\/ -->\n<title>Comunicato stampa - Sclavo environnement si adatta a COVID-19! - Sclavo<\/title>\n<meta name=\"robots\" content=\"index, follow, max-snippet:-1, max-image-preview:large, max-video-preview:-1\" \/>\n<link rel=\"canonical\" href=\"https:\/\/www.groupesclavo.fr\/it\/tutte-le-notizie\/comunicato-stampa-sclavo-environnement-si-adatta-a-covid-19\/\" \/>\n<meta property=\"og:locale\" content=\"it_IT\" \/>\n<meta property=\"og:type\" content=\"article\" \/>\n<meta property=\"og:title\" content=\"Comunicato stampa - Sclavo environnement si adatta a COVID-19! - Sclavo\" \/>\n<meta property=\"og:description\" content=\"Aggiornamento 14.04.2020 ?\u26a0\ufe0f Comunicato stampa &#8211; Coronavirus Covid 19. Sclavo environnement si adatta a COVID-19! Tutti i nostri siti e servizi forniscono un servizio minimo. Signore e signori, Di [&hellip;]\" \/>\n<meta property=\"og:url\" content=\"https:\/\/www.groupesclavo.fr\/it\/tutte-le-notizie\/comunicato-stampa-sclavo-environnement-si-adatta-a-covid-19\/\" \/>\n<meta property=\"og:site_name\" content=\"Sclavo\" \/>\n<meta property=\"article:published_time\" content=\"2020-03-20T11:21:13+00:00\" \/>\n<meta property=\"article:modified_time\" content=\"2026-04-29T08:37:55+00:00\" \/>\n<meta property=\"og:image\" content=\"https:\/\/www.groupesclavo.fr\/wp-content\/uploads\/2025\/06\/Unknown.png\" \/>\n\t<meta property=\"og:image:width\" content=\"225\" \/>\n\t<meta property=\"og:image:height\" content=\"225\" \/>\n\t<meta property=\"og:image:type\" content=\"image\/png\" \/>\n<meta name=\"author\" content=\"net-concept\" \/>\n<meta name=\"twitter:card\" content=\"summary_large_image\" \/>\n<meta name=\"twitter:label1\" content=\"Written by\" \/>\n\t<meta name=\"twitter:data1\" content=\"net-concept\" \/>\n\t<meta name=\"twitter:label2\" content=\"Est. reading time\" \/>\n\t<meta name=\"twitter:data2\" content=\"3 minutes\" \/>\n<script type=\"application\/ld+json\" class=\"yoast-schema-graph\">{\"@context\":\"https:\\\/\\\/schema.org\",\"@graph\":[{\"@type\":\"Article\",\"@id\":\"https:\\\/\\\/www.groupesclavo.fr\\\/it\\\/tutte-le-notizie\\\/comunicato-stampa-sclavo-environnement-si-adatta-a-covid-19\\\/#article\",\"isPartOf\":{\"@id\":\"https:\\\/\\\/www.groupesclavo.fr\\\/it\\\/tutte-le-notizie\\\/comunicato-stampa-sclavo-environnement-si-adatta-a-covid-19\\\/\"},\"author\":{\"name\":\"net-concept\",\"@id\":\"https:\\\/\\\/www.groupesclavo.fr\\\/it\\\/#\\\/schema\\\/person\\\/cce451e392f3726778682f885b5f85d6\"},\"headline\":\"Comunicato stampa &#8211; Sclavo environnement si adatta a COVID-19!\",\"datePublished\":\"2020-03-20T11:21:13+00:00\",\"dateModified\":\"2026-04-29T08:37:55+00:00\",\"mainEntityOfPage\":{\"@id\":\"https:\\\/\\\/www.groupesclavo.fr\\\/it\\\/tutte-le-notizie\\\/comunicato-stampa-sclavo-environnement-si-adatta-a-covid-19\\\/\"},\"wordCount\":611,\"publisher\":{\"@id\":\"https:\\\/\\\/www.groupesclavo.fr\\\/it\\\/#organization\"},\"image\":{\"@id\":\"https:\\\/\\\/www.groupesclavo.fr\\\/it\\\/tutte-le-notizie\\\/comunicato-stampa-sclavo-environnement-si-adatta-a-covid-19\\\/#primaryimage\"},\"thumbnailUrl\":\"https:\\\/\\\/www.groupesclavo.fr\\\/wp-content\\\/uploads\\\/2025\\\/06\\\/Unknown.png\",\"articleSection\":[\"COVID19\",\"Tutte le notizie\"],\"inLanguage\":\"it-IT\"},{\"@type\":\"WebPage\",\"@id\":\"https:\\\/\\\/www.groupesclavo.fr\\\/it\\\/tutte-le-notizie\\\/comunicato-stampa-sclavo-environnement-si-adatta-a-covid-19\\\/\",\"url\":\"https:\\\/\\\/www.groupesclavo.fr\\\/it\\\/tutte-le-notizie\\\/comunicato-stampa-sclavo-environnement-si-adatta-a-covid-19\\\/\",\"name\":\"Comunicato stampa - Sclavo environnement si adatta a COVID-19! - Sclavo\",\"isPartOf\":{\"@id\":\"https:\\\/\\\/www.groupesclavo.fr\\\/it\\\/#website\"},\"primaryImageOfPage\":{\"@id\":\"https:\\\/\\\/www.groupesclavo.fr\\\/it\\\/tutte-le-notizie\\\/comunicato-stampa-sclavo-environnement-si-adatta-a-covid-19\\\/#primaryimage\"},\"image\":{\"@id\":\"https:\\\/\\\/www.groupesclavo.fr\\\/it\\\/tutte-le-notizie\\\/comunicato-stampa-sclavo-environnement-si-adatta-a-covid-19\\\/#primaryimage\"},\"thumbnailUrl\":\"https:\\\/\\\/www.groupesclavo.fr\\\/wp-content\\\/uploads\\\/2025\\\/06\\\/Unknown.png\",\"datePublished\":\"2020-03-20T11:21:13+00:00\",\"dateModified\":\"2026-04-29T08:37:55+00:00\",\"breadcrumb\":{\"@id\":\"https:\\\/\\\/www.groupesclavo.fr\\\/it\\\/tutte-le-notizie\\\/comunicato-stampa-sclavo-environnement-si-adatta-a-covid-19\\\/#breadcrumb\"},\"inLanguage\":\"it-IT\",\"potentialAction\":[{\"@type\":\"ReadAction\",\"target\":[\"https:\\\/\\\/www.groupesclavo.fr\\\/it\\\/tutte-le-notizie\\\/comunicato-stampa-sclavo-environnement-si-adatta-a-covid-19\\\/\"]}]},{\"@type\":\"ImageObject\",\"inLanguage\":\"it-IT\",\"@id\":\"https:\\\/\\\/www.groupesclavo.fr\\\/it\\\/tutte-le-notizie\\\/comunicato-stampa-sclavo-environnement-si-adatta-a-covid-19\\\/#primaryimage\",\"url\":\"https:\\\/\\\/www.groupesclavo.fr\\\/wp-content\\\/uploads\\\/2025\\\/06\\\/Unknown.png\",\"contentUrl\":\"https:\\\/\\\/www.groupesclavo.fr\\\/wp-content\\\/uploads\\\/2025\\\/06\\\/Unknown.png\",\"width\":225,\"height\":225},{\"@type\":\"BreadcrumbList\",\"@id\":\"https:\\\/\\\/www.groupesclavo.fr\\\/it\\\/tutte-le-notizie\\\/comunicato-stampa-sclavo-environnement-si-adatta-a-covid-19\\\/#breadcrumb\",\"itemListElement\":[{\"@type\":\"ListItem\",\"position\":1,\"name\":\"Accueil\",\"item\":\"https:\\\/\\\/www.groupesclavo.fr\\\/it\\\/?page_id=5537\"},{\"@type\":\"ListItem\",\"position\":2,\"name\":\"Comunicato stampa &#8211; Sclavo environnement si adatta a COVID-19!\"}]},{\"@type\":\"WebSite\",\"@id\":\"https:\\\/\\\/www.groupesclavo.fr\\\/it\\\/#website\",\"url\":\"https:\\\/\\\/www.groupesclavo.fr\\\/it\\\/\",\"name\":\"Sclavo\",\"description\":\"\",\"publisher\":{\"@id\":\"https:\\\/\\\/www.groupesclavo.fr\\\/it\\\/#organization\"},\"potentialAction\":[{\"@type\":\"SearchAction\",\"target\":{\"@type\":\"EntryPoint\",\"urlTemplate\":\"https:\\\/\\\/www.groupesclavo.fr\\\/it\\\/?s={search_term_string}\"},\"query-input\":{\"@type\":\"PropertyValueSpecification\",\"valueRequired\":true,\"valueName\":\"search_term_string\"}}],\"inLanguage\":\"it-IT\"},{\"@type\":\"Organization\",\"@id\":\"https:\\\/\\\/www.groupesclavo.fr\\\/it\\\/#organization\",\"name\":\"Sclavo\",\"url\":\"https:\\\/\\\/www.groupesclavo.fr\\\/it\\\/\",\"logo\":{\"@type\":\"ImageObject\",\"inLanguage\":\"it-IT\",\"@id\":\"https:\\\/\\\/www.groupesclavo.fr\\\/it\\\/#\\\/schema\\\/logo\\\/image\\\/\",\"url\":\"https:\\\/\\\/www.groupesclavo.fr\\\/wp-content\\\/uploads\\\/2024\\\/11\\\/logo-1.svg\",\"contentUrl\":\"https:\\\/\\\/www.groupesclavo.fr\\\/wp-content\\\/uploads\\\/2024\\\/11\\\/logo-1.svg\",\"width\":191,\"height\":57,\"caption\":\"Sclavo\"},\"image\":{\"@id\":\"https:\\\/\\\/www.groupesclavo.fr\\\/it\\\/#\\\/schema\\\/logo\\\/image\\\/\"}},{\"@type\":\"Person\",\"@id\":\"https:\\\/\\\/www.groupesclavo.fr\\\/it\\\/#\\\/schema\\\/person\\\/cce451e392f3726778682f885b5f85d6\",\"name\":\"net-concept\",\"image\":{\"@type\":\"ImageObject\",\"inLanguage\":\"it-IT\",\"@id\":\"https:\\\/\\\/secure.gravatar.com\\\/avatar\\\/8406d47cf424cb6f1c7c9a655e87e793c9a1a5eccdf20a2bca376c84dc550590?s=96&d=mm&r=g\",\"url\":\"https:\\\/\\\/secure.gravatar.com\\\/avatar\\\/8406d47cf424cb6f1c7c9a655e87e793c9a1a5eccdf20a2bca376c84dc550590?s=96&d=mm&r=g\",\"contentUrl\":\"https:\\\/\\\/secure.gravatar.com\\\/avatar\\\/8406d47cf424cb6f1c7c9a655e87e793c9a1a5eccdf20a2bca376c84dc550590?s=96&d=mm&r=g\",\"caption\":\"net-concept\"}}]}<\/script>\n<!-- \/ Yoast SEO plugin. -->","yoast_head_json":{"title":"Comunicato stampa - Sclavo environnement si adatta a COVID-19! - Sclavo","robots":{"index":"index","follow":"follow","max-snippet":"max-snippet:-1","max-image-preview":"max-image-preview:large","max-video-preview":"max-video-preview:-1"},"canonical":"https:\/\/www.groupesclavo.fr\/it\/tutte-le-notizie\/comunicato-stampa-sclavo-environnement-si-adatta-a-covid-19\/","og_locale":"it_IT","og_type":"article","og_title":"Comunicato stampa - Sclavo environnement si adatta a COVID-19! - Sclavo","og_description":"Aggiornamento 14.04.2020 ?\u26a0\ufe0f Comunicato stampa &#8211; Coronavirus Covid 19. Sclavo environnement si adatta a COVID-19! Tutti i nostri siti e servizi forniscono un servizio minimo. Signore e signori, Di [&hellip;]","og_url":"https:\/\/www.groupesclavo.fr\/it\/tutte-le-notizie\/comunicato-stampa-sclavo-environnement-si-adatta-a-covid-19\/","og_site_name":"Sclavo","article_published_time":"2020-03-20T11:21:13+00:00","article_modified_time":"2026-04-29T08:37:55+00:00","og_image":[{"width":225,"height":225,"url":"https:\/\/www.groupesclavo.fr\/wp-content\/uploads\/2025\/06\/Unknown.png","type":"image\/png"}],"author":"net-concept","twitter_card":"summary_large_image","twitter_misc":{"Written by":"net-concept","Est. reading time":"3 minutes"},"schema":{"@context":"https:\/\/schema.org","@graph":[{"@type":"Article","@id":"https:\/\/www.groupesclavo.fr\/it\/tutte-le-notizie\/comunicato-stampa-sclavo-environnement-si-adatta-a-covid-19\/#article","isPartOf":{"@id":"https:\/\/www.groupesclavo.fr\/it\/tutte-le-notizie\/comunicato-stampa-sclavo-environnement-si-adatta-a-covid-19\/"},"author":{"name":"net-concept","@id":"https:\/\/www.groupesclavo.fr\/it\/#\/schema\/person\/cce451e392f3726778682f885b5f85d6"},"headline":"Comunicato stampa &#8211; Sclavo environnement si adatta a COVID-19!","datePublished":"2020-03-20T11:21:13+00:00","dateModified":"2026-04-29T08:37:55+00:00","mainEntityOfPage":{"@id":"https:\/\/www.groupesclavo.fr\/it\/tutte-le-notizie\/comunicato-stampa-sclavo-environnement-si-adatta-a-covid-19\/"},"wordCount":611,"publisher":{"@id":"https:\/\/www.groupesclavo.fr\/it\/#organization"},"image":{"@id":"https:\/\/www.groupesclavo.fr\/it\/tutte-le-notizie\/comunicato-stampa-sclavo-environnement-si-adatta-a-covid-19\/#primaryimage"},"thumbnailUrl":"https:\/\/www.groupesclavo.fr\/wp-content\/uploads\/2025\/06\/Unknown.png","articleSection":["COVID19","Tutte le notizie"],"inLanguage":"it-IT"},{"@type":"WebPage","@id":"https:\/\/www.groupesclavo.fr\/it\/tutte-le-notizie\/comunicato-stampa-sclavo-environnement-si-adatta-a-covid-19\/","url":"https:\/\/www.groupesclavo.fr\/it\/tutte-le-notizie\/comunicato-stampa-sclavo-environnement-si-adatta-a-covid-19\/","name":"Comunicato stampa - Sclavo environnement si adatta a COVID-19! - Sclavo","isPartOf":{"@id":"https:\/\/www.groupesclavo.fr\/it\/#website"},"primaryImageOfPage":{"@id":"https:\/\/www.groupesclavo.fr\/it\/tutte-le-notizie\/comunicato-stampa-sclavo-environnement-si-adatta-a-covid-19\/#primaryimage"},"image":{"@id":"https:\/\/www.groupesclavo.fr\/it\/tutte-le-notizie\/comunicato-stampa-sclavo-environnement-si-adatta-a-covid-19\/#primaryimage"},"thumbnailUrl":"https:\/\/www.groupesclavo.fr\/wp-content\/uploads\/2025\/06\/Unknown.png","datePublished":"2020-03-20T11:21:13+00:00","dateModified":"2026-04-29T08:37:55+00:00","breadcrumb":{"@id":"https:\/\/www.groupesclavo.fr\/it\/tutte-le-notizie\/comunicato-stampa-sclavo-environnement-si-adatta-a-covid-19\/#breadcrumb"},"inLanguage":"it-IT","potentialAction":[{"@type":"ReadAction","target":["https:\/\/www.groupesclavo.fr\/it\/tutte-le-notizie\/comunicato-stampa-sclavo-environnement-si-adatta-a-covid-19\/"]}]},{"@type":"ImageObject","inLanguage":"it-IT","@id":"https:\/\/www.groupesclavo.fr\/it\/tutte-le-notizie\/comunicato-stampa-sclavo-environnement-si-adatta-a-covid-19\/#primaryimage","url":"https:\/\/www.groupesclavo.fr\/wp-content\/uploads\/2025\/06\/Unknown.png","contentUrl":"https:\/\/www.groupesclavo.fr\/wp-content\/uploads\/2025\/06\/Unknown.png","width":225,"height":225},{"@type":"BreadcrumbList","@id":"https:\/\/www.groupesclavo.fr\/it\/tutte-le-notizie\/comunicato-stampa-sclavo-environnement-si-adatta-a-covid-19\/#breadcrumb","itemListElement":[{"@type":"ListItem","position":1,"name":"Accueil","item":"https:\/\/www.groupesclavo.fr\/it\/?page_id=5537"},{"@type":"ListItem","position":2,"name":"Comunicato stampa &#8211; Sclavo environnement si adatta a COVID-19!"}]},{"@type":"WebSite","@id":"https:\/\/www.groupesclavo.fr\/it\/#website","url":"https:\/\/www.groupesclavo.fr\/it\/","name":"Sclavo","description":"","publisher":{"@id":"https:\/\/www.groupesclavo.fr\/it\/#organization"},"potentialAction":[{"@type":"SearchAction","target":{"@type":"EntryPoint","urlTemplate":"https:\/\/www.groupesclavo.fr\/it\/?s={search_term_string}"},"query-input":{"@type":"PropertyValueSpecification","valueRequired":true,"valueName":"search_term_string"}}],"inLanguage":"it-IT"},{"@type":"Organization","@id":"https:\/\/www.groupesclavo.fr\/it\/#organization","name":"Sclavo","url":"https:\/\/www.groupesclavo.fr\/it\/","logo":{"@type":"ImageObject","inLanguage":"it-IT","@id":"https:\/\/www.groupesclavo.fr\/it\/#\/schema\/logo\/image\/","url":"https:\/\/www.groupesclavo.fr\/wp-content\/uploads\/2024\/11\/logo-1.svg","contentUrl":"https:\/\/www.groupesclavo.fr\/wp-content\/uploads\/2024\/11\/logo-1.svg","width":191,"height":57,"caption":"Sclavo"},"image":{"@id":"https:\/\/www.groupesclavo.fr\/it\/#\/schema\/logo\/image\/"}},{"@type":"Person","@id":"https:\/\/www.groupesclavo.fr\/it\/#\/schema\/person\/cce451e392f3726778682f885b5f85d6","name":"net-concept","image":{"@type":"ImageObject","inLanguage":"it-IT","@id":"https:\/\/secure.gravatar.com\/avatar\/8406d47cf424cb6f1c7c9a655e87e793c9a1a5eccdf20a2bca376c84dc550590?s=96&d=mm&r=g","url":"https:\/\/secure.gravatar.com\/avatar\/8406d47cf424cb6f1c7c9a655e87e793c9a1a5eccdf20a2bca376c84dc550590?s=96&d=mm&r=g","contentUrl":"https:\/\/secure.gravatar.com\/avatar\/8406d47cf424cb6f1c7c9a655e87e793c9a1a5eccdf20a2bca376c84dc550590?s=96&d=mm&r=g","caption":"net-concept"}}]}},"_links":{"self":[{"href":"https:\/\/www.groupesclavo.fr\/it\/wp-json\/wp\/v2\/posts\/5468","targetHints":{"allow":["GET"]}}],"collection":[{"href":"https:\/\/www.groupesclavo.fr\/it\/wp-json\/wp\/v2\/posts"}],"about":[{"href":"https:\/\/www.groupesclavo.fr\/it\/wp-json\/wp\/v2\/types\/post"}],"author":[{"embeddable":true,"href":"https:\/\/www.groupesclavo.fr\/it\/wp-json\/wp\/v2\/users\/4"}],"replies":[{"embeddable":true,"href":"https:\/\/www.groupesclavo.fr\/it\/wp-json\/wp\/v2\/comments?post=5468"}],"version-history":[{"count":1,"href":"https:\/\/www.groupesclavo.fr\/it\/wp-json\/wp\/v2\/posts\/5468\/revisions"}],"predecessor-version":[{"id":5472,"href":"https:\/\/www.groupesclavo.fr\/it\/wp-json\/wp\/v2\/posts\/5468\/revisions\/5472"}],"wp:featuredmedia":[{"embeddable":true,"href":"https:\/\/www.groupesclavo.fr\/it\/wp-json\/wp\/v2\/media\/5470"}],"wp:attachment":[{"href":"https:\/\/www.groupesclavo.fr\/it\/wp-json\/wp\/v2\/media?parent=5468"}],"wp:term":[{"taxonomy":"category","embeddable":true,"href":"https:\/\/www.groupesclavo.fr\/it\/wp-json\/wp\/v2\/categories?post=5468"},{"taxonomy":"post_tag","embeddable":true,"href":"https:\/\/www.groupesclavo.fr\/it\/wp-json\/wp\/v2\/tags?post=5468"}],"curies":[{"name":"wp","href":"https:\/\/api.w.org\/{rel}","templated":true}]}}