{"id":5456,"date":"2015-12-17T11:48:05","date_gmt":"2015-12-17T10:48:05","guid":{"rendered":"https:\/\/www.groupesclavo.fr\/senza-categoria\/cop-21-cmp-11-conferenza-delle-nazioni-unite-sui-cambiamenti-climatici\/"},"modified":"2026-04-29T10:37:53","modified_gmt":"2026-04-29T08:37:53","slug":"cop-21-cmp-11-conferenza-delle-nazioni-unite-sui-cambiamenti-climatici","status":"publish","type":"post","link":"https:\/\/www.groupesclavo.fr\/it\/tutte-le-notizie\/cop-21-cmp-11-conferenza-delle-nazioni-unite-sui-cambiamenti-climatici\/","title":{"rendered":"COP 21 \/ CMP 11: Conferenza delle Nazioni Unite sui cambiamenti climatici!"},"content":{"rendered":"<p>&#8220;Non vedo obiezioni in sala, dichiaro adottato l&#8217;accordo di Parigi sul clima&#8221;. Con queste parole, sabato 12 dicembre, Laurent Fabius ha concluso gli accesi negoziati che si sono svolti per quindici giorni a Le Bourget. Una lunga ovazione e grida di gioia sono seguite nella sala dove erano riuniti i 195 paesi che hanno adottato l&#8217;Accordo di Parigi, un accordo storico per combattere il cambiamento climatico. <\/p>\n<p>La sessione plenaria, gi\u00e0 rinviata pi\u00f9 volte, \u00e8 iniziata con un momento di incertezza quando, poco dopo essere arrivato in sala, il Presidente della COP21 si \u00e8 allontanato con Christiana Figueres, Segretario Esecutivo della Convenzione Quadro delle Nazioni Unite sui Cambiamenti Climatici, e Laurence Tubiana, l&#8217;ambasciatore incaricato dei negoziati sul clima.<\/p>\n<p>Al suo ritorno, Laurent Fabius ha rapidamente tolto la suspense confermando l&#8217;adozione dell&#8217;accordo, affiancato da Fran\u00e7ois Hollande, Presidente della Repubblica francese.  <a href=\"https:\/\/youtu.be\/BhNX77WjKH0?list=PLcKpjPWYkBe_PyCoq1tqBychhdO6dtLeN\">Guarda il video.<\/a><\/p>\n<p>Dopo due settimane di negoziati e mesi di dure contrattazioni, sei anni dopo il clamoroso fallimento della COP15 a Copenaghen, Laurent Fabius ha celebrato il culmine del lavoro della presidenza francese.<\/p>\n","protected":false},"excerpt":{"rendered":"<p>&#8220;Non vedo obiezioni in sala, dichiaro adottato l&#8217;accordo di Parigi sul clima&#8221;. Con queste parole, sabato 12 dicembre, Laurent Fabius ha concluso gli accesi negoziati che si sono svolti [&hellip;]<\/p>\n","protected":false},"author":4,"featured_media":5458,"comment_status":"closed","ping_status":"closed","sticky":false,"template":"","format":"standard","meta":{"inline_featured_image":false,"footnotes":""},"categories":[80,81],"tags":[],"class_list":["post-5456","post","type-post","status-publish","format-standard","has-post-thumbnail","hentry","category-tutte-le-notizie","category-cop-21"],"yoast_head":"<!-- This site is optimized with the Yoast SEO plugin v27.4 - https:\/\/yoast.com\/product\/yoast-seo-wordpress\/ -->\n<title>COP 21 \/ CMP 11: Conferenza delle Nazioni Unite sui cambiamenti climatici! - Sclavo<\/title>\n<meta name=\"robots\" content=\"index, follow, max-snippet:-1, max-image-preview:large, max-video-preview:-1\" \/>\n<link rel=\"canonical\" href=\"https:\/\/www.groupesclavo.fr\/it\/tutte-le-notizie\/cop-21-cmp-11-conferenza-delle-nazioni-unite-sui-cambiamenti-climatici\/\" \/>\n<meta property=\"og:locale\" content=\"it_IT\" \/>\n<meta property=\"og:type\" content=\"article\" \/>\n<meta property=\"og:title\" content=\"COP 21 \/ CMP 11: Conferenza delle Nazioni Unite sui cambiamenti climatici! - Sclavo\" \/>\n<meta property=\"og:description\" content=\"&#8220;Non vedo obiezioni in sala, dichiaro adottato l&#8217;accordo di Parigi sul clima&#8221;. Con queste parole, sabato 12 dicembre, Laurent Fabius ha concluso gli accesi negoziati che si sono svolti [&hellip;]\" \/>\n<meta property=\"og:url\" content=\"https:\/\/www.groupesclavo.fr\/it\/tutte-le-notizie\/cop-21-cmp-11-conferenza-delle-nazioni-unite-sui-cambiamenti-climatici\/\" \/>\n<meta property=\"og:site_name\" content=\"Sclavo\" \/>\n<meta property=\"article:published_time\" content=\"2015-12-17T10:48:05+00:00\" \/>\n<meta property=\"article:modified_time\" content=\"2026-04-29T08:37:53+00:00\" \/>\n<meta property=\"og:image\" content=\"https:\/\/www.groupesclavo.fr\/wp-content\/uploads\/2025\/06\/home4-975x650-1.jpg\" \/>\n\t<meta property=\"og:image:width\" content=\"975\" \/>\n\t<meta property=\"og:image:height\" content=\"650\" \/>\n\t<meta property=\"og:image:type\" content=\"image\/jpeg\" \/>\n<meta name=\"author\" content=\"net-concept\" \/>\n<meta name=\"twitter:card\" content=\"summary_large_image\" \/>\n<meta name=\"twitter:label1\" content=\"Written by\" \/>\n\t<meta name=\"twitter:data1\" content=\"net-concept\" \/>\n\t<meta name=\"twitter:label2\" content=\"Est. reading time\" \/>\n\t<meta name=\"twitter:data2\" content=\"1 minute\" \/>\n<script type=\"application\/ld+json\" class=\"yoast-schema-graph\">{\"@context\":\"https:\\\/\\\/schema.org\",\"@graph\":[{\"@type\":\"Article\",\"@id\":\"https:\\\/\\\/www.groupesclavo.fr\\\/it\\\/tutte-le-notizie\\\/cop-21-cmp-11-conferenza-delle-nazioni-unite-sui-cambiamenti-climatici\\\/#article\",\"isPartOf\":{\"@id\":\"https:\\\/\\\/www.groupesclavo.fr\\\/it\\\/tutte-le-notizie\\\/cop-21-cmp-11-conferenza-delle-nazioni-unite-sui-cambiamenti-climatici\\\/\"},\"author\":{\"name\":\"net-concept\",\"@id\":\"https:\\\/\\\/www.groupesclavo.fr\\\/it\\\/#\\\/schema\\\/person\\\/cce451e392f3726778682f885b5f85d6\"},\"headline\":\"COP 21 \\\/ CMP 11: Conferenza delle Nazioni Unite sui cambiamenti climatici!\",\"datePublished\":\"2015-12-17T10:48:05+00:00\",\"dateModified\":\"2026-04-29T08:37:53+00:00\",\"mainEntityOfPage\":{\"@id\":\"https:\\\/\\\/www.groupesclavo.fr\\\/it\\\/tutte-le-notizie\\\/cop-21-cmp-11-conferenza-delle-nazioni-unite-sui-cambiamenti-climatici\\\/\"},\"wordCount\":183,\"publisher\":{\"@id\":\"https:\\\/\\\/www.groupesclavo.fr\\\/it\\\/#organization\"},\"image\":{\"@id\":\"https:\\\/\\\/www.groupesclavo.fr\\\/it\\\/tutte-le-notizie\\\/cop-21-cmp-11-conferenza-delle-nazioni-unite-sui-cambiamenti-climatici\\\/#primaryimage\"},\"thumbnailUrl\":\"https:\\\/\\\/www.groupesclavo.fr\\\/wp-content\\\/uploads\\\/2025\\\/06\\\/home4-975x650-1.jpg\",\"articleSection\":[\"Tutte le notizie\",\"COP 21\"],\"inLanguage\":\"it-IT\"},{\"@type\":\"WebPage\",\"@id\":\"https:\\\/\\\/www.groupesclavo.fr\\\/it\\\/tutte-le-notizie\\\/cop-21-cmp-11-conferenza-delle-nazioni-unite-sui-cambiamenti-climatici\\\/\",\"url\":\"https:\\\/\\\/www.groupesclavo.fr\\\/it\\\/tutte-le-notizie\\\/cop-21-cmp-11-conferenza-delle-nazioni-unite-sui-cambiamenti-climatici\\\/\",\"name\":\"COP 21 \\\/ CMP 11: Conferenza delle Nazioni Unite sui cambiamenti climatici! - Sclavo\",\"isPartOf\":{\"@id\":\"https:\\\/\\\/www.groupesclavo.fr\\\/it\\\/#website\"},\"primaryImageOfPage\":{\"@id\":\"https:\\\/\\\/www.groupesclavo.fr\\\/it\\\/tutte-le-notizie\\\/cop-21-cmp-11-conferenza-delle-nazioni-unite-sui-cambiamenti-climatici\\\/#primaryimage\"},\"image\":{\"@id\":\"https:\\\/\\\/www.groupesclavo.fr\\\/it\\\/tutte-le-notizie\\\/cop-21-cmp-11-conferenza-delle-nazioni-unite-sui-cambiamenti-climatici\\\/#primaryimage\"},\"thumbnailUrl\":\"https:\\\/\\\/www.groupesclavo.fr\\\/wp-content\\\/uploads\\\/2025\\\/06\\\/home4-975x650-1.jpg\",\"datePublished\":\"2015-12-17T10:48:05+00:00\",\"dateModified\":\"2026-04-29T08:37:53+00:00\",\"breadcrumb\":{\"@id\":\"https:\\\/\\\/www.groupesclavo.fr\\\/it\\\/tutte-le-notizie\\\/cop-21-cmp-11-conferenza-delle-nazioni-unite-sui-cambiamenti-climatici\\\/#breadcrumb\"},\"inLanguage\":\"it-IT\",\"potentialAction\":[{\"@type\":\"ReadAction\",\"target\":[\"https:\\\/\\\/www.groupesclavo.fr\\\/it\\\/tutte-le-notizie\\\/cop-21-cmp-11-conferenza-delle-nazioni-unite-sui-cambiamenti-climatici\\\/\"]}]},{\"@type\":\"ImageObject\",\"inLanguage\":\"it-IT\",\"@id\":\"https:\\\/\\\/www.groupesclavo.fr\\\/it\\\/tutte-le-notizie\\\/cop-21-cmp-11-conferenza-delle-nazioni-unite-sui-cambiamenti-climatici\\\/#primaryimage\",\"url\":\"https:\\\/\\\/www.groupesclavo.fr\\\/wp-content\\\/uploads\\\/2025\\\/06\\\/home4-975x650-1.jpg\",\"contentUrl\":\"https:\\\/\\\/www.groupesclavo.fr\\\/wp-content\\\/uploads\\\/2025\\\/06\\\/home4-975x650-1.jpg\",\"width\":975,\"height\":650},{\"@type\":\"BreadcrumbList\",\"@id\":\"https:\\\/\\\/www.groupesclavo.fr\\\/it\\\/tutte-le-notizie\\\/cop-21-cmp-11-conferenza-delle-nazioni-unite-sui-cambiamenti-climatici\\\/#breadcrumb\",\"itemListElement\":[{\"@type\":\"ListItem\",\"position\":1,\"name\":\"Accueil\",\"item\":\"https:\\\/\\\/www.groupesclavo.fr\\\/it\\\/?page_id=5537\"},{\"@type\":\"ListItem\",\"position\":2,\"name\":\"COP 21 \\\/ CMP 11: Conferenza delle Nazioni Unite sui cambiamenti climatici!\"}]},{\"@type\":\"WebSite\",\"@id\":\"https:\\\/\\\/www.groupesclavo.fr\\\/it\\\/#website\",\"url\":\"https:\\\/\\\/www.groupesclavo.fr\\\/it\\\/\",\"name\":\"Sclavo\",\"description\":\"\",\"publisher\":{\"@id\":\"https:\\\/\\\/www.groupesclavo.fr\\\/it\\\/#organization\"},\"potentialAction\":[{\"@type\":\"SearchAction\",\"target\":{\"@type\":\"EntryPoint\",\"urlTemplate\":\"https:\\\/\\\/www.groupesclavo.fr\\\/it\\\/?s={search_term_string}\"},\"query-input\":{\"@type\":\"PropertyValueSpecification\",\"valueRequired\":true,\"valueName\":\"search_term_string\"}}],\"inLanguage\":\"it-IT\"},{\"@type\":\"Organization\",\"@id\":\"https:\\\/\\\/www.groupesclavo.fr\\\/it\\\/#organization\",\"name\":\"Sclavo\",\"url\":\"https:\\\/\\\/www.groupesclavo.fr\\\/it\\\/\",\"logo\":{\"@type\":\"ImageObject\",\"inLanguage\":\"it-IT\",\"@id\":\"https:\\\/\\\/www.groupesclavo.fr\\\/it\\\/#\\\/schema\\\/logo\\\/image\\\/\",\"url\":\"https:\\\/\\\/www.groupesclavo.fr\\\/wp-content\\\/uploads\\\/2024\\\/11\\\/logo-1.svg\",\"contentUrl\":\"https:\\\/\\\/www.groupesclavo.fr\\\/wp-content\\\/uploads\\\/2024\\\/11\\\/logo-1.svg\",\"width\":191,\"height\":57,\"caption\":\"Sclavo\"},\"image\":{\"@id\":\"https:\\\/\\\/www.groupesclavo.fr\\\/it\\\/#\\\/schema\\\/logo\\\/image\\\/\"}},{\"@type\":\"Person\",\"@id\":\"https:\\\/\\\/www.groupesclavo.fr\\\/it\\\/#\\\/schema\\\/person\\\/cce451e392f3726778682f885b5f85d6\",\"name\":\"net-concept\",\"image\":{\"@type\":\"ImageObject\",\"inLanguage\":\"it-IT\",\"@id\":\"https:\\\/\\\/secure.gravatar.com\\\/avatar\\\/8406d47cf424cb6f1c7c9a655e87e793c9a1a5eccdf20a2bca376c84dc550590?s=96&d=mm&r=g\",\"url\":\"https:\\\/\\\/secure.gravatar.com\\\/avatar\\\/8406d47cf424cb6f1c7c9a655e87e793c9a1a5eccdf20a2bca376c84dc550590?s=96&d=mm&r=g\",\"contentUrl\":\"https:\\\/\\\/secure.gravatar.com\\\/avatar\\\/8406d47cf424cb6f1c7c9a655e87e793c9a1a5eccdf20a2bca376c84dc550590?s=96&d=mm&r=g\",\"caption\":\"net-concept\"}}]}<\/script>\n<!-- \/ Yoast SEO plugin. -->","yoast_head_json":{"title":"COP 21 \/ CMP 11: Conferenza delle Nazioni Unite sui cambiamenti climatici! - Sclavo","robots":{"index":"index","follow":"follow","max-snippet":"max-snippet:-1","max-image-preview":"max-image-preview:large","max-video-preview":"max-video-preview:-1"},"canonical":"https:\/\/www.groupesclavo.fr\/it\/tutte-le-notizie\/cop-21-cmp-11-conferenza-delle-nazioni-unite-sui-cambiamenti-climatici\/","og_locale":"it_IT","og_type":"article","og_title":"COP 21 \/ CMP 11: Conferenza delle Nazioni Unite sui cambiamenti climatici! - Sclavo","og_description":"&#8220;Non vedo obiezioni in sala, dichiaro adottato l&#8217;accordo di Parigi sul clima&#8221;. Con queste parole, sabato 12 dicembre, Laurent Fabius ha concluso gli accesi negoziati che si sono svolti [&hellip;]","og_url":"https:\/\/www.groupesclavo.fr\/it\/tutte-le-notizie\/cop-21-cmp-11-conferenza-delle-nazioni-unite-sui-cambiamenti-climatici\/","og_site_name":"Sclavo","article_published_time":"2015-12-17T10:48:05+00:00","article_modified_time":"2026-04-29T08:37:53+00:00","og_image":[{"width":975,"height":650,"url":"https:\/\/www.groupesclavo.fr\/wp-content\/uploads\/2025\/06\/home4-975x650-1.jpg","type":"image\/jpeg"}],"author":"net-concept","twitter_card":"summary_large_image","twitter_misc":{"Written by":"net-concept","Est. reading time":"1 minute"},"schema":{"@context":"https:\/\/schema.org","@graph":[{"@type":"Article","@id":"https:\/\/www.groupesclavo.fr\/it\/tutte-le-notizie\/cop-21-cmp-11-conferenza-delle-nazioni-unite-sui-cambiamenti-climatici\/#article","isPartOf":{"@id":"https:\/\/www.groupesclavo.fr\/it\/tutte-le-notizie\/cop-21-cmp-11-conferenza-delle-nazioni-unite-sui-cambiamenti-climatici\/"},"author":{"name":"net-concept","@id":"https:\/\/www.groupesclavo.fr\/it\/#\/schema\/person\/cce451e392f3726778682f885b5f85d6"},"headline":"COP 21 \/ CMP 11: Conferenza delle Nazioni Unite sui cambiamenti climatici!","datePublished":"2015-12-17T10:48:05+00:00","dateModified":"2026-04-29T08:37:53+00:00","mainEntityOfPage":{"@id":"https:\/\/www.groupesclavo.fr\/it\/tutte-le-notizie\/cop-21-cmp-11-conferenza-delle-nazioni-unite-sui-cambiamenti-climatici\/"},"wordCount":183,"publisher":{"@id":"https:\/\/www.groupesclavo.fr\/it\/#organization"},"image":{"@id":"https:\/\/www.groupesclavo.fr\/it\/tutte-le-notizie\/cop-21-cmp-11-conferenza-delle-nazioni-unite-sui-cambiamenti-climatici\/#primaryimage"},"thumbnailUrl":"https:\/\/www.groupesclavo.fr\/wp-content\/uploads\/2025\/06\/home4-975x650-1.jpg","articleSection":["Tutte le notizie","COP 21"],"inLanguage":"it-IT"},{"@type":"WebPage","@id":"https:\/\/www.groupesclavo.fr\/it\/tutte-le-notizie\/cop-21-cmp-11-conferenza-delle-nazioni-unite-sui-cambiamenti-climatici\/","url":"https:\/\/www.groupesclavo.fr\/it\/tutte-le-notizie\/cop-21-cmp-11-conferenza-delle-nazioni-unite-sui-cambiamenti-climatici\/","name":"COP 21 \/ CMP 11: Conferenza delle Nazioni Unite sui cambiamenti climatici! - Sclavo","isPartOf":{"@id":"https:\/\/www.groupesclavo.fr\/it\/#website"},"primaryImageOfPage":{"@id":"https:\/\/www.groupesclavo.fr\/it\/tutte-le-notizie\/cop-21-cmp-11-conferenza-delle-nazioni-unite-sui-cambiamenti-climatici\/#primaryimage"},"image":{"@id":"https:\/\/www.groupesclavo.fr\/it\/tutte-le-notizie\/cop-21-cmp-11-conferenza-delle-nazioni-unite-sui-cambiamenti-climatici\/#primaryimage"},"thumbnailUrl":"https:\/\/www.groupesclavo.fr\/wp-content\/uploads\/2025\/06\/home4-975x650-1.jpg","datePublished":"2015-12-17T10:48:05+00:00","dateModified":"2026-04-29T08:37:53+00:00","breadcrumb":{"@id":"https:\/\/www.groupesclavo.fr\/it\/tutte-le-notizie\/cop-21-cmp-11-conferenza-delle-nazioni-unite-sui-cambiamenti-climatici\/#breadcrumb"},"inLanguage":"it-IT","potentialAction":[{"@type":"ReadAction","target":["https:\/\/www.groupesclavo.fr\/it\/tutte-le-notizie\/cop-21-cmp-11-conferenza-delle-nazioni-unite-sui-cambiamenti-climatici\/"]}]},{"@type":"ImageObject","inLanguage":"it-IT","@id":"https:\/\/www.groupesclavo.fr\/it\/tutte-le-notizie\/cop-21-cmp-11-conferenza-delle-nazioni-unite-sui-cambiamenti-climatici\/#primaryimage","url":"https:\/\/www.groupesclavo.fr\/wp-content\/uploads\/2025\/06\/home4-975x650-1.jpg","contentUrl":"https:\/\/www.groupesclavo.fr\/wp-content\/uploads\/2025\/06\/home4-975x650-1.jpg","width":975,"height":650},{"@type":"BreadcrumbList","@id":"https:\/\/www.groupesclavo.fr\/it\/tutte-le-notizie\/cop-21-cmp-11-conferenza-delle-nazioni-unite-sui-cambiamenti-climatici\/#breadcrumb","itemListElement":[{"@type":"ListItem","position":1,"name":"Accueil","item":"https:\/\/www.groupesclavo.fr\/it\/?page_id=5537"},{"@type":"ListItem","position":2,"name":"COP 21 \/ CMP 11: Conferenza delle Nazioni Unite sui cambiamenti climatici!"}]},{"@type":"WebSite","@id":"https:\/\/www.groupesclavo.fr\/it\/#website","url":"https:\/\/www.groupesclavo.fr\/it\/","name":"Sclavo","description":"","publisher":{"@id":"https:\/\/www.groupesclavo.fr\/it\/#organization"},"potentialAction":[{"@type":"SearchAction","target":{"@type":"EntryPoint","urlTemplate":"https:\/\/www.groupesclavo.fr\/it\/?s={search_term_string}"},"query-input":{"@type":"PropertyValueSpecification","valueRequired":true,"valueName":"search_term_string"}}],"inLanguage":"it-IT"},{"@type":"Organization","@id":"https:\/\/www.groupesclavo.fr\/it\/#organization","name":"Sclavo","url":"https:\/\/www.groupesclavo.fr\/it\/","logo":{"@type":"ImageObject","inLanguage":"it-IT","@id":"https:\/\/www.groupesclavo.fr\/it\/#\/schema\/logo\/image\/","url":"https:\/\/www.groupesclavo.fr\/wp-content\/uploads\/2024\/11\/logo-1.svg","contentUrl":"https:\/\/www.groupesclavo.fr\/wp-content\/uploads\/2024\/11\/logo-1.svg","width":191,"height":57,"caption":"Sclavo"},"image":{"@id":"https:\/\/www.groupesclavo.fr\/it\/#\/schema\/logo\/image\/"}},{"@type":"Person","@id":"https:\/\/www.groupesclavo.fr\/it\/#\/schema\/person\/cce451e392f3726778682f885b5f85d6","name":"net-concept","image":{"@type":"ImageObject","inLanguage":"it-IT","@id":"https:\/\/secure.gravatar.com\/avatar\/8406d47cf424cb6f1c7c9a655e87e793c9a1a5eccdf20a2bca376c84dc550590?s=96&d=mm&r=g","url":"https:\/\/secure.gravatar.com\/avatar\/8406d47cf424cb6f1c7c9a655e87e793c9a1a5eccdf20a2bca376c84dc550590?s=96&d=mm&r=g","contentUrl":"https:\/\/secure.gravatar.com\/avatar\/8406d47cf424cb6f1c7c9a655e87e793c9a1a5eccdf20a2bca376c84dc550590?s=96&d=mm&r=g","caption":"net-concept"}}]}},"_links":{"self":[{"href":"https:\/\/www.groupesclavo.fr\/it\/wp-json\/wp\/v2\/posts\/5456","targetHints":{"allow":["GET"]}}],"collection":[{"href":"https:\/\/www.groupesclavo.fr\/it\/wp-json\/wp\/v2\/posts"}],"about":[{"href":"https:\/\/www.groupesclavo.fr\/it\/wp-json\/wp\/v2\/types\/post"}],"author":[{"embeddable":true,"href":"https:\/\/www.groupesclavo.fr\/it\/wp-json\/wp\/v2\/users\/4"}],"replies":[{"embeddable":true,"href":"https:\/\/www.groupesclavo.fr\/it\/wp-json\/wp\/v2\/comments?post=5456"}],"version-history":[{"count":1,"href":"https:\/\/www.groupesclavo.fr\/it\/wp-json\/wp\/v2\/posts\/5456\/revisions"}],"predecessor-version":[{"id":5460,"href":"https:\/\/www.groupesclavo.fr\/it\/wp-json\/wp\/v2\/posts\/5456\/revisions\/5460"}],"wp:featuredmedia":[{"embeddable":true,"href":"https:\/\/www.groupesclavo.fr\/it\/wp-json\/wp\/v2\/media\/5458"}],"wp:attachment":[{"href":"https:\/\/www.groupesclavo.fr\/it\/wp-json\/wp\/v2\/media?parent=5456"}],"wp:term":[{"taxonomy":"category","embeddable":true,"href":"https:\/\/www.groupesclavo.fr\/it\/wp-json\/wp\/v2\/categories?post=5456"},{"taxonomy":"post_tag","embeddable":true,"href":"https:\/\/www.groupesclavo.fr\/it\/wp-json\/wp\/v2\/tags?post=5456"}],"curies":[{"name":"wp","href":"https:\/\/api.w.org\/{rel}","templated":true}]}}