{"id":5425,"date":"2018-04-17T11:58:32","date_gmt":"2018-04-17T09:58:32","guid":{"rendered":"https:\/\/www.groupesclavo.fr\/senza-categoria\/un-colpo-di-spugna-per-il-vieux-port-di-saint-raphael-83700-var\/"},"modified":"2026-04-29T10:33:55","modified_gmt":"2026-04-29T08:33:55","slug":"un-colpo-di-spugna-per-il-vieux-port-di-saint-raphael-83700-var","status":"publish","type":"post","link":"https:\/\/www.groupesclavo.fr\/it\/tutte-le-notizie\/un-colpo-di-spugna-per-il-vieux-port-di-saint-raphael-83700-var\/","title":{"rendered":"Un colpo di spugna per il Vieux-Port di Saint Raphael (83700), Var."},"content":{"rendered":"<p><img loading=\"lazy\" decoding=\"async\" class=\"alignnone size-full wp-image-4166 aligncenter\" src=\"https:\/\/www.groupesclavo.fr\/wp-content\/uploads\/2025\/06\/Nettoyage-vieux-port.jpg\" alt=\"\" width=\"748\" height=\"482\" srcset=\"https:\/\/www.groupesclavo.fr\/wp-content\/uploads\/2025\/06\/Nettoyage-vieux-port.jpg 748w, https:\/\/www.groupesclavo.fr\/wp-content\/uploads\/2025\/06\/Nettoyage-vieux-port-300x193.jpg 300w\" sizes=\"auto, (max-width: 748px) 100vw, 748px\" \/><\/p>\n<p>Pulizie di primavera domenica al Vieux-Port di Saint-Rapha\u00ebl, dove una ventina di persone, per lo pi\u00f9 volontari, hanno sfidato il vento e il freddo per una buona causa. I membri dell&#8217;associazione &#8220;Aquapassion&#8221; e del club subacqueo &#8220;Aventure sous-marine&#8221;, i promotori del progetto Port sans d\u00e9chet (prima edizione), la Soci\u00e9t\u00e9 Nationale du Sauvetage en Mer (SNSM) e il personale della R\u00e9gie des ports, hanno trascorso ben tre ore a raccogliere i rifiuti nelle acque basse. Per raccogliere questi rifiuti indesiderati, il gruppo SCLAVO ha messo a disposizione dei &#8220;subacquei-pulitori&#8221; un cassone da 8<sup>m3<\/sup>. Ne sono stati necessari solo 2<sup>m3<\/sup>, poich\u00e9 il fondo del bacino del Vieux-Port era relativamente pulito. Una buona notizia, secondo la R\u00e9gie, soprattutto per un porto situato nel centro della citt\u00e0.    <\/p>\n<p style=\"text-align: center;\"><img loading=\"lazy\" decoding=\"async\" class=\"alignnone size-full wp-image-4165\" src=\"https:\/\/www.groupesclavo.fr\/wp-content\/uploads\/2025\/06\/Nettoyage-vieux-port-plongeur.jpg\" alt=\"\" width=\"720\" height=\"481\" srcset=\"https:\/\/www.groupesclavo.fr\/wp-content\/uploads\/2025\/06\/Nettoyage-vieux-port-plongeur.jpg 720w, https:\/\/www.groupesclavo.fr\/wp-content\/uploads\/2025\/06\/Nettoyage-vieux-port-plongeur-300x200.jpg 300w\" sizes=\"auto, (max-width: 720px) 100vw, 720px\" \/><\/p>\n<p>Vale la pena notare, tuttavia, che questi volontari hanno segnalato alcuni oggetti &#8220;insoliti&#8221;. Un passeggino per bambini, un carrello della spesa e un pneumatico di camion! Oltre a oggetti pi\u00f9 tradizionali come plastica, bandiere pubblicitarie, 2 sedie da bar e rottami metallici provenienti da cantieri edili&#8230; <em>Foto: Michel Eisenlohr<\/em> Articolo: ville de Saint Raphael  <\/p>\n","protected":false},"excerpt":{"rendered":"<p>Pulizie di primavera domenica al Vieux-Port di Saint-Rapha\u00ebl, dove una ventina di persone, per lo pi\u00f9 volontari, hanno sfidato il vento e il freddo per una buona causa. I [&hellip;]<\/p>\n","protected":false},"author":4,"featured_media":5426,"comment_status":"closed","ping_status":"closed","sticky":false,"template":"","format":"standard","meta":{"inline_featured_image":false,"footnotes":""},"categories":[80,87],"tags":[],"class_list":["post-5425","post","type-post","status-publish","format-standard","has-post-thumbnail","hentry","category-tutte-le-notizie","category-azione-comunitaria"],"yoast_head":"<!-- This site is optimized with the Yoast SEO plugin v27.4 - https:\/\/yoast.com\/product\/yoast-seo-wordpress\/ -->\n<title>Un colpo di spugna per il Vieux-Port di Saint Raphael (83700), Var. - Sclavo<\/title>\n<meta name=\"robots\" content=\"index, follow, max-snippet:-1, max-image-preview:large, max-video-preview:-1\" \/>\n<link rel=\"canonical\" href=\"https:\/\/www.groupesclavo.fr\/it\/tutte-le-notizie\/un-colpo-di-spugna-per-il-vieux-port-di-saint-raphael-83700-var\/\" \/>\n<meta property=\"og:locale\" content=\"it_IT\" \/>\n<meta property=\"og:type\" content=\"article\" \/>\n<meta property=\"og:title\" content=\"Un colpo di spugna per il Vieux-Port di Saint Raphael (83700), Var. - Sclavo\" \/>\n<meta property=\"og:description\" content=\"Pulizie di primavera domenica al Vieux-Port di Saint-Rapha\u00ebl, dove una ventina di persone, per lo pi\u00f9 volontari, hanno sfidato il vento e il freddo per una buona causa. I [&hellip;]\" \/>\n<meta property=\"og:url\" content=\"https:\/\/www.groupesclavo.fr\/it\/tutte-le-notizie\/un-colpo-di-spugna-per-il-vieux-port-di-saint-raphael-83700-var\/\" \/>\n<meta property=\"og:site_name\" content=\"Sclavo\" \/>\n<meta property=\"article:published_time\" content=\"2018-04-17T09:58:32+00:00\" \/>\n<meta property=\"article:modified_time\" content=\"2026-04-29T08:33:55+00:00\" \/>\n<meta property=\"og:image\" content=\"https:\/\/www.groupesclavo.fr\/wp-content\/uploads\/2025\/06\/Nettoyage-vieux-port.jpg\" \/>\n\t<meta property=\"og:image:width\" content=\"748\" \/>\n\t<meta property=\"og:image:height\" content=\"482\" \/>\n\t<meta property=\"og:image:type\" content=\"image\/jpeg\" \/>\n<meta name=\"author\" content=\"net-concept\" \/>\n<meta name=\"twitter:card\" content=\"summary_large_image\" \/>\n<meta name=\"twitter:label1\" content=\"Written by\" \/>\n\t<meta name=\"twitter:data1\" content=\"net-concept\" \/>\n\t<meta name=\"twitter:label2\" content=\"Est. reading time\" \/>\n\t<meta name=\"twitter:data2\" content=\"1 minute\" \/>\n<script type=\"application\/ld+json\" class=\"yoast-schema-graph\">{\"@context\":\"https:\\\/\\\/schema.org\",\"@graph\":[{\"@type\":\"Article\",\"@id\":\"https:\\\/\\\/www.groupesclavo.fr\\\/it\\\/tutte-le-notizie\\\/un-colpo-di-spugna-per-il-vieux-port-di-saint-raphael-83700-var\\\/#article\",\"isPartOf\":{\"@id\":\"https:\\\/\\\/www.groupesclavo.fr\\\/it\\\/tutte-le-notizie\\\/un-colpo-di-spugna-per-il-vieux-port-di-saint-raphael-83700-var\\\/\"},\"author\":{\"name\":\"net-concept\",\"@id\":\"https:\\\/\\\/www.groupesclavo.fr\\\/it\\\/#\\\/schema\\\/person\\\/cce451e392f3726778682f885b5f85d6\"},\"headline\":\"Un colpo di spugna per il Vieux-Port di Saint Raphael (83700), Var.\",\"datePublished\":\"2018-04-17T09:58:32+00:00\",\"dateModified\":\"2026-04-29T08:33:55+00:00\",\"mainEntityOfPage\":{\"@id\":\"https:\\\/\\\/www.groupesclavo.fr\\\/it\\\/tutte-le-notizie\\\/un-colpo-di-spugna-per-il-vieux-port-di-saint-raphael-83700-var\\\/\"},\"wordCount\":193,\"publisher\":{\"@id\":\"https:\\\/\\\/www.groupesclavo.fr\\\/it\\\/#organization\"},\"image\":{\"@id\":\"https:\\\/\\\/www.groupesclavo.fr\\\/it\\\/tutte-le-notizie\\\/un-colpo-di-spugna-per-il-vieux-port-di-saint-raphael-83700-var\\\/#primaryimage\"},\"thumbnailUrl\":\"https:\\\/\\\/www.groupesclavo.fr\\\/wp-content\\\/uploads\\\/2025\\\/06\\\/Nettoyage-vieux-port.jpg\",\"articleSection\":[\"Tutte le notizie\",\"Azione comunitaria\"],\"inLanguage\":\"it-IT\"},{\"@type\":\"WebPage\",\"@id\":\"https:\\\/\\\/www.groupesclavo.fr\\\/it\\\/tutte-le-notizie\\\/un-colpo-di-spugna-per-il-vieux-port-di-saint-raphael-83700-var\\\/\",\"url\":\"https:\\\/\\\/www.groupesclavo.fr\\\/it\\\/tutte-le-notizie\\\/un-colpo-di-spugna-per-il-vieux-port-di-saint-raphael-83700-var\\\/\",\"name\":\"Un colpo di spugna per il Vieux-Port di Saint Raphael (83700), Var. - Sclavo\",\"isPartOf\":{\"@id\":\"https:\\\/\\\/www.groupesclavo.fr\\\/it\\\/#website\"},\"primaryImageOfPage\":{\"@id\":\"https:\\\/\\\/www.groupesclavo.fr\\\/it\\\/tutte-le-notizie\\\/un-colpo-di-spugna-per-il-vieux-port-di-saint-raphael-83700-var\\\/#primaryimage\"},\"image\":{\"@id\":\"https:\\\/\\\/www.groupesclavo.fr\\\/it\\\/tutte-le-notizie\\\/un-colpo-di-spugna-per-il-vieux-port-di-saint-raphael-83700-var\\\/#primaryimage\"},\"thumbnailUrl\":\"https:\\\/\\\/www.groupesclavo.fr\\\/wp-content\\\/uploads\\\/2025\\\/06\\\/Nettoyage-vieux-port.jpg\",\"datePublished\":\"2018-04-17T09:58:32+00:00\",\"dateModified\":\"2026-04-29T08:33:55+00:00\",\"breadcrumb\":{\"@id\":\"https:\\\/\\\/www.groupesclavo.fr\\\/it\\\/tutte-le-notizie\\\/un-colpo-di-spugna-per-il-vieux-port-di-saint-raphael-83700-var\\\/#breadcrumb\"},\"inLanguage\":\"it-IT\",\"potentialAction\":[{\"@type\":\"ReadAction\",\"target\":[\"https:\\\/\\\/www.groupesclavo.fr\\\/it\\\/tutte-le-notizie\\\/un-colpo-di-spugna-per-il-vieux-port-di-saint-raphael-83700-var\\\/\"]}]},{\"@type\":\"ImageObject\",\"inLanguage\":\"it-IT\",\"@id\":\"https:\\\/\\\/www.groupesclavo.fr\\\/it\\\/tutte-le-notizie\\\/un-colpo-di-spugna-per-il-vieux-port-di-saint-raphael-83700-var\\\/#primaryimage\",\"url\":\"https:\\\/\\\/www.groupesclavo.fr\\\/wp-content\\\/uploads\\\/2025\\\/06\\\/Nettoyage-vieux-port.jpg\",\"contentUrl\":\"https:\\\/\\\/www.groupesclavo.fr\\\/wp-content\\\/uploads\\\/2025\\\/06\\\/Nettoyage-vieux-port.jpg\",\"width\":748,\"height\":482},{\"@type\":\"BreadcrumbList\",\"@id\":\"https:\\\/\\\/www.groupesclavo.fr\\\/it\\\/tutte-le-notizie\\\/un-colpo-di-spugna-per-il-vieux-port-di-saint-raphael-83700-var\\\/#breadcrumb\",\"itemListElement\":[{\"@type\":\"ListItem\",\"position\":1,\"name\":\"Accueil\",\"item\":\"https:\\\/\\\/www.groupesclavo.fr\\\/it\\\/?page_id=5537\"},{\"@type\":\"ListItem\",\"position\":2,\"name\":\"Un colpo di spugna per il Vieux-Port di Saint Raphael (83700), Var.\"}]},{\"@type\":\"WebSite\",\"@id\":\"https:\\\/\\\/www.groupesclavo.fr\\\/it\\\/#website\",\"url\":\"https:\\\/\\\/www.groupesclavo.fr\\\/it\\\/\",\"name\":\"Sclavo\",\"description\":\"\",\"publisher\":{\"@id\":\"https:\\\/\\\/www.groupesclavo.fr\\\/it\\\/#organization\"},\"potentialAction\":[{\"@type\":\"SearchAction\",\"target\":{\"@type\":\"EntryPoint\",\"urlTemplate\":\"https:\\\/\\\/www.groupesclavo.fr\\\/it\\\/?s={search_term_string}\"},\"query-input\":{\"@type\":\"PropertyValueSpecification\",\"valueRequired\":true,\"valueName\":\"search_term_string\"}}],\"inLanguage\":\"it-IT\"},{\"@type\":\"Organization\",\"@id\":\"https:\\\/\\\/www.groupesclavo.fr\\\/it\\\/#organization\",\"name\":\"Sclavo\",\"url\":\"https:\\\/\\\/www.groupesclavo.fr\\\/it\\\/\",\"logo\":{\"@type\":\"ImageObject\",\"inLanguage\":\"it-IT\",\"@id\":\"https:\\\/\\\/www.groupesclavo.fr\\\/it\\\/#\\\/schema\\\/logo\\\/image\\\/\",\"url\":\"https:\\\/\\\/www.groupesclavo.fr\\\/wp-content\\\/uploads\\\/2024\\\/11\\\/logo-1.svg\",\"contentUrl\":\"https:\\\/\\\/www.groupesclavo.fr\\\/wp-content\\\/uploads\\\/2024\\\/11\\\/logo-1.svg\",\"width\":191,\"height\":57,\"caption\":\"Sclavo\"},\"image\":{\"@id\":\"https:\\\/\\\/www.groupesclavo.fr\\\/it\\\/#\\\/schema\\\/logo\\\/image\\\/\"}},{\"@type\":\"Person\",\"@id\":\"https:\\\/\\\/www.groupesclavo.fr\\\/it\\\/#\\\/schema\\\/person\\\/cce451e392f3726778682f885b5f85d6\",\"name\":\"net-concept\",\"image\":{\"@type\":\"ImageObject\",\"inLanguage\":\"it-IT\",\"@id\":\"https:\\\/\\\/secure.gravatar.com\\\/avatar\\\/8406d47cf424cb6f1c7c9a655e87e793c9a1a5eccdf20a2bca376c84dc550590?s=96&d=mm&r=g\",\"url\":\"https:\\\/\\\/secure.gravatar.com\\\/avatar\\\/8406d47cf424cb6f1c7c9a655e87e793c9a1a5eccdf20a2bca376c84dc550590?s=96&d=mm&r=g\",\"contentUrl\":\"https:\\\/\\\/secure.gravatar.com\\\/avatar\\\/8406d47cf424cb6f1c7c9a655e87e793c9a1a5eccdf20a2bca376c84dc550590?s=96&d=mm&r=g\",\"caption\":\"net-concept\"}}]}<\/script>\n<!-- \/ Yoast SEO plugin. -->","yoast_head_json":{"title":"Un colpo di spugna per il Vieux-Port di Saint Raphael (83700), Var. - Sclavo","robots":{"index":"index","follow":"follow","max-snippet":"max-snippet:-1","max-image-preview":"max-image-preview:large","max-video-preview":"max-video-preview:-1"},"canonical":"https:\/\/www.groupesclavo.fr\/it\/tutte-le-notizie\/un-colpo-di-spugna-per-il-vieux-port-di-saint-raphael-83700-var\/","og_locale":"it_IT","og_type":"article","og_title":"Un colpo di spugna per il Vieux-Port di Saint Raphael (83700), Var. - Sclavo","og_description":"Pulizie di primavera domenica al Vieux-Port di Saint-Rapha\u00ebl, dove una ventina di persone, per lo pi\u00f9 volontari, hanno sfidato il vento e il freddo per una buona causa. I [&hellip;]","og_url":"https:\/\/www.groupesclavo.fr\/it\/tutte-le-notizie\/un-colpo-di-spugna-per-il-vieux-port-di-saint-raphael-83700-var\/","og_site_name":"Sclavo","article_published_time":"2018-04-17T09:58:32+00:00","article_modified_time":"2026-04-29T08:33:55+00:00","og_image":[{"width":748,"height":482,"url":"https:\/\/www.groupesclavo.fr\/wp-content\/uploads\/2025\/06\/Nettoyage-vieux-port.jpg","type":"image\/jpeg"}],"author":"net-concept","twitter_card":"summary_large_image","twitter_misc":{"Written by":"net-concept","Est. reading time":"1 minute"},"schema":{"@context":"https:\/\/schema.org","@graph":[{"@type":"Article","@id":"https:\/\/www.groupesclavo.fr\/it\/tutte-le-notizie\/un-colpo-di-spugna-per-il-vieux-port-di-saint-raphael-83700-var\/#article","isPartOf":{"@id":"https:\/\/www.groupesclavo.fr\/it\/tutte-le-notizie\/un-colpo-di-spugna-per-il-vieux-port-di-saint-raphael-83700-var\/"},"author":{"name":"net-concept","@id":"https:\/\/www.groupesclavo.fr\/it\/#\/schema\/person\/cce451e392f3726778682f885b5f85d6"},"headline":"Un colpo di spugna per il Vieux-Port di Saint Raphael (83700), Var.","datePublished":"2018-04-17T09:58:32+00:00","dateModified":"2026-04-29T08:33:55+00:00","mainEntityOfPage":{"@id":"https:\/\/www.groupesclavo.fr\/it\/tutte-le-notizie\/un-colpo-di-spugna-per-il-vieux-port-di-saint-raphael-83700-var\/"},"wordCount":193,"publisher":{"@id":"https:\/\/www.groupesclavo.fr\/it\/#organization"},"image":{"@id":"https:\/\/www.groupesclavo.fr\/it\/tutte-le-notizie\/un-colpo-di-spugna-per-il-vieux-port-di-saint-raphael-83700-var\/#primaryimage"},"thumbnailUrl":"https:\/\/www.groupesclavo.fr\/wp-content\/uploads\/2025\/06\/Nettoyage-vieux-port.jpg","articleSection":["Tutte le notizie","Azione comunitaria"],"inLanguage":"it-IT"},{"@type":"WebPage","@id":"https:\/\/www.groupesclavo.fr\/it\/tutte-le-notizie\/un-colpo-di-spugna-per-il-vieux-port-di-saint-raphael-83700-var\/","url":"https:\/\/www.groupesclavo.fr\/it\/tutte-le-notizie\/un-colpo-di-spugna-per-il-vieux-port-di-saint-raphael-83700-var\/","name":"Un colpo di spugna per il Vieux-Port di Saint Raphael (83700), Var. - Sclavo","isPartOf":{"@id":"https:\/\/www.groupesclavo.fr\/it\/#website"},"primaryImageOfPage":{"@id":"https:\/\/www.groupesclavo.fr\/it\/tutte-le-notizie\/un-colpo-di-spugna-per-il-vieux-port-di-saint-raphael-83700-var\/#primaryimage"},"image":{"@id":"https:\/\/www.groupesclavo.fr\/it\/tutte-le-notizie\/un-colpo-di-spugna-per-il-vieux-port-di-saint-raphael-83700-var\/#primaryimage"},"thumbnailUrl":"https:\/\/www.groupesclavo.fr\/wp-content\/uploads\/2025\/06\/Nettoyage-vieux-port.jpg","datePublished":"2018-04-17T09:58:32+00:00","dateModified":"2026-04-29T08:33:55+00:00","breadcrumb":{"@id":"https:\/\/www.groupesclavo.fr\/it\/tutte-le-notizie\/un-colpo-di-spugna-per-il-vieux-port-di-saint-raphael-83700-var\/#breadcrumb"},"inLanguage":"it-IT","potentialAction":[{"@type":"ReadAction","target":["https:\/\/www.groupesclavo.fr\/it\/tutte-le-notizie\/un-colpo-di-spugna-per-il-vieux-port-di-saint-raphael-83700-var\/"]}]},{"@type":"ImageObject","inLanguage":"it-IT","@id":"https:\/\/www.groupesclavo.fr\/it\/tutte-le-notizie\/un-colpo-di-spugna-per-il-vieux-port-di-saint-raphael-83700-var\/#primaryimage","url":"https:\/\/www.groupesclavo.fr\/wp-content\/uploads\/2025\/06\/Nettoyage-vieux-port.jpg","contentUrl":"https:\/\/www.groupesclavo.fr\/wp-content\/uploads\/2025\/06\/Nettoyage-vieux-port.jpg","width":748,"height":482},{"@type":"BreadcrumbList","@id":"https:\/\/www.groupesclavo.fr\/it\/tutte-le-notizie\/un-colpo-di-spugna-per-il-vieux-port-di-saint-raphael-83700-var\/#breadcrumb","itemListElement":[{"@type":"ListItem","position":1,"name":"Accueil","item":"https:\/\/www.groupesclavo.fr\/it\/?page_id=5537"},{"@type":"ListItem","position":2,"name":"Un colpo di spugna per il Vieux-Port di Saint Raphael (83700), Var."}]},{"@type":"WebSite","@id":"https:\/\/www.groupesclavo.fr\/it\/#website","url":"https:\/\/www.groupesclavo.fr\/it\/","name":"Sclavo","description":"","publisher":{"@id":"https:\/\/www.groupesclavo.fr\/it\/#organization"},"potentialAction":[{"@type":"SearchAction","target":{"@type":"EntryPoint","urlTemplate":"https:\/\/www.groupesclavo.fr\/it\/?s={search_term_string}"},"query-input":{"@type":"PropertyValueSpecification","valueRequired":true,"valueName":"search_term_string"}}],"inLanguage":"it-IT"},{"@type":"Organization","@id":"https:\/\/www.groupesclavo.fr\/it\/#organization","name":"Sclavo","url":"https:\/\/www.groupesclavo.fr\/it\/","logo":{"@type":"ImageObject","inLanguage":"it-IT","@id":"https:\/\/www.groupesclavo.fr\/it\/#\/schema\/logo\/image\/","url":"https:\/\/www.groupesclavo.fr\/wp-content\/uploads\/2024\/11\/logo-1.svg","contentUrl":"https:\/\/www.groupesclavo.fr\/wp-content\/uploads\/2024\/11\/logo-1.svg","width":191,"height":57,"caption":"Sclavo"},"image":{"@id":"https:\/\/www.groupesclavo.fr\/it\/#\/schema\/logo\/image\/"}},{"@type":"Person","@id":"https:\/\/www.groupesclavo.fr\/it\/#\/schema\/person\/cce451e392f3726778682f885b5f85d6","name":"net-concept","image":{"@type":"ImageObject","inLanguage":"it-IT","@id":"https:\/\/secure.gravatar.com\/avatar\/8406d47cf424cb6f1c7c9a655e87e793c9a1a5eccdf20a2bca376c84dc550590?s=96&d=mm&r=g","url":"https:\/\/secure.gravatar.com\/avatar\/8406d47cf424cb6f1c7c9a655e87e793c9a1a5eccdf20a2bca376c84dc550590?s=96&d=mm&r=g","contentUrl":"https:\/\/secure.gravatar.com\/avatar\/8406d47cf424cb6f1c7c9a655e87e793c9a1a5eccdf20a2bca376c84dc550590?s=96&d=mm&r=g","caption":"net-concept"}}]}},"_links":{"self":[{"href":"https:\/\/www.groupesclavo.fr\/it\/wp-json\/wp\/v2\/posts\/5425","targetHints":{"allow":["GET"]}}],"collection":[{"href":"https:\/\/www.groupesclavo.fr\/it\/wp-json\/wp\/v2\/posts"}],"about":[{"href":"https:\/\/www.groupesclavo.fr\/it\/wp-json\/wp\/v2\/types\/post"}],"author":[{"embeddable":true,"href":"https:\/\/www.groupesclavo.fr\/it\/wp-json\/wp\/v2\/users\/4"}],"replies":[{"embeddable":true,"href":"https:\/\/www.groupesclavo.fr\/it\/wp-json\/wp\/v2\/comments?post=5425"}],"version-history":[{"count":1,"href":"https:\/\/www.groupesclavo.fr\/it\/wp-json\/wp\/v2\/posts\/5425\/revisions"}],"predecessor-version":[{"id":5427,"href":"https:\/\/www.groupesclavo.fr\/it\/wp-json\/wp\/v2\/posts\/5425\/revisions\/5427"}],"wp:featuredmedia":[{"embeddable":true,"href":"https:\/\/www.groupesclavo.fr\/it\/wp-json\/wp\/v2\/media\/5426"}],"wp:attachment":[{"href":"https:\/\/www.groupesclavo.fr\/it\/wp-json\/wp\/v2\/media?parent=5425"}],"wp:term":[{"taxonomy":"category","embeddable":true,"href":"https:\/\/www.groupesclavo.fr\/it\/wp-json\/wp\/v2\/categories?post=5425"},{"taxonomy":"post_tag","embeddable":true,"href":"https:\/\/www.groupesclavo.fr\/it\/wp-json\/wp\/v2\/tags?post=5425"}],"curies":[{"name":"wp","href":"https:\/\/api.w.org\/{rel}","templated":true}]}}