{"id":5525,"date":"2018-11-27T12:13:41","date_gmt":"2018-11-27T11:13:41","guid":{"rendered":"https:\/\/www.groupesclavo.fr\/sin-categoria\/las-personas-nuestro-recurso-mas-importante\/"},"modified":"2026-04-29T10:40:18","modified_gmt":"2026-04-29T08:40:18","slug":"las-personas-nuestro-recurso-mas-importante","status":"publish","type":"post","link":"https:\/\/www.groupesclavo.fr\/es\/todas-las-noticias\/las-personas-nuestro-recurso-mas-importante\/","title":{"rendered":"Las personas, nuestro recurso m\u00e1s importante &#8230;"},"content":{"rendered":"<p>A trav\u00e9s de una colaboraci\u00f3n con RADIO \u00c9MOTION, el Grupo Sclavo Environnement ha querido destacar a las mujeres y los hombres que contribuyen diariamente al \u00e9xito de la empresa familiar.<\/p>\n<p>A continuaci\u00f3n encontrar\u00e1s los discursos pronunciados por nuestros empleados, en los que se presentan sus trayectorias y profesiones.<\/p>\n<p>\u00a1Disfruta de la escucha :)!<\/p>\n<p>&nbsp;<\/p>\n<p>Benna Roberts, Directora de Ventas del Grupo &#8211; 36 a\u00f1os (15 a\u00f1os en la empresa)<\/p>\n<audio class=\"wp-audio-shortcode\" id=\"audio-5525-1\" preload=\"none\" style=\"width: 100%;\" controls=\"controls\"><source type=\"audio\/mpeg\" src=\"https:\/\/www.groupesclavo.fr\/wp-content\/uploads\/2018\/11\/Benna-Roberts-Sclavo.mp3?_=1\" \/><a href=\"https:\/\/www.groupesclavo.fr\/wp-content\/uploads\/2018\/11\/Benna-Roberts-Sclavo.mp3\">https:\/\/www.groupesclavo.fr\/wp-content\/uploads\/2018\/11\/Benna-Roberts-Sclavo.mp3<\/a><\/audio>\n<p>Ana\u00efs Courbet, Asistente de Ventas &#8211; 25 a\u00f1os (2 a\u00f1os en la empresa)<\/p>\n<audio class=\"wp-audio-shortcode\" id=\"audio-5525-2\" preload=\"none\" style=\"width: 100%;\" controls=\"controls\"><source type=\"audio\/mpeg\" src=\"https:\/\/www.groupesclavo.fr\/wp-content\/uploads\/2018\/11\/Anais-Courbet-3_Sclavo.mp3?_=2\" \/><a href=\"https:\/\/www.groupesclavo.fr\/wp-content\/uploads\/2018\/11\/Anais-Courbet-3_Sclavo.mp3\">https:\/\/www.groupesclavo.fr\/wp-content\/uploads\/2018\/11\/Anais-Courbet-3_Sclavo.mp3<\/a><\/audio>\n<p>Charl\u00e8ne Pluchart, Asistente de RRHH en formaci\u00f3n en alternancia &#8211; 22 a\u00f1os (1 a\u00f1o en la empresa)<\/p>\n<audio class=\"wp-audio-shortcode\" id=\"audio-5525-3\" preload=\"none\" style=\"width: 100%;\" controls=\"controls\"><source type=\"audio\/mpeg\" src=\"https:\/\/www.groupesclavo.fr\/wp-content\/uploads\/2018\/11\/Charlene-Puchard.mp3?_=3\" \/><a href=\"https:\/\/www.groupesclavo.fr\/wp-content\/uploads\/2018\/11\/Charlene-Puchard.mp3\">https:\/\/www.groupesclavo.fr\/wp-content\/uploads\/2018\/11\/Charlene-Puchard.mp3<\/a><\/audio>\n<p>Coraline Chevrel, Administraci\u00f3n y Operaciones &#8211; 22 a\u00f1os<\/p>\n<audio class=\"wp-audio-shortcode\" id=\"audio-5525-4\" preload=\"none\" style=\"width: 100%;\" controls=\"controls\"><source type=\"audio\/mpeg\" src=\"https:\/\/www.groupesclavo.fr\/wp-content\/uploads\/2018\/11\/Coraline-Chevrel-Sclavo.mp3?_=4\" \/><a href=\"https:\/\/www.groupesclavo.fr\/wp-content\/uploads\/2018\/11\/Coraline-Chevrel-Sclavo.mp3\">https:\/\/www.groupesclavo.fr\/wp-content\/uploads\/2018\/11\/Coraline-Chevrel-Sclavo.mp3<\/a><\/audio>\n<p>Franck Restiaux, Jefe de Mantenimiento &#8211; 33 a\u00f1os (6 meses de antig\u00fcedad)<\/p>\n<audio class=\"wp-audio-shortcode\" id=\"audio-5525-5\" preload=\"none\" style=\"width: 100%;\" controls=\"controls\"><source type=\"audio\/mpeg\" src=\"https:\/\/www.groupesclavo.fr\/wp-content\/uploads\/2018\/11\/Franck-Restiaud.mp3?_=5\" \/><a href=\"https:\/\/www.groupesclavo.fr\/wp-content\/uploads\/2018\/11\/Franck-Restiaud.mp3\">https:\/\/www.groupesclavo.fr\/wp-content\/uploads\/2018\/11\/Franck-Restiaud.mp3<\/a><\/audio>\n<p>Juliette Auzeby, Asistente de Comunicaci\u00f3n &#8211; 24 a\u00f1os (1 a\u00f1o en la empresa)<\/p>\n<audio class=\"wp-audio-shortcode\" id=\"audio-5525-6\" preload=\"none\" style=\"width: 100%;\" controls=\"controls\"><source type=\"audio\/mpeg\" src=\"https:\/\/www.groupesclavo.fr\/wp-content\/uploads\/2018\/11\/Juliette-Ozebi-Sclavo-.mp3?_=6\" \/><a href=\"https:\/\/www.groupesclavo.fr\/wp-content\/uploads\/2018\/11\/Juliette-Ozebi-Sclavo-.mp3\">https:\/\/www.groupesclavo.fr\/wp-content\/uploads\/2018\/11\/Juliette-Ozebi-Sclavo-.mp3<\/a><\/audio>\n<p>Katia Garcia, Directora Administrativa &#8211; 47 a\u00f1os (3 a\u00f1os en la empresa)<\/p>\n<audio class=\"wp-audio-shortcode\" id=\"audio-5525-7\" preload=\"none\" style=\"width: 100%;\" controls=\"controls\"><source type=\"audio\/mpeg\" src=\"https:\/\/www.groupesclavo.fr\/wp-content\/uploads\/2018\/11\/Katia-Garcia-Sclavo.mp3?_=7\" \/><a href=\"https:\/\/www.groupesclavo.fr\/wp-content\/uploads\/2018\/11\/Katia-Garcia-Sclavo.mp3\">https:\/\/www.groupesclavo.fr\/wp-content\/uploads\/2018\/11\/Katia-Garcia-Sclavo.mp3<\/a><\/audio>\n<p>Nelly Cerato, Departamento de Facturaci\u00f3n e Inform\u00e1tica &#8211; 30 a\u00f1os (9 a\u00f1os en la empresa)<\/p>\n<audio class=\"wp-audio-shortcode\" id=\"audio-5525-8\" preload=\"none\" style=\"width: 100%;\" controls=\"controls\"><source type=\"audio\/mpeg\" src=\"https:\/\/www.groupesclavo.fr\/wp-content\/uploads\/2018\/11\/Nelly-Ceratto.mp3?_=8\" \/><a href=\"https:\/\/www.groupesclavo.fr\/wp-content\/uploads\/2018\/11\/Nelly-Ceratto.mp3\">https:\/\/www.groupesclavo.fr\/wp-content\/uploads\/2018\/11\/Nelly-Ceratto.mp3<\/a><\/audio>\n<p>Thibaut Cresp, Director Comercial &#8211; 29 a\u00f1os (3 a\u00f1os en la empresa)<\/p>\n<audio class=\"wp-audio-shortcode\" id=\"audio-5525-9\" preload=\"none\" style=\"width: 100%;\" controls=\"controls\"><source type=\"audio\/mpeg\" src=\"https:\/\/www.groupesclavo.fr\/wp-content\/uploads\/2018\/11\/Thibaut-Cresp-Sclavo.mp3?_=9\" \/><a href=\"https:\/\/www.groupesclavo.fr\/wp-content\/uploads\/2018\/11\/Thibaut-Cresp-Sclavo.mp3\">https:\/\/www.groupesclavo.fr\/wp-content\/uploads\/2018\/11\/Thibaut-Cresp-Sclavo.mp3<\/a><\/audio>\n<p>Bastien Gourtay, manipulador polivalente &#8211; 19 a\u00f1os (1 a\u00f1o de antig\u00fcedad)<\/p>\n<audio class=\"wp-audio-shortcode\" id=\"audio-5525-10\" preload=\"none\" style=\"width: 100%;\" controls=\"controls\"><source type=\"audio\/mpeg\" src=\"https:\/\/www.groupesclavo.fr\/wp-content\/uploads\/2018\/11\/04-10-Bastien-Gourtay-final.mp3?_=10\" \/><a href=\"https:\/\/www.groupesclavo.fr\/wp-content\/uploads\/2018\/11\/04-10-Bastien-Gourtay-final.mp3\">https:\/\/www.groupesclavo.fr\/wp-content\/uploads\/2018\/11\/04-10-Bastien-Gourtay-final.mp3<\/a><\/audio>\n<p>J\u00e9r\u00e9my El Guenaoui, director de Drap Eco-Relais &#8211; 32 a\u00f1os (7 a\u00f1os en la empresa)<\/p>\n<audio class=\"wp-audio-shortcode\" id=\"audio-5525-11\" preload=\"none\" style=\"width: 100%;\" controls=\"controls\"><source type=\"audio\/mpeg\" src=\"https:\/\/www.groupesclavo.fr\/wp-content\/uploads\/2018\/11\/08-11-Jeremie-Al-Ganaoui.mp3?_=11\" \/><a href=\"https:\/\/www.groupesclavo.fr\/wp-content\/uploads\/2018\/11\/08-11-Jeremie-Al-Ganaoui.mp3\">https:\/\/www.groupesclavo.fr\/wp-content\/uploads\/2018\/11\/08-11-Jeremie-Al-Ganaoui.mp3<\/a><\/audio>\n<p>S\u00e9bastien Banzet, Coordinador de obra (Eco-P\u00f4le Recyclage D\u00e9chets Dangereux) &#8211; 38 a\u00f1os (2 a\u00f1os de antig\u00fcedad)<\/p>\n<audio class=\"wp-audio-shortcode\" id=\"audio-5525-12\" preload=\"none\" style=\"width: 100%;\" controls=\"controls\"><source type=\"audio\/mpeg\" src=\"https:\/\/www.groupesclavo.fr\/wp-content\/uploads\/2018\/11\/14-06-S\u00e9bastien-Banzet-Sclavo.mp3?_=12\" \/><a href=\"https:\/\/www.groupesclavo.fr\/wp-content\/uploads\/2018\/11\/14-06-S\u00e9bastien-Banzet-Sclavo.mp3\">https:\/\/www.groupesclavo.fr\/wp-content\/uploads\/2018\/11\/14-06-S\u00e9bastien-Banzet-Sclavo.mp3<\/a><\/audio>\n<p>St\u00e9phane Trentin, Jefe de Conductores 06 &#8211; 47 a\u00f1os (25 a\u00f1os en la empresa)<\/p>\n<audio class=\"wp-audio-shortcode\" id=\"audio-5525-13\" preload=\"none\" style=\"width: 100%;\" controls=\"controls\"><source type=\"audio\/mpeg\" src=\"https:\/\/www.groupesclavo.fr\/wp-content\/uploads\/2018\/11\/15-11-St\u00e9phane-Trentin.mp3?_=13\" \/><a href=\"https:\/\/www.groupesclavo.fr\/wp-content\/uploads\/2018\/11\/15-11-St\u00e9phane-Trentin.mp3\">https:\/\/www.groupesclavo.fr\/wp-content\/uploads\/2018\/11\/15-11-St\u00e9phane-Trentin.mp3<\/a><\/audio>\n<p>Julien Brandelong, Departamento de Eco-Organizaciones &#8211; 31 a\u00f1os (6 meses de antig\u00fcedad)<\/p>\n<audio class=\"wp-audio-shortcode\" id=\"audio-5525-14\" preload=\"none\" style=\"width: 100%;\" controls=\"controls\"><source type=\"audio\/mpeg\" src=\"https:\/\/www.groupesclavo.fr\/wp-content\/uploads\/2018\/11\/20-09-Julien-Brandelang-sclavo.mp3?_=14\" \/><a href=\"https:\/\/www.groupesclavo.fr\/wp-content\/uploads\/2018\/11\/20-09-Julien-Brandelang-sclavo.mp3\">https:\/\/www.groupesclavo.fr\/wp-content\/uploads\/2018\/11\/20-09-Julien-Brandelang-sclavo.mp3<\/a><\/audio>\n<p>Louis Simonklein, Operador de Equipos \/ T\u00e9cnico Polivalente &#8211; 34 a\u00f1os (16 a\u00f1os de antig\u00fcedad)<\/p>\n<audio class=\"wp-audio-shortcode\" id=\"audio-5525-15\" preload=\"none\" style=\"width: 100%;\" controls=\"controls\"><source type=\"audio\/mpeg\" src=\"https:\/\/www.groupesclavo.fr\/wp-content\/uploads\/2018\/11\/21-06-Louis-Simonklein-Sclavo-final.mp3?_=15\" \/><a href=\"https:\/\/www.groupesclavo.fr\/wp-content\/uploads\/2018\/11\/21-06-Louis-Simonklein-Sclavo-final.mp3\">https:\/\/www.groupesclavo.fr\/wp-content\/uploads\/2018\/11\/21-06-Louis-Simonklein-Sclavo-final.mp3<\/a><\/audio>\n<p>Anne Raspado, Contable &#8211; 52 a\u00f1os (7 a\u00f1os en la empresa)<\/p>\n<audio class=\"wp-audio-shortcode\" id=\"audio-5525-16\" preload=\"none\" style=\"width: 100%;\" controls=\"controls\"><source type=\"audio\/mpeg\" src=\"https:\/\/www.groupesclavo.fr\/wp-content\/uploads\/2018\/11\/22-11-ANNE-RASPADO-SCLAVO.mp3?_=16\" \/><a href=\"https:\/\/www.groupesclavo.fr\/wp-content\/uploads\/2018\/11\/22-11-ANNE-RASPADO-SCLAVO.mp3\">https:\/\/www.groupesclavo.fr\/wp-content\/uploads\/2018\/11\/22-11-ANNE-RASPADO-SCLAVO.mp3<\/a><\/audio>\n<p>Nathalie Sourisseau, Asistente administrativa polivalente &#8211; 55 a\u00f1os (3 a\u00f1os de antig\u00fcedad)<\/p>\n<audio class=\"wp-audio-shortcode\" id=\"audio-5525-17\" preload=\"none\" style=\"width: 100%;\" controls=\"controls\"><source type=\"audio\/mpeg\" src=\"https:\/\/www.groupesclavo.fr\/wp-content\/uploads\/2018\/11\/27-09-Nathalie-Sourisseau-Final.mp3?_=17\" \/><a href=\"https:\/\/www.groupesclavo.fr\/wp-content\/uploads\/2018\/11\/27-09-Nathalie-Sourisseau-Final.mp3\">https:\/\/www.groupesclavo.fr\/wp-content\/uploads\/2018\/11\/27-09-Nathalie-Sourisseau-Final.mp3<\/a><\/audio>\n<p>Marjorie Juppet, Departamento de Planificaci\u00f3n &#8211; 26 a\u00f1os (10 meses de antig\u00fcedad)<\/p>\n<audio class=\"wp-audio-shortcode\" id=\"audio-5525-18\" preload=\"none\" style=\"width: 100%;\" controls=\"controls\"><source type=\"audio\/mpeg\" src=\"https:\/\/www.groupesclavo.fr\/wp-content\/uploads\/2018\/11\/28-06-Marjorie-Juppet-final-_01.mp3?_=18\" \/><a href=\"https:\/\/www.groupesclavo.fr\/wp-content\/uploads\/2018\/11\/28-06-Marjorie-Juppet-final-_01.mp3\">https:\/\/www.groupesclavo.fr\/wp-content\/uploads\/2018\/11\/28-06-Marjorie-Juppet-final-_01.mp3<\/a><\/audio>\n<p>Zora Rotta, Directora de Recursos Humanos &#8211; 31 a\u00f1os (11 a\u00f1os en la empresa)<\/p>\n<audio class=\"wp-audio-shortcode\" id=\"audio-5525-19\" preload=\"none\" style=\"width: 100%;\" controls=\"controls\"><source type=\"audio\/mpeg\" src=\"https:\/\/www.groupesclavo.fr\/wp-content\/uploads\/2018\/11\/29-11-ZOHRA-ROTTA-SCLAVO.mp3?_=19\" \/><a href=\"https:\/\/www.groupesclavo.fr\/wp-content\/uploads\/2018\/11\/29-11-ZOHRA-ROTTA-SCLAVO.mp3\">https:\/\/www.groupesclavo.fr\/wp-content\/uploads\/2018\/11\/29-11-ZOHRA-ROTTA-SCLAVO.mp3<\/a><\/audio>\n<p>Antoine Giallo, Director de La Roquette Eco-Relais &#8211; 54 a\u00f1os (17 a\u00f1os en la empresa)<\/p>\n<audio class=\"wp-audio-shortcode\" id=\"audio-5525-20\" preload=\"none\" style=\"width: 100%;\" controls=\"controls\"><source type=\"audio\/mpeg\" src=\"https:\/\/www.groupesclavo.fr\/wp-content\/uploads\/2018\/11\/Antoine-Gialo.mp3?_=20\" \/><a href=\"https:\/\/www.groupesclavo.fr\/wp-content\/uploads\/2018\/11\/Antoine-Gialo.mp3\">https:\/\/www.groupesclavo.fr\/wp-content\/uploads\/2018\/11\/Antoine-Gialo.mp3<\/a><\/audio>\n<p>Fabien Sini, Director de Operaciones de Residuos Peligrosos &#8211; 30 a\u00f1os (5 a\u00f1os de antig\u00fcedad)<\/p>\n<audio class=\"wp-audio-shortcode\" id=\"audio-5525-21\" preload=\"none\" style=\"width: 100%;\" controls=\"controls\"><source type=\"audio\/mpeg\" src=\"https:\/\/www.groupesclavo.fr\/wp-content\/uploads\/2018\/11\/Fabien-Sini-final.mp3?_=21\" \/><a href=\"https:\/\/www.groupesclavo.fr\/wp-content\/uploads\/2018\/11\/Fabien-Sini-final.mp3\">https:\/\/www.groupesclavo.fr\/wp-content\/uploads\/2018\/11\/Fabien-Sini-final.mp3<\/a><\/audio>\n<p>Jimmy Duribreux, Director Adjunto del Ecocl\u00faster de Hierros y Metales &#8211; 22 a\u00f1os (2 a\u00f1os de antig\u00fcedad)<\/p>\n<audio class=\"wp-audio-shortcode\" id=\"audio-5525-22\" preload=\"none\" style=\"width: 100%;\" controls=\"controls\"><source type=\"audio\/mpeg\" src=\"https:\/\/www.groupesclavo.fr\/wp-content\/uploads\/2018\/11\/Jimmy-Duribreux-final-.mp3?_=22\" \/><a href=\"https:\/\/www.groupesclavo.fr\/wp-content\/uploads\/2018\/11\/Jimmy-Duribreux-final-.mp3\">https:\/\/www.groupesclavo.fr\/wp-content\/uploads\/2018\/11\/Jimmy-Duribreux-final-.mp3<\/a><\/audio>\n<p>Karolina Luccantoni, Responsable de Facturaci\u00f3n DD &#8211; 34 a\u00f1os (1 a\u00f1o y medio de antig\u00fcedad)<\/p>\n<audio class=\"wp-audio-shortcode\" id=\"audio-5525-23\" preload=\"none\" style=\"width: 100%;\" controls=\"controls\"><source type=\"audio\/mpeg\" src=\"https:\/\/www.groupesclavo.fr\/wp-content\/uploads\/2018\/11\/Karolina-Luccantoni-Final-.mp3?_=23\" \/><a href=\"https:\/\/www.groupesclavo.fr\/wp-content\/uploads\/2018\/11\/Karolina-Luccantoni-Final-.mp3\">https:\/\/www.groupesclavo.fr\/wp-content\/uploads\/2018\/11\/Karolina-Luccantoni-Final-.mp3<\/a><\/audio>\n<p>Pauline Carrozza, Coordinadora de QSE &#8211; 27 a\u00f1os (3 a\u00f1os en la empresa)<\/p>\n<audio class=\"wp-audio-shortcode\" id=\"audio-5525-24\" preload=\"none\" style=\"width: 100%;\" controls=\"controls\"><source type=\"audio\/mpeg\" src=\"https:\/\/www.groupesclavo.fr\/wp-content\/uploads\/2018\/11\/Pauline-Carroza-final-.mp3?_=24\" \/><a href=\"https:\/\/www.groupesclavo.fr\/wp-content\/uploads\/2018\/11\/Pauline-Carroza-final-.mp3\">https:\/\/www.groupesclavo.fr\/wp-content\/uploads\/2018\/11\/Pauline-Carroza-final-.mp3<\/a><\/audio>\n<p>Alicia Sclavo, programa de integraci\u00f3n del Grupo Familiar &#8211; 22 a\u00f1os<\/p>\n<audio class=\"wp-audio-shortcode\" id=\"audio-5525-25\" preload=\"none\" style=\"width: 100%;\" controls=\"controls\"><source type=\"audio\/mpeg\" src=\"https:\/\/www.groupesclavo.fr\/wp-content\/uploads\/2018\/11\/ALICIA-SCLAVO.mp3?_=25\" \/><a href=\"https:\/\/www.groupesclavo.fr\/wp-content\/uploads\/2018\/11\/ALICIA-SCLAVO.mp3\">https:\/\/www.groupesclavo.fr\/wp-content\/uploads\/2018\/11\/ALICIA-SCLAVO.mp3<\/a><\/audio>\n<p>Anais Zucchetto, Asistente de Ventas &#8211;<\/p>\n<audio class=\"wp-audio-shortcode\" id=\"audio-5525-26\" preload=\"none\" style=\"width: 100%;\" controls=\"controls\"><source type=\"audio\/mpeg\" src=\"https:\/\/www.groupesclavo.fr\/wp-content\/uploads\/2018\/11\/ANAIS-ZUCCHETTO.mp3?_=26\" \/><a href=\"https:\/\/www.groupesclavo.fr\/wp-content\/uploads\/2018\/11\/ANAIS-ZUCCHETTO.mp3\">https:\/\/www.groupesclavo.fr\/wp-content\/uploads\/2018\/11\/ANAIS-ZUCCHETTO.mp3<\/a><\/audio>\n<p>Bernard Follesa, Director Comercial &#8211; (34 a\u00f1os de antig\u00fcedad)<\/p>\n<audio class=\"wp-audio-shortcode\" id=\"audio-5525-27\" preload=\"none\" style=\"width: 100%;\" controls=\"controls\"><source type=\"audio\/mpeg\" src=\"https:\/\/www.groupesclavo.fr\/wp-content\/uploads\/2018\/11\/BERNARD-FOLLESA.mp3?_=27\" \/><a href=\"https:\/\/www.groupesclavo.fr\/wp-content\/uploads\/2018\/11\/BERNARD-FOLLESA.mp3\">https:\/\/www.groupesclavo.fr\/wp-content\/uploads\/2018\/11\/BERNARD-FOLLESA.mp3<\/a><\/audio>\n<p>Bilel Sidaoui, Coordinador de QSE &#8211; 27 a\u00f1os<\/p>\n<audio class=\"wp-audio-shortcode\" id=\"audio-5525-28\" preload=\"none\" style=\"width: 100%;\" controls=\"controls\"><source type=\"audio\/mpeg\" src=\"https:\/\/www.groupesclavo.fr\/wp-content\/uploads\/2018\/11\/BILEL-SIDAOUI.mp3?_=28\" \/><a href=\"https:\/\/www.groupesclavo.fr\/wp-content\/uploads\/2018\/11\/BILEL-SIDAOUI.mp3\">https:\/\/www.groupesclavo.fr\/wp-content\/uploads\/2018\/11\/BILEL-SIDAOUI.mp3<\/a><\/audio>\n<p>C\u00e9dric Covarelli, Maquinista y director adjunto de Drap Eco-Relais &#8211; 35 a\u00f1os (13 de antig\u00fcedad)<\/p>\n<audio class=\"wp-audio-shortcode\" id=\"audio-5525-29\" preload=\"none\" style=\"width: 100%;\" controls=\"controls\"><source type=\"audio\/mpeg\" src=\"https:\/\/www.groupesclavo.fr\/wp-content\/uploads\/2018\/11\/CEDRIC-COVARELLI.mp3?_=29\" \/><a href=\"https:\/\/www.groupesclavo.fr\/wp-content\/uploads\/2018\/11\/CEDRIC-COVARELLI.mp3\">https:\/\/www.groupesclavo.fr\/wp-content\/uploads\/2018\/11\/CEDRIC-COVARELLI.mp3<\/a><\/audio>\n<p>Silvere Caisson, conductor de cami\u00f3n &#8211; 33 a\u00f1os (12 a\u00f1os de antig\u00fcedad)<\/p>\n<audio class=\"wp-audio-shortcode\" id=\"audio-5525-30\" preload=\"none\" style=\"width: 100%;\" controls=\"controls\"><source type=\"audio\/mpeg\" src=\"https:\/\/www.groupesclavo.fr\/wp-content\/uploads\/2018\/11\/SILVERE-CAISSON.mp3?_=30\" \/><a href=\"https:\/\/www.groupesclavo.fr\/wp-content\/uploads\/2018\/11\/SILVERE-CAISSON.mp3\">https:\/\/www.groupesclavo.fr\/wp-content\/uploads\/2018\/11\/SILVERE-CAISSON.mp3<\/a><\/audio>\n","protected":false},"excerpt":{"rendered":"<p>A trav\u00e9s de una colaboraci\u00f3n con RADIO \u00c9MOTION, el Grupo Sclavo Environnement ha querido destacar a las mujeres y los hombres que contribuyen diariamente al \u00e9xito de la empresa [&hellip;]<\/p>\n","protected":false},"author":4,"featured_media":5491,"comment_status":"closed","ping_status":"closed","sticky":false,"template":"","format":"standard","meta":{"inline_featured_image":false,"footnotes":""},"categories":[104,109,84],"tags":[],"class_list":["post-5525","post","type-post","status-publish","format-standard","has-post-thumbnail","hentry","category-recursos-humanos","category-programa-las-personas-nuestro-1er-recurso","category-todas-las-noticias"],"yoast_head":"<!-- This site is optimized with the Yoast SEO plugin v27.4 - https:\/\/yoast.com\/product\/yoast-seo-wordpress\/ -->\n<title>Las personas, nuestro recurso m\u00e1s importante ... - Sclavo<\/title>\n<meta name=\"robots\" content=\"index, follow, max-snippet:-1, max-image-preview:large, max-video-preview:-1\" \/>\n<link rel=\"canonical\" href=\"https:\/\/www.groupesclavo.fr\/es\/todas-las-noticias\/las-personas-nuestro-recurso-mas-importante\/\" \/>\n<meta property=\"og:locale\" content=\"es_ES\" \/>\n<meta property=\"og:type\" content=\"article\" \/>\n<meta property=\"og:title\" content=\"Las personas, nuestro recurso m\u00e1s importante ... - Sclavo\" \/>\n<meta property=\"og:description\" content=\"A trav\u00e9s de una colaboraci\u00f3n con RADIO \u00c9MOTION, el Grupo Sclavo Environnement ha querido destacar a las mujeres y los hombres que contribuyen diariamente al \u00e9xito de la empresa [&hellip;]\" \/>\n<meta property=\"og:url\" content=\"https:\/\/www.groupesclavo.fr\/es\/todas-las-noticias\/las-personas-nuestro-recurso-mas-importante\/\" \/>\n<meta property=\"og:site_name\" content=\"Sclavo\" \/>\n<meta property=\"article:published_time\" content=\"2018-11-27T11:13:41+00:00\" \/>\n<meta property=\"article:modified_time\" content=\"2026-04-29T08:40:18+00:00\" \/>\n<meta property=\"og:image\" content=\"https:\/\/www.groupesclavo.fr\/wp-content\/uploads\/2025\/06\/Unknown.png\" \/>\n\t<meta property=\"og:image:width\" content=\"225\" \/>\n\t<meta property=\"og:image:height\" content=\"225\" \/>\n\t<meta property=\"og:image:type\" content=\"image\/png\" \/>\n<meta name=\"author\" content=\"net-concept\" \/>\n<meta name=\"twitter:card\" content=\"summary_large_image\" \/>\n<meta name=\"twitter:label1\" content=\"Written by\" \/>\n\t<meta name=\"twitter:data1\" content=\"net-concept\" \/>\n\t<meta name=\"twitter:label2\" content=\"Est. reading time\" \/>\n\t<meta name=\"twitter:data2\" content=\"4 minutes\" \/>\n<script type=\"application\/ld+json\" class=\"yoast-schema-graph\">{\"@context\":\"https:\\\/\\\/schema.org\",\"@graph\":[{\"@type\":\"Article\",\"@id\":\"https:\\\/\\\/www.groupesclavo.fr\\\/es\\\/todas-las-noticias\\\/las-personas-nuestro-recurso-mas-importante\\\/#article\",\"isPartOf\":{\"@id\":\"https:\\\/\\\/www.groupesclavo.fr\\\/es\\\/todas-las-noticias\\\/las-personas-nuestro-recurso-mas-importante\\\/\"},\"author\":{\"name\":\"net-concept\",\"@id\":\"https:\\\/\\\/www.groupesclavo.fr\\\/es\\\/#\\\/schema\\\/person\\\/cce451e392f3726778682f885b5f85d6\"},\"headline\":\"Las personas, nuestro recurso m\u00e1s importante &#8230;\",\"datePublished\":\"2018-11-27T11:13:41+00:00\",\"dateModified\":\"2026-04-29T08:40:18+00:00\",\"mainEntityOfPage\":{\"@id\":\"https:\\\/\\\/www.groupesclavo.fr\\\/es\\\/todas-las-noticias\\\/las-personas-nuestro-recurso-mas-importante\\\/\"},\"wordCount\":819,\"publisher\":{\"@id\":\"https:\\\/\\\/www.groupesclavo.fr\\\/es\\\/#organization\"},\"image\":{\"@id\":\"https:\\\/\\\/www.groupesclavo.fr\\\/es\\\/todas-las-noticias\\\/las-personas-nuestro-recurso-mas-importante\\\/#primaryimage\"},\"thumbnailUrl\":\"https:\\\/\\\/www.groupesclavo.fr\\\/wp-content\\\/uploads\\\/2025\\\/06\\\/Unknown.png\",\"articleSection\":[\"Recursos humanos\",\"Programa: Las personas, nuestro 1er recurso\",\"Todas las noticias\"],\"inLanguage\":\"es-ES\"},{\"@type\":\"WebPage\",\"@id\":\"https:\\\/\\\/www.groupesclavo.fr\\\/es\\\/todas-las-noticias\\\/las-personas-nuestro-recurso-mas-importante\\\/\",\"url\":\"https:\\\/\\\/www.groupesclavo.fr\\\/es\\\/todas-las-noticias\\\/las-personas-nuestro-recurso-mas-importante\\\/\",\"name\":\"Las personas, nuestro recurso m\u00e1s importante ... - Sclavo\",\"isPartOf\":{\"@id\":\"https:\\\/\\\/www.groupesclavo.fr\\\/es\\\/#website\"},\"primaryImageOfPage\":{\"@id\":\"https:\\\/\\\/www.groupesclavo.fr\\\/es\\\/todas-las-noticias\\\/las-personas-nuestro-recurso-mas-importante\\\/#primaryimage\"},\"image\":{\"@id\":\"https:\\\/\\\/www.groupesclavo.fr\\\/es\\\/todas-las-noticias\\\/las-personas-nuestro-recurso-mas-importante\\\/#primaryimage\"},\"thumbnailUrl\":\"https:\\\/\\\/www.groupesclavo.fr\\\/wp-content\\\/uploads\\\/2025\\\/06\\\/Unknown.png\",\"datePublished\":\"2018-11-27T11:13:41+00:00\",\"dateModified\":\"2026-04-29T08:40:18+00:00\",\"breadcrumb\":{\"@id\":\"https:\\\/\\\/www.groupesclavo.fr\\\/es\\\/todas-las-noticias\\\/las-personas-nuestro-recurso-mas-importante\\\/#breadcrumb\"},\"inLanguage\":\"es-ES\",\"potentialAction\":[{\"@type\":\"ReadAction\",\"target\":[\"https:\\\/\\\/www.groupesclavo.fr\\\/es\\\/todas-las-noticias\\\/las-personas-nuestro-recurso-mas-importante\\\/\"]}]},{\"@type\":\"ImageObject\",\"inLanguage\":\"es-ES\",\"@id\":\"https:\\\/\\\/www.groupesclavo.fr\\\/es\\\/todas-las-noticias\\\/las-personas-nuestro-recurso-mas-importante\\\/#primaryimage\",\"url\":\"https:\\\/\\\/www.groupesclavo.fr\\\/wp-content\\\/uploads\\\/2025\\\/06\\\/Unknown.png\",\"contentUrl\":\"https:\\\/\\\/www.groupesclavo.fr\\\/wp-content\\\/uploads\\\/2025\\\/06\\\/Unknown.png\",\"width\":225,\"height\":225},{\"@type\":\"BreadcrumbList\",\"@id\":\"https:\\\/\\\/www.groupesclavo.fr\\\/es\\\/todas-las-noticias\\\/las-personas-nuestro-recurso-mas-importante\\\/#breadcrumb\",\"itemListElement\":[{\"@type\":\"ListItem\",\"position\":1,\"name\":\"Accueil\",\"item\":\"https:\\\/\\\/www.groupesclavo.fr\\\/es\\\/?page_id=5527\"},{\"@type\":\"ListItem\",\"position\":2,\"name\":\"Las personas, nuestro recurso m\u00e1s importante &#8230;\"}]},{\"@type\":\"WebSite\",\"@id\":\"https:\\\/\\\/www.groupesclavo.fr\\\/es\\\/#website\",\"url\":\"https:\\\/\\\/www.groupesclavo.fr\\\/es\\\/\",\"name\":\"Sclavo\",\"description\":\"\",\"publisher\":{\"@id\":\"https:\\\/\\\/www.groupesclavo.fr\\\/es\\\/#organization\"},\"potentialAction\":[{\"@type\":\"SearchAction\",\"target\":{\"@type\":\"EntryPoint\",\"urlTemplate\":\"https:\\\/\\\/www.groupesclavo.fr\\\/es\\\/?s={search_term_string}\"},\"query-input\":{\"@type\":\"PropertyValueSpecification\",\"valueRequired\":true,\"valueName\":\"search_term_string\"}}],\"inLanguage\":\"es-ES\"},{\"@type\":\"Organization\",\"@id\":\"https:\\\/\\\/www.groupesclavo.fr\\\/es\\\/#organization\",\"name\":\"Sclavo\",\"url\":\"https:\\\/\\\/www.groupesclavo.fr\\\/es\\\/\",\"logo\":{\"@type\":\"ImageObject\",\"inLanguage\":\"es-ES\",\"@id\":\"https:\\\/\\\/www.groupesclavo.fr\\\/es\\\/#\\\/schema\\\/logo\\\/image\\\/\",\"url\":\"https:\\\/\\\/www.groupesclavo.fr\\\/wp-content\\\/uploads\\\/2024\\\/11\\\/logo-1.svg\",\"contentUrl\":\"https:\\\/\\\/www.groupesclavo.fr\\\/wp-content\\\/uploads\\\/2024\\\/11\\\/logo-1.svg\",\"width\":191,\"height\":57,\"caption\":\"Sclavo\"},\"image\":{\"@id\":\"https:\\\/\\\/www.groupesclavo.fr\\\/es\\\/#\\\/schema\\\/logo\\\/image\\\/\"}},{\"@type\":\"Person\",\"@id\":\"https:\\\/\\\/www.groupesclavo.fr\\\/es\\\/#\\\/schema\\\/person\\\/cce451e392f3726778682f885b5f85d6\",\"name\":\"net-concept\",\"image\":{\"@type\":\"ImageObject\",\"inLanguage\":\"es-ES\",\"@id\":\"https:\\\/\\\/secure.gravatar.com\\\/avatar\\\/8406d47cf424cb6f1c7c9a655e87e793c9a1a5eccdf20a2bca376c84dc550590?s=96&d=mm&r=g\",\"url\":\"https:\\\/\\\/secure.gravatar.com\\\/avatar\\\/8406d47cf424cb6f1c7c9a655e87e793c9a1a5eccdf20a2bca376c84dc550590?s=96&d=mm&r=g\",\"contentUrl\":\"https:\\\/\\\/secure.gravatar.com\\\/avatar\\\/8406d47cf424cb6f1c7c9a655e87e793c9a1a5eccdf20a2bca376c84dc550590?s=96&d=mm&r=g\",\"caption\":\"net-concept\"}}]}<\/script>\n<!-- \/ Yoast SEO plugin. -->","yoast_head_json":{"title":"Las personas, nuestro recurso m\u00e1s importante ... - Sclavo","robots":{"index":"index","follow":"follow","max-snippet":"max-snippet:-1","max-image-preview":"max-image-preview:large","max-video-preview":"max-video-preview:-1"},"canonical":"https:\/\/www.groupesclavo.fr\/es\/todas-las-noticias\/las-personas-nuestro-recurso-mas-importante\/","og_locale":"es_ES","og_type":"article","og_title":"Las personas, nuestro recurso m\u00e1s importante ... - Sclavo","og_description":"A trav\u00e9s de una colaboraci\u00f3n con RADIO \u00c9MOTION, el Grupo Sclavo Environnement ha querido destacar a las mujeres y los hombres que contribuyen diariamente al \u00e9xito de la empresa [&hellip;]","og_url":"https:\/\/www.groupesclavo.fr\/es\/todas-las-noticias\/las-personas-nuestro-recurso-mas-importante\/","og_site_name":"Sclavo","article_published_time":"2018-11-27T11:13:41+00:00","article_modified_time":"2026-04-29T08:40:18+00:00","og_image":[{"width":225,"height":225,"url":"https:\/\/www.groupesclavo.fr\/wp-content\/uploads\/2025\/06\/Unknown.png","type":"image\/png"}],"author":"net-concept","twitter_card":"summary_large_image","twitter_misc":{"Written by":"net-concept","Est. reading time":"4 minutes"},"schema":{"@context":"https:\/\/schema.org","@graph":[{"@type":"Article","@id":"https:\/\/www.groupesclavo.fr\/es\/todas-las-noticias\/las-personas-nuestro-recurso-mas-importante\/#article","isPartOf":{"@id":"https:\/\/www.groupesclavo.fr\/es\/todas-las-noticias\/las-personas-nuestro-recurso-mas-importante\/"},"author":{"name":"net-concept","@id":"https:\/\/www.groupesclavo.fr\/es\/#\/schema\/person\/cce451e392f3726778682f885b5f85d6"},"headline":"Las personas, nuestro recurso m\u00e1s importante &#8230;","datePublished":"2018-11-27T11:13:41+00:00","dateModified":"2026-04-29T08:40:18+00:00","mainEntityOfPage":{"@id":"https:\/\/www.groupesclavo.fr\/es\/todas-las-noticias\/las-personas-nuestro-recurso-mas-importante\/"},"wordCount":819,"publisher":{"@id":"https:\/\/www.groupesclavo.fr\/es\/#organization"},"image":{"@id":"https:\/\/www.groupesclavo.fr\/es\/todas-las-noticias\/las-personas-nuestro-recurso-mas-importante\/#primaryimage"},"thumbnailUrl":"https:\/\/www.groupesclavo.fr\/wp-content\/uploads\/2025\/06\/Unknown.png","articleSection":["Recursos humanos","Programa: Las personas, nuestro 1er recurso","Todas las noticias"],"inLanguage":"es-ES"},{"@type":"WebPage","@id":"https:\/\/www.groupesclavo.fr\/es\/todas-las-noticias\/las-personas-nuestro-recurso-mas-importante\/","url":"https:\/\/www.groupesclavo.fr\/es\/todas-las-noticias\/las-personas-nuestro-recurso-mas-importante\/","name":"Las personas, nuestro recurso m\u00e1s importante ... - Sclavo","isPartOf":{"@id":"https:\/\/www.groupesclavo.fr\/es\/#website"},"primaryImageOfPage":{"@id":"https:\/\/www.groupesclavo.fr\/es\/todas-las-noticias\/las-personas-nuestro-recurso-mas-importante\/#primaryimage"},"image":{"@id":"https:\/\/www.groupesclavo.fr\/es\/todas-las-noticias\/las-personas-nuestro-recurso-mas-importante\/#primaryimage"},"thumbnailUrl":"https:\/\/www.groupesclavo.fr\/wp-content\/uploads\/2025\/06\/Unknown.png","datePublished":"2018-11-27T11:13:41+00:00","dateModified":"2026-04-29T08:40:18+00:00","breadcrumb":{"@id":"https:\/\/www.groupesclavo.fr\/es\/todas-las-noticias\/las-personas-nuestro-recurso-mas-importante\/#breadcrumb"},"inLanguage":"es-ES","potentialAction":[{"@type":"ReadAction","target":["https:\/\/www.groupesclavo.fr\/es\/todas-las-noticias\/las-personas-nuestro-recurso-mas-importante\/"]}]},{"@type":"ImageObject","inLanguage":"es-ES","@id":"https:\/\/www.groupesclavo.fr\/es\/todas-las-noticias\/las-personas-nuestro-recurso-mas-importante\/#primaryimage","url":"https:\/\/www.groupesclavo.fr\/wp-content\/uploads\/2025\/06\/Unknown.png","contentUrl":"https:\/\/www.groupesclavo.fr\/wp-content\/uploads\/2025\/06\/Unknown.png","width":225,"height":225},{"@type":"BreadcrumbList","@id":"https:\/\/www.groupesclavo.fr\/es\/todas-las-noticias\/las-personas-nuestro-recurso-mas-importante\/#breadcrumb","itemListElement":[{"@type":"ListItem","position":1,"name":"Accueil","item":"https:\/\/www.groupesclavo.fr\/es\/?page_id=5527"},{"@type":"ListItem","position":2,"name":"Las personas, nuestro recurso m\u00e1s importante &#8230;"}]},{"@type":"WebSite","@id":"https:\/\/www.groupesclavo.fr\/es\/#website","url":"https:\/\/www.groupesclavo.fr\/es\/","name":"Sclavo","description":"","publisher":{"@id":"https:\/\/www.groupesclavo.fr\/es\/#organization"},"potentialAction":[{"@type":"SearchAction","target":{"@type":"EntryPoint","urlTemplate":"https:\/\/www.groupesclavo.fr\/es\/?s={search_term_string}"},"query-input":{"@type":"PropertyValueSpecification","valueRequired":true,"valueName":"search_term_string"}}],"inLanguage":"es-ES"},{"@type":"Organization","@id":"https:\/\/www.groupesclavo.fr\/es\/#organization","name":"Sclavo","url":"https:\/\/www.groupesclavo.fr\/es\/","logo":{"@type":"ImageObject","inLanguage":"es-ES","@id":"https:\/\/www.groupesclavo.fr\/es\/#\/schema\/logo\/image\/","url":"https:\/\/www.groupesclavo.fr\/wp-content\/uploads\/2024\/11\/logo-1.svg","contentUrl":"https:\/\/www.groupesclavo.fr\/wp-content\/uploads\/2024\/11\/logo-1.svg","width":191,"height":57,"caption":"Sclavo"},"image":{"@id":"https:\/\/www.groupesclavo.fr\/es\/#\/schema\/logo\/image\/"}},{"@type":"Person","@id":"https:\/\/www.groupesclavo.fr\/es\/#\/schema\/person\/cce451e392f3726778682f885b5f85d6","name":"net-concept","image":{"@type":"ImageObject","inLanguage":"es-ES","@id":"https:\/\/secure.gravatar.com\/avatar\/8406d47cf424cb6f1c7c9a655e87e793c9a1a5eccdf20a2bca376c84dc550590?s=96&d=mm&r=g","url":"https:\/\/secure.gravatar.com\/avatar\/8406d47cf424cb6f1c7c9a655e87e793c9a1a5eccdf20a2bca376c84dc550590?s=96&d=mm&r=g","contentUrl":"https:\/\/secure.gravatar.com\/avatar\/8406d47cf424cb6f1c7c9a655e87e793c9a1a5eccdf20a2bca376c84dc550590?s=96&d=mm&r=g","caption":"net-concept"}}]}},"_links":{"self":[{"href":"https:\/\/www.groupesclavo.fr\/es\/wp-json\/wp\/v2\/posts\/5525","targetHints":{"allow":["GET"]}}],"collection":[{"href":"https:\/\/www.groupesclavo.fr\/es\/wp-json\/wp\/v2\/posts"}],"about":[{"href":"https:\/\/www.groupesclavo.fr\/es\/wp-json\/wp\/v2\/types\/post"}],"author":[{"embeddable":true,"href":"https:\/\/www.groupesclavo.fr\/es\/wp-json\/wp\/v2\/users\/4"}],"replies":[{"embeddable":true,"href":"https:\/\/www.groupesclavo.fr\/es\/wp-json\/wp\/v2\/comments?post=5525"}],"version-history":[{"count":1,"href":"https:\/\/www.groupesclavo.fr\/es\/wp-json\/wp\/v2\/posts\/5525\/revisions"}],"predecessor-version":[{"id":5526,"href":"https:\/\/www.groupesclavo.fr\/es\/wp-json\/wp\/v2\/posts\/5525\/revisions\/5526"}],"wp:featuredmedia":[{"embeddable":true,"href":"https:\/\/www.groupesclavo.fr\/es\/wp-json\/wp\/v2\/media\/5491"}],"wp:attachment":[{"href":"https:\/\/www.groupesclavo.fr\/es\/wp-json\/wp\/v2\/media?parent=5525"}],"wp:term":[{"taxonomy":"category","embeddable":true,"href":"https:\/\/www.groupesclavo.fr\/es\/wp-json\/wp\/v2\/categories?post=5525"},{"taxonomy":"post_tag","embeddable":true,"href":"https:\/\/www.groupesclavo.fr\/es\/wp-json\/wp\/v2\/tags?post=5525"}],"curies":[{"name":"wp","href":"https:\/\/api.w.org\/{rel}","templated":true}]}}