{"id":5514,"date":"2018-01-19T11:54:52","date_gmt":"2018-01-19T10:54:52","guid":{"rendered":"https:\/\/www.groupesclavo.fr\/sin-categoria\/cop-21-cmp-11-los-proximos-pasos\/"},"modified":"2026-04-29T10:39:26","modified_gmt":"2026-04-29T08:39:26","slug":"cop-21-cmp-11-los-proximos-pasos","status":"publish","type":"post","link":"https:\/\/www.groupesclavo.fr\/es\/todas-las-noticias\/cop-21-cmp-11-los-proximos-pasos\/","title":{"rendered":"COP 21 \/ CMP 11: \u00a1Los pr\u00f3ximos pasos!"},"content":{"rendered":"<p>&#8220;2015 fue el a\u00f1o de las negociaciones y las decisiones, 2016 debe ser el a\u00f1o de la aplicaci\u00f3n y la acci\u00f3n&#8221;, declar\u00f3 el presidente de la COP21, Laurent Fabius, en una entrevista concedida <em>al<\/em> diario <em>Le Monde<\/em> el 11 de enero.<\/p>\n<p>Un mes despu\u00e9s de la adopci\u00f3n del Acuerdo de Par\u00eds el 12 de diciembre por 195 pa\u00edses, la Presidencia francesa est\u00e1 trabajando con toda la comunidad internacional y en colaboraci\u00f3n con Marruecos, que ostenta la presidencia de la COP22, para transformar los principios establecidos en Par\u00eds en acciones concretas. Dado que la Presidencia de una COP no cesa una vez que se ha girado el martillo, dura un a\u00f1o, hasta que se inicie la siguiente COP. <\/p>\n<p>El programa de 2016 incluye cuatro grandes acontecimientos:<\/p>\n<p>la <strong>ceremonia de firma del Acuerdo el 22 de abril<\/strong> en la sede de la ONU en Nueva York. Los pa\u00edses dispondr\u00e1n entonces de un a\u00f1o para ratificar el acuerdo. El tratado prev\u00e9 su entrada en vigor 30 d\u00edas despu\u00e9s de su ratificaci\u00f3n por al menos 55 Estados que representen como m\u00ednimo el 55% del volumen total de emisiones de gases de efecto invernadero.  <\/p>\n<p>Publicaci\u00f3n por la CMNUCC de un <strong>nuevo informe de s\u00edntesis sobre las NDC el 2 de mayo<\/strong>. Este informe tendr\u00e1 en cuenta las 187 contribuciones publicadas (m\u00e1s las que se presenten de aqu\u00ed al 4 de abril). El informe anterior (30 de octubre) se basaba en 146 contribuciones. <\/p>\n<p>la <strong>sesi\u00f3n de negociaci\u00f3n<\/strong> en Bonn (Alemania), sede de la CMNUCC, <strong>del 16 al 26 de mayo<\/strong>, que ser\u00e1 la primera sesi\u00f3n desde la adopci\u00f3n del acuerdo, con la primera reuni\u00f3n del &#8220;Comit\u00e9 ad hoc del Acuerdo de Par\u00eds&#8221; (CAAP) encargado de preparar las decisiones sobre la aplicaci\u00f3n del Acuerdo de Par\u00eds.<\/p>\n<p>el nombramiento por los Presidentes de la COP21 y de la COP22 de<strong> dos campeones <\/strong>(el primero hasta la COP22, el segundo hasta la COP23) encargados del seguimiento de las iniciativas de los actores no gubernamentales.<\/p>\n<p>La Presidencia francesa tambi\u00e9n pretende acelerar la acci\u00f3n antes de 2020, continuando la movilizaci\u00f3n de los agentes no gubernamentales que ya est\u00e1n muy implicados a trav\u00e9s del LPAA y del Compromiso de Par\u00eds.<\/p>\n<p>Principales acontecimientos internacionales en 2016:<\/p>\n<p>&#8211; 16-17 de enero: Asamblea General de la Agencia Internacional de Energ\u00edas Renovables (IRENA), organizaci\u00f3n intergubernamental con 139 Estados miembros cuya misi\u00f3n es promover las energ\u00edas renovables, en Abu Dabi.<\/p>\n<p>&#8211; 18 de enero: Foro Mundial de la Energ\u00eda del Futuro y 2\u00aa reuni\u00f3n del Comit\u00e9 Directivo de la Alianza Solar Internacional en Abu Dabi.<\/p>\n<p>&#8211; 20 de enero: Discurso de Laurent Fabius ante el Parlamento Europeo en Estrasburgo, por invitaci\u00f3n del Presidente Martin Schulz, seguido de un debate en sesi\u00f3n plenaria sobre el seguimiento de la COP21.<\/p>\n<p>&#8211; 20-23 de enero: Foro Econ\u00f3mico Mundial de Davos. &#8211; Finales de enero: publicaci\u00f3n de la huella de carbono de la COP21. EcoAct realiz\u00f3 la evaluaci\u00f3n durante las tres fases: montaje, funcionamiento y desmontaje en las instalaciones de Par\u00eds-Le Bourget. &#8211; Principios de febrero: convocatoria de proyectos para compensar las emisiones de carbono durante la COP21.   <\/p>\n<p>&#8211; 25-26 de febrero: di\u00e1logo de negociadores organizado por Brasil y Jap\u00f3n en Tokio.<\/p>\n<p>&#8211; 4 de abril: fecha l\u00edmite para que los pa\u00edses que a\u00fan no lo hayan hecho presenten o revisen su contribuci\u00f3n nacional (NDC).<\/p>\n<p>&#8211; 15-17 de abril: reuniones del FMI y del Banco Mundial.<\/p>\n<p>&#8211; 22 de abril: ceremonia de firma del Acuerdo de Par\u00eds en Nueva York.<\/p>\n<p>&#8211; 2 de mayo: publicaci\u00f3n por la CMNUCC de un nuevo informe de s\u00edntesis sobre las NDC.<\/p>\n<p>&#8211; 5-6 de mayo: Cumbre de Acci\u00f3n por el Clima organizada por Naciones Unidas en Washington.<\/p>\n<p>&#8211; 16-26 de mayo: sesi\u00f3n de negociaci\u00f3n en Bonn (Alemania).<\/p>\n<p>&#8211; 26-27 de mayo: Cumbre del G7 en Shima (Jap\u00f3n). &#8211;<sup>1-2 de<\/sup> junio: <em>Reuni\u00f3n Ministerial sobre Energ\u00eda Limpia<\/em> (San Francisco). <\/p>\n<p>&#8211; 4-5 de septiembre: Cumbre del G20 en Hangzou (China).<\/p>\n<p>&#8211; 7-9 de octubre: Reuniones anuales del FMI y del Banco Mundial.<\/p>\n<p>&#8211; 7-18 de noviembre: COP22 en Marrakech (Marruecos).<\/p>\n<p>&#8211; 12 de diciembre: primer aniversario del Acuerdo de Par\u00eds.<\/p>\n<p>2018 ser\u00e1 otro hito importante. El acuerdo fija una primera<strong>reuni\u00f3n<\/strong>para hacer balance de las contribuciones nacionales. Esta reuni\u00f3n nos permitir\u00e1 evaluar la necesidad de aumentar nuestra ambici\u00f3n a la luz de la evoluci\u00f3n de la situaci\u00f3n. Los pa\u00edses podr\u00e1n aumentar sus compromisos incluso antes de que el acuerdo entre en vigor en 2020.   <\/p>\n","protected":false},"excerpt":{"rendered":"<p>&#8220;2015 fue el a\u00f1o de las negociaciones y las decisiones, 2016 debe ser el a\u00f1o de la aplicaci\u00f3n y la acci\u00f3n&#8221;, declar\u00f3 el presidente de la COP21, Laurent Fabius, [&hellip;]<\/p>\n","protected":false},"author":4,"featured_media":5515,"comment_status":"closed","ping_status":"closed","sticky":false,"template":"","format":"standard","meta":{"inline_featured_image":false,"footnotes":""},"categories":[98,84],"tags":[],"class_list":["post-5514","post","type-post","status-publish","format-standard","has-post-thumbnail","hentry","category-cop-21","category-todas-las-noticias"],"yoast_head":"<!-- This site is optimized with the Yoast SEO plugin v27.4 - https:\/\/yoast.com\/product\/yoast-seo-wordpress\/ -->\n<title>COP 21 \/ CMP 11: \u00a1Los pr\u00f3ximos pasos! - Sclavo<\/title>\n<meta name=\"robots\" content=\"index, follow, max-snippet:-1, max-image-preview:large, max-video-preview:-1\" \/>\n<link rel=\"canonical\" href=\"https:\/\/www.groupesclavo.fr\/es\/todas-las-noticias\/cop-21-cmp-11-los-proximos-pasos\/\" \/>\n<meta property=\"og:locale\" content=\"es_ES\" \/>\n<meta property=\"og:type\" content=\"article\" \/>\n<meta property=\"og:title\" content=\"COP 21 \/ CMP 11: \u00a1Los pr\u00f3ximos pasos! - Sclavo\" \/>\n<meta property=\"og:description\" content=\"&#8220;2015 fue el a\u00f1o de las negociaciones y las decisiones, 2016 debe ser el a\u00f1o de la aplicaci\u00f3n y la acci\u00f3n&#8221;, declar\u00f3 el presidente de la COP21, Laurent Fabius, [&hellip;]\" \/>\n<meta property=\"og:url\" content=\"https:\/\/www.groupesclavo.fr\/es\/todas-las-noticias\/cop-21-cmp-11-los-proximos-pasos\/\" \/>\n<meta property=\"og:site_name\" content=\"Sclavo\" \/>\n<meta property=\"article:published_time\" content=\"2018-01-19T10:54:52+00:00\" \/>\n<meta property=\"article:modified_time\" content=\"2026-04-29T08:39:26+00:00\" \/>\n<meta property=\"og:image\" content=\"https:\/\/www.groupesclavo.fr\/wp-content\/uploads\/2025\/06\/22958483493_ca40b559a4_k-977x650-1.jpg\" \/>\n\t<meta property=\"og:image:width\" content=\"977\" \/>\n\t<meta property=\"og:image:height\" content=\"650\" \/>\n\t<meta property=\"og:image:type\" content=\"image\/jpeg\" \/>\n<meta name=\"author\" content=\"net-concept\" \/>\n<meta name=\"twitter:card\" content=\"summary_large_image\" \/>\n<meta name=\"twitter:label1\" content=\"Written by\" \/>\n\t<meta name=\"twitter:data1\" content=\"net-concept\" \/>\n\t<meta name=\"twitter:label2\" content=\"Est. reading time\" \/>\n\t<meta name=\"twitter:data2\" content=\"4 minutes\" \/>\n<script type=\"application\/ld+json\" class=\"yoast-schema-graph\">{\"@context\":\"https:\\\/\\\/schema.org\",\"@graph\":[{\"@type\":\"Article\",\"@id\":\"https:\\\/\\\/www.groupesclavo.fr\\\/es\\\/todas-las-noticias\\\/cop-21-cmp-11-los-proximos-pasos\\\/#article\",\"isPartOf\":{\"@id\":\"https:\\\/\\\/www.groupesclavo.fr\\\/es\\\/todas-las-noticias\\\/cop-21-cmp-11-los-proximos-pasos\\\/\"},\"author\":{\"name\":\"net-concept\",\"@id\":\"https:\\\/\\\/www.groupesclavo.fr\\\/es\\\/#\\\/schema\\\/person\\\/cce451e392f3726778682f885b5f85d6\"},\"headline\":\"COP 21 \\\/ CMP 11: \u00a1Los pr\u00f3ximos pasos!\",\"datePublished\":\"2018-01-19T10:54:52+00:00\",\"dateModified\":\"2026-04-29T08:39:26+00:00\",\"mainEntityOfPage\":{\"@id\":\"https:\\\/\\\/www.groupesclavo.fr\\\/es\\\/todas-las-noticias\\\/cop-21-cmp-11-los-proximos-pasos\\\/\"},\"wordCount\":773,\"publisher\":{\"@id\":\"https:\\\/\\\/www.groupesclavo.fr\\\/es\\\/#organization\"},\"image\":{\"@id\":\"https:\\\/\\\/www.groupesclavo.fr\\\/es\\\/todas-las-noticias\\\/cop-21-cmp-11-los-proximos-pasos\\\/#primaryimage\"},\"thumbnailUrl\":\"https:\\\/\\\/www.groupesclavo.fr\\\/wp-content\\\/uploads\\\/2025\\\/06\\\/22958483493_ca40b559a4_k-977x650-1.jpg\",\"articleSection\":[\"COP 21\",\"Todas las noticias\"],\"inLanguage\":\"es-ES\"},{\"@type\":\"WebPage\",\"@id\":\"https:\\\/\\\/www.groupesclavo.fr\\\/es\\\/todas-las-noticias\\\/cop-21-cmp-11-los-proximos-pasos\\\/\",\"url\":\"https:\\\/\\\/www.groupesclavo.fr\\\/es\\\/todas-las-noticias\\\/cop-21-cmp-11-los-proximos-pasos\\\/\",\"name\":\"COP 21 \\\/ CMP 11: \u00a1Los pr\u00f3ximos pasos! - Sclavo\",\"isPartOf\":{\"@id\":\"https:\\\/\\\/www.groupesclavo.fr\\\/es\\\/#website\"},\"primaryImageOfPage\":{\"@id\":\"https:\\\/\\\/www.groupesclavo.fr\\\/es\\\/todas-las-noticias\\\/cop-21-cmp-11-los-proximos-pasos\\\/#primaryimage\"},\"image\":{\"@id\":\"https:\\\/\\\/www.groupesclavo.fr\\\/es\\\/todas-las-noticias\\\/cop-21-cmp-11-los-proximos-pasos\\\/#primaryimage\"},\"thumbnailUrl\":\"https:\\\/\\\/www.groupesclavo.fr\\\/wp-content\\\/uploads\\\/2025\\\/06\\\/22958483493_ca40b559a4_k-977x650-1.jpg\",\"datePublished\":\"2018-01-19T10:54:52+00:00\",\"dateModified\":\"2026-04-29T08:39:26+00:00\",\"breadcrumb\":{\"@id\":\"https:\\\/\\\/www.groupesclavo.fr\\\/es\\\/todas-las-noticias\\\/cop-21-cmp-11-los-proximos-pasos\\\/#breadcrumb\"},\"inLanguage\":\"es-ES\",\"potentialAction\":[{\"@type\":\"ReadAction\",\"target\":[\"https:\\\/\\\/www.groupesclavo.fr\\\/es\\\/todas-las-noticias\\\/cop-21-cmp-11-los-proximos-pasos\\\/\"]}]},{\"@type\":\"ImageObject\",\"inLanguage\":\"es-ES\",\"@id\":\"https:\\\/\\\/www.groupesclavo.fr\\\/es\\\/todas-las-noticias\\\/cop-21-cmp-11-los-proximos-pasos\\\/#primaryimage\",\"url\":\"https:\\\/\\\/www.groupesclavo.fr\\\/wp-content\\\/uploads\\\/2025\\\/06\\\/22958483493_ca40b559a4_k-977x650-1.jpg\",\"contentUrl\":\"https:\\\/\\\/www.groupesclavo.fr\\\/wp-content\\\/uploads\\\/2025\\\/06\\\/22958483493_ca40b559a4_k-977x650-1.jpg\",\"width\":977,\"height\":650},{\"@type\":\"BreadcrumbList\",\"@id\":\"https:\\\/\\\/www.groupesclavo.fr\\\/es\\\/todas-las-noticias\\\/cop-21-cmp-11-los-proximos-pasos\\\/#breadcrumb\",\"itemListElement\":[{\"@type\":\"ListItem\",\"position\":1,\"name\":\"Accueil\",\"item\":\"https:\\\/\\\/www.groupesclavo.fr\\\/es\\\/?page_id=5527\"},{\"@type\":\"ListItem\",\"position\":2,\"name\":\"COP 21 \\\/ CMP 11: \u00a1Los pr\u00f3ximos pasos!\"}]},{\"@type\":\"WebSite\",\"@id\":\"https:\\\/\\\/www.groupesclavo.fr\\\/es\\\/#website\",\"url\":\"https:\\\/\\\/www.groupesclavo.fr\\\/es\\\/\",\"name\":\"Sclavo\",\"description\":\"\",\"publisher\":{\"@id\":\"https:\\\/\\\/www.groupesclavo.fr\\\/es\\\/#organization\"},\"potentialAction\":[{\"@type\":\"SearchAction\",\"target\":{\"@type\":\"EntryPoint\",\"urlTemplate\":\"https:\\\/\\\/www.groupesclavo.fr\\\/es\\\/?s={search_term_string}\"},\"query-input\":{\"@type\":\"PropertyValueSpecification\",\"valueRequired\":true,\"valueName\":\"search_term_string\"}}],\"inLanguage\":\"es-ES\"},{\"@type\":\"Organization\",\"@id\":\"https:\\\/\\\/www.groupesclavo.fr\\\/es\\\/#organization\",\"name\":\"Sclavo\",\"url\":\"https:\\\/\\\/www.groupesclavo.fr\\\/es\\\/\",\"logo\":{\"@type\":\"ImageObject\",\"inLanguage\":\"es-ES\",\"@id\":\"https:\\\/\\\/www.groupesclavo.fr\\\/es\\\/#\\\/schema\\\/logo\\\/image\\\/\",\"url\":\"https:\\\/\\\/www.groupesclavo.fr\\\/wp-content\\\/uploads\\\/2024\\\/11\\\/logo-1.svg\",\"contentUrl\":\"https:\\\/\\\/www.groupesclavo.fr\\\/wp-content\\\/uploads\\\/2024\\\/11\\\/logo-1.svg\",\"width\":191,\"height\":57,\"caption\":\"Sclavo\"},\"image\":{\"@id\":\"https:\\\/\\\/www.groupesclavo.fr\\\/es\\\/#\\\/schema\\\/logo\\\/image\\\/\"}},{\"@type\":\"Person\",\"@id\":\"https:\\\/\\\/www.groupesclavo.fr\\\/es\\\/#\\\/schema\\\/person\\\/cce451e392f3726778682f885b5f85d6\",\"name\":\"net-concept\",\"image\":{\"@type\":\"ImageObject\",\"inLanguage\":\"es-ES\",\"@id\":\"https:\\\/\\\/secure.gravatar.com\\\/avatar\\\/8406d47cf424cb6f1c7c9a655e87e793c9a1a5eccdf20a2bca376c84dc550590?s=96&d=mm&r=g\",\"url\":\"https:\\\/\\\/secure.gravatar.com\\\/avatar\\\/8406d47cf424cb6f1c7c9a655e87e793c9a1a5eccdf20a2bca376c84dc550590?s=96&d=mm&r=g\",\"contentUrl\":\"https:\\\/\\\/secure.gravatar.com\\\/avatar\\\/8406d47cf424cb6f1c7c9a655e87e793c9a1a5eccdf20a2bca376c84dc550590?s=96&d=mm&r=g\",\"caption\":\"net-concept\"}}]}<\/script>\n<!-- \/ Yoast SEO plugin. -->","yoast_head_json":{"title":"COP 21 \/ CMP 11: \u00a1Los pr\u00f3ximos pasos! - Sclavo","robots":{"index":"index","follow":"follow","max-snippet":"max-snippet:-1","max-image-preview":"max-image-preview:large","max-video-preview":"max-video-preview:-1"},"canonical":"https:\/\/www.groupesclavo.fr\/es\/todas-las-noticias\/cop-21-cmp-11-los-proximos-pasos\/","og_locale":"es_ES","og_type":"article","og_title":"COP 21 \/ CMP 11: \u00a1Los pr\u00f3ximos pasos! - Sclavo","og_description":"&#8220;2015 fue el a\u00f1o de las negociaciones y las decisiones, 2016 debe ser el a\u00f1o de la aplicaci\u00f3n y la acci\u00f3n&#8221;, declar\u00f3 el presidente de la COP21, Laurent Fabius, [&hellip;]","og_url":"https:\/\/www.groupesclavo.fr\/es\/todas-las-noticias\/cop-21-cmp-11-los-proximos-pasos\/","og_site_name":"Sclavo","article_published_time":"2018-01-19T10:54:52+00:00","article_modified_time":"2026-04-29T08:39:26+00:00","og_image":[{"width":977,"height":650,"url":"https:\/\/www.groupesclavo.fr\/wp-content\/uploads\/2025\/06\/22958483493_ca40b559a4_k-977x650-1.jpg","type":"image\/jpeg"}],"author":"net-concept","twitter_card":"summary_large_image","twitter_misc":{"Written by":"net-concept","Est. reading time":"4 minutes"},"schema":{"@context":"https:\/\/schema.org","@graph":[{"@type":"Article","@id":"https:\/\/www.groupesclavo.fr\/es\/todas-las-noticias\/cop-21-cmp-11-los-proximos-pasos\/#article","isPartOf":{"@id":"https:\/\/www.groupesclavo.fr\/es\/todas-las-noticias\/cop-21-cmp-11-los-proximos-pasos\/"},"author":{"name":"net-concept","@id":"https:\/\/www.groupesclavo.fr\/es\/#\/schema\/person\/cce451e392f3726778682f885b5f85d6"},"headline":"COP 21 \/ CMP 11: \u00a1Los pr\u00f3ximos pasos!","datePublished":"2018-01-19T10:54:52+00:00","dateModified":"2026-04-29T08:39:26+00:00","mainEntityOfPage":{"@id":"https:\/\/www.groupesclavo.fr\/es\/todas-las-noticias\/cop-21-cmp-11-los-proximos-pasos\/"},"wordCount":773,"publisher":{"@id":"https:\/\/www.groupesclavo.fr\/es\/#organization"},"image":{"@id":"https:\/\/www.groupesclavo.fr\/es\/todas-las-noticias\/cop-21-cmp-11-los-proximos-pasos\/#primaryimage"},"thumbnailUrl":"https:\/\/www.groupesclavo.fr\/wp-content\/uploads\/2025\/06\/22958483493_ca40b559a4_k-977x650-1.jpg","articleSection":["COP 21","Todas las noticias"],"inLanguage":"es-ES"},{"@type":"WebPage","@id":"https:\/\/www.groupesclavo.fr\/es\/todas-las-noticias\/cop-21-cmp-11-los-proximos-pasos\/","url":"https:\/\/www.groupesclavo.fr\/es\/todas-las-noticias\/cop-21-cmp-11-los-proximos-pasos\/","name":"COP 21 \/ CMP 11: \u00a1Los pr\u00f3ximos pasos! - Sclavo","isPartOf":{"@id":"https:\/\/www.groupesclavo.fr\/es\/#website"},"primaryImageOfPage":{"@id":"https:\/\/www.groupesclavo.fr\/es\/todas-las-noticias\/cop-21-cmp-11-los-proximos-pasos\/#primaryimage"},"image":{"@id":"https:\/\/www.groupesclavo.fr\/es\/todas-las-noticias\/cop-21-cmp-11-los-proximos-pasos\/#primaryimage"},"thumbnailUrl":"https:\/\/www.groupesclavo.fr\/wp-content\/uploads\/2025\/06\/22958483493_ca40b559a4_k-977x650-1.jpg","datePublished":"2018-01-19T10:54:52+00:00","dateModified":"2026-04-29T08:39:26+00:00","breadcrumb":{"@id":"https:\/\/www.groupesclavo.fr\/es\/todas-las-noticias\/cop-21-cmp-11-los-proximos-pasos\/#breadcrumb"},"inLanguage":"es-ES","potentialAction":[{"@type":"ReadAction","target":["https:\/\/www.groupesclavo.fr\/es\/todas-las-noticias\/cop-21-cmp-11-los-proximos-pasos\/"]}]},{"@type":"ImageObject","inLanguage":"es-ES","@id":"https:\/\/www.groupesclavo.fr\/es\/todas-las-noticias\/cop-21-cmp-11-los-proximos-pasos\/#primaryimage","url":"https:\/\/www.groupesclavo.fr\/wp-content\/uploads\/2025\/06\/22958483493_ca40b559a4_k-977x650-1.jpg","contentUrl":"https:\/\/www.groupesclavo.fr\/wp-content\/uploads\/2025\/06\/22958483493_ca40b559a4_k-977x650-1.jpg","width":977,"height":650},{"@type":"BreadcrumbList","@id":"https:\/\/www.groupesclavo.fr\/es\/todas-las-noticias\/cop-21-cmp-11-los-proximos-pasos\/#breadcrumb","itemListElement":[{"@type":"ListItem","position":1,"name":"Accueil","item":"https:\/\/www.groupesclavo.fr\/es\/?page_id=5527"},{"@type":"ListItem","position":2,"name":"COP 21 \/ CMP 11: \u00a1Los pr\u00f3ximos pasos!"}]},{"@type":"WebSite","@id":"https:\/\/www.groupesclavo.fr\/es\/#website","url":"https:\/\/www.groupesclavo.fr\/es\/","name":"Sclavo","description":"","publisher":{"@id":"https:\/\/www.groupesclavo.fr\/es\/#organization"},"potentialAction":[{"@type":"SearchAction","target":{"@type":"EntryPoint","urlTemplate":"https:\/\/www.groupesclavo.fr\/es\/?s={search_term_string}"},"query-input":{"@type":"PropertyValueSpecification","valueRequired":true,"valueName":"search_term_string"}}],"inLanguage":"es-ES"},{"@type":"Organization","@id":"https:\/\/www.groupesclavo.fr\/es\/#organization","name":"Sclavo","url":"https:\/\/www.groupesclavo.fr\/es\/","logo":{"@type":"ImageObject","inLanguage":"es-ES","@id":"https:\/\/www.groupesclavo.fr\/es\/#\/schema\/logo\/image\/","url":"https:\/\/www.groupesclavo.fr\/wp-content\/uploads\/2024\/11\/logo-1.svg","contentUrl":"https:\/\/www.groupesclavo.fr\/wp-content\/uploads\/2024\/11\/logo-1.svg","width":191,"height":57,"caption":"Sclavo"},"image":{"@id":"https:\/\/www.groupesclavo.fr\/es\/#\/schema\/logo\/image\/"}},{"@type":"Person","@id":"https:\/\/www.groupesclavo.fr\/es\/#\/schema\/person\/cce451e392f3726778682f885b5f85d6","name":"net-concept","image":{"@type":"ImageObject","inLanguage":"es-ES","@id":"https:\/\/secure.gravatar.com\/avatar\/8406d47cf424cb6f1c7c9a655e87e793c9a1a5eccdf20a2bca376c84dc550590?s=96&d=mm&r=g","url":"https:\/\/secure.gravatar.com\/avatar\/8406d47cf424cb6f1c7c9a655e87e793c9a1a5eccdf20a2bca376c84dc550590?s=96&d=mm&r=g","contentUrl":"https:\/\/secure.gravatar.com\/avatar\/8406d47cf424cb6f1c7c9a655e87e793c9a1a5eccdf20a2bca376c84dc550590?s=96&d=mm&r=g","caption":"net-concept"}}]}},"_links":{"self":[{"href":"https:\/\/www.groupesclavo.fr\/es\/wp-json\/wp\/v2\/posts\/5514","targetHints":{"allow":["GET"]}}],"collection":[{"href":"https:\/\/www.groupesclavo.fr\/es\/wp-json\/wp\/v2\/posts"}],"about":[{"href":"https:\/\/www.groupesclavo.fr\/es\/wp-json\/wp\/v2\/types\/post"}],"author":[{"embeddable":true,"href":"https:\/\/www.groupesclavo.fr\/es\/wp-json\/wp\/v2\/users\/4"}],"replies":[{"embeddable":true,"href":"https:\/\/www.groupesclavo.fr\/es\/wp-json\/wp\/v2\/comments?post=5514"}],"version-history":[{"count":1,"href":"https:\/\/www.groupesclavo.fr\/es\/wp-json\/wp\/v2\/posts\/5514\/revisions"}],"predecessor-version":[{"id":5516,"href":"https:\/\/www.groupesclavo.fr\/es\/wp-json\/wp\/v2\/posts\/5514\/revisions\/5516"}],"wp:featuredmedia":[{"embeddable":true,"href":"https:\/\/www.groupesclavo.fr\/es\/wp-json\/wp\/v2\/media\/5515"}],"wp:attachment":[{"href":"https:\/\/www.groupesclavo.fr\/es\/wp-json\/wp\/v2\/media?parent=5514"}],"wp:term":[{"taxonomy":"category","embeddable":true,"href":"https:\/\/www.groupesclavo.fr\/es\/wp-json\/wp\/v2\/categories?post=5514"},{"taxonomy":"post_tag","embeddable":true,"href":"https:\/\/www.groupesclavo.fr\/es\/wp-json\/wp\/v2\/tags?post=5514"}],"curies":[{"name":"wp","href":"https:\/\/api.w.org\/{rel}","templated":true}]}}