{"id":5499,"date":"2015-12-17T11:48:05","date_gmt":"2015-12-17T10:48:05","guid":{"rendered":"https:\/\/www.groupesclavo.fr\/sin-categoria\/cop-21-cmp-11-conferencia-de-las-naciones-unidas-sobre-el-cambio-climatico\/"},"modified":"2026-04-29T10:39:23","modified_gmt":"2026-04-29T08:39:23","slug":"cop-21-cmp-11-conferencia-de-las-naciones-unidas-sobre-el-cambio-climatico","status":"publish","type":"post","link":"https:\/\/www.groupesclavo.fr\/es\/todas-las-noticias\/cop-21-cmp-11-conferencia-de-las-naciones-unidas-sobre-el-cambio-climatico\/","title":{"rendered":"COP 21 \/ CMP 11: \u00a1Conferencia de las Naciones Unidas sobre el Cambio Clim\u00e1tico!"},"content":{"rendered":"<p>&#8220;No veo ninguna objeci\u00f3n en la sala, declaro adoptado el acuerdo de Par\u00eds sobre el clima&#8221;. Con estas palabras, el s\u00e1bado 12 de diciembre, Laurent Fabius puso fin a las encarnizadas negociaciones que se hab\u00edan desarrollado durante quince d\u00edas en Le Bourget. Siguieron una larga ovaci\u00f3n y gritos de alegr\u00eda en la sala donde estaban reunidos los 195 pa\u00edses que adoptaron el Acuerdo de Par\u00eds, un acuerdo hist\u00f3rico para combatir el cambio clim\u00e1tico.<\/p>\n<p>Esta sesi\u00f3n plenaria, que ya se hab\u00eda retrasado varias veces, comenz\u00f3 con un momento de incertidumbre cuando, poco despu\u00e9s de llegar a la sala, el Presidente de la COP21 se escabull\u00f3 con Christiana Figueres, Secretaria Ejecutiva de la Convenci\u00f3n Marco de las Naciones Unidas sobre el Cambio Clim\u00e1tico, y Laurence Tubiana, embajadora encargada de las negociaciones sobre el clima.<\/p>\n<p>A su regreso, Laurent Fabius levant\u00f3 r\u00e1pidamente el suspense confirmando la adopci\u00f3n del acuerdo, al que se uni\u00f3 Fran\u00e7ois Hollande, Presidente de la Rep\u00fablica Francesa.  <a href=\"https:\/\/youtu.be\/BhNX77WjKH0?list=PLcKpjPWYkBe_PyCoq1tqBychhdO6dtLeN\">Mira el v\u00eddeo.<\/a><\/p>\n<p>Tras dos semanas de negociaciones y meses de arduas negociaciones, seis a\u00f1os despu\u00e9s del estrepitoso fracaso de la COP15 de Copenhague, Laurent Fabius celebr\u00f3 la culminaci\u00f3n del trabajo de la Presidencia francesa.<\/p>\n","protected":false},"excerpt":{"rendered":"<p>&#8220;No veo ninguna objeci\u00f3n en la sala, declaro adoptado el acuerdo de Par\u00eds sobre el clima&#8221;. Con estas palabras, el s\u00e1bado 12 de diciembre, Laurent Fabius puso fin a [&hellip;]<\/p>\n","protected":false},"author":4,"featured_media":5501,"comment_status":"closed","ping_status":"closed","sticky":false,"template":"","format":"standard","meta":{"inline_featured_image":false,"footnotes":""},"categories":[98,84],"tags":[],"class_list":["post-5499","post","type-post","status-publish","format-standard","has-post-thumbnail","hentry","category-cop-21","category-todas-las-noticias"],"yoast_head":"<!-- This site is optimized with the Yoast SEO plugin v27.4 - https:\/\/yoast.com\/product\/yoast-seo-wordpress\/ -->\n<title>COP 21 \/ CMP 11: \u00a1Conferencia de las Naciones Unidas sobre el Cambio Clim\u00e1tico! - Sclavo<\/title>\n<meta name=\"robots\" content=\"index, follow, max-snippet:-1, max-image-preview:large, max-video-preview:-1\" \/>\n<link rel=\"canonical\" href=\"https:\/\/www.groupesclavo.fr\/es\/todas-las-noticias\/cop-21-cmp-11-conferencia-de-las-naciones-unidas-sobre-el-cambio-climatico\/\" \/>\n<meta property=\"og:locale\" content=\"es_ES\" \/>\n<meta property=\"og:type\" content=\"article\" \/>\n<meta property=\"og:title\" content=\"COP 21 \/ CMP 11: \u00a1Conferencia de las Naciones Unidas sobre el Cambio Clim\u00e1tico! - Sclavo\" \/>\n<meta property=\"og:description\" content=\"&#8220;No veo ninguna objeci\u00f3n en la sala, declaro adoptado el acuerdo de Par\u00eds sobre el clima&#8221;. Con estas palabras, el s\u00e1bado 12 de diciembre, Laurent Fabius puso fin a [&hellip;]\" \/>\n<meta property=\"og:url\" content=\"https:\/\/www.groupesclavo.fr\/es\/todas-las-noticias\/cop-21-cmp-11-conferencia-de-las-naciones-unidas-sobre-el-cambio-climatico\/\" \/>\n<meta property=\"og:site_name\" content=\"Sclavo\" \/>\n<meta property=\"article:published_time\" content=\"2015-12-17T10:48:05+00:00\" \/>\n<meta property=\"article:modified_time\" content=\"2026-04-29T08:39:23+00:00\" \/>\n<meta property=\"og:image\" content=\"https:\/\/www.groupesclavo.fr\/wp-content\/uploads\/2025\/06\/home4-975x650-1.jpg\" \/>\n\t<meta property=\"og:image:width\" content=\"975\" \/>\n\t<meta property=\"og:image:height\" content=\"650\" \/>\n\t<meta property=\"og:image:type\" content=\"image\/jpeg\" \/>\n<meta name=\"author\" content=\"net-concept\" \/>\n<meta name=\"twitter:card\" content=\"summary_large_image\" \/>\n<meta name=\"twitter:label1\" content=\"Written by\" \/>\n\t<meta name=\"twitter:data1\" content=\"net-concept\" \/>\n\t<meta name=\"twitter:label2\" content=\"Est. reading time\" \/>\n\t<meta name=\"twitter:data2\" content=\"1 minute\" \/>\n<script type=\"application\/ld+json\" class=\"yoast-schema-graph\">{\"@context\":\"https:\\\/\\\/schema.org\",\"@graph\":[{\"@type\":\"Article\",\"@id\":\"https:\\\/\\\/www.groupesclavo.fr\\\/es\\\/todas-las-noticias\\\/cop-21-cmp-11-conferencia-de-las-naciones-unidas-sobre-el-cambio-climatico\\\/#article\",\"isPartOf\":{\"@id\":\"https:\\\/\\\/www.groupesclavo.fr\\\/es\\\/todas-las-noticias\\\/cop-21-cmp-11-conferencia-de-las-naciones-unidas-sobre-el-cambio-climatico\\\/\"},\"author\":{\"name\":\"net-concept\",\"@id\":\"https:\\\/\\\/www.groupesclavo.fr\\\/es\\\/#\\\/schema\\\/person\\\/cce451e392f3726778682f885b5f85d6\"},\"headline\":\"COP 21 \\\/ CMP 11: \u00a1Conferencia de las Naciones Unidas sobre el Cambio Clim\u00e1tico!\",\"datePublished\":\"2015-12-17T10:48:05+00:00\",\"dateModified\":\"2026-04-29T08:39:23+00:00\",\"mainEntityOfPage\":{\"@id\":\"https:\\\/\\\/www.groupesclavo.fr\\\/es\\\/todas-las-noticias\\\/cop-21-cmp-11-conferencia-de-las-naciones-unidas-sobre-el-cambio-climatico\\\/\"},\"wordCount\":226,\"publisher\":{\"@id\":\"https:\\\/\\\/www.groupesclavo.fr\\\/es\\\/#organization\"},\"image\":{\"@id\":\"https:\\\/\\\/www.groupesclavo.fr\\\/es\\\/todas-las-noticias\\\/cop-21-cmp-11-conferencia-de-las-naciones-unidas-sobre-el-cambio-climatico\\\/#primaryimage\"},\"thumbnailUrl\":\"https:\\\/\\\/www.groupesclavo.fr\\\/wp-content\\\/uploads\\\/2025\\\/06\\\/home4-975x650-1.jpg\",\"articleSection\":[\"COP 21\",\"Todas las noticias\"],\"inLanguage\":\"es-ES\"},{\"@type\":\"WebPage\",\"@id\":\"https:\\\/\\\/www.groupesclavo.fr\\\/es\\\/todas-las-noticias\\\/cop-21-cmp-11-conferencia-de-las-naciones-unidas-sobre-el-cambio-climatico\\\/\",\"url\":\"https:\\\/\\\/www.groupesclavo.fr\\\/es\\\/todas-las-noticias\\\/cop-21-cmp-11-conferencia-de-las-naciones-unidas-sobre-el-cambio-climatico\\\/\",\"name\":\"COP 21 \\\/ CMP 11: \u00a1Conferencia de las Naciones Unidas sobre el Cambio Clim\u00e1tico! - Sclavo\",\"isPartOf\":{\"@id\":\"https:\\\/\\\/www.groupesclavo.fr\\\/es\\\/#website\"},\"primaryImageOfPage\":{\"@id\":\"https:\\\/\\\/www.groupesclavo.fr\\\/es\\\/todas-las-noticias\\\/cop-21-cmp-11-conferencia-de-las-naciones-unidas-sobre-el-cambio-climatico\\\/#primaryimage\"},\"image\":{\"@id\":\"https:\\\/\\\/www.groupesclavo.fr\\\/es\\\/todas-las-noticias\\\/cop-21-cmp-11-conferencia-de-las-naciones-unidas-sobre-el-cambio-climatico\\\/#primaryimage\"},\"thumbnailUrl\":\"https:\\\/\\\/www.groupesclavo.fr\\\/wp-content\\\/uploads\\\/2025\\\/06\\\/home4-975x650-1.jpg\",\"datePublished\":\"2015-12-17T10:48:05+00:00\",\"dateModified\":\"2026-04-29T08:39:23+00:00\",\"breadcrumb\":{\"@id\":\"https:\\\/\\\/www.groupesclavo.fr\\\/es\\\/todas-las-noticias\\\/cop-21-cmp-11-conferencia-de-las-naciones-unidas-sobre-el-cambio-climatico\\\/#breadcrumb\"},\"inLanguage\":\"es-ES\",\"potentialAction\":[{\"@type\":\"ReadAction\",\"target\":[\"https:\\\/\\\/www.groupesclavo.fr\\\/es\\\/todas-las-noticias\\\/cop-21-cmp-11-conferencia-de-las-naciones-unidas-sobre-el-cambio-climatico\\\/\"]}]},{\"@type\":\"ImageObject\",\"inLanguage\":\"es-ES\",\"@id\":\"https:\\\/\\\/www.groupesclavo.fr\\\/es\\\/todas-las-noticias\\\/cop-21-cmp-11-conferencia-de-las-naciones-unidas-sobre-el-cambio-climatico\\\/#primaryimage\",\"url\":\"https:\\\/\\\/www.groupesclavo.fr\\\/wp-content\\\/uploads\\\/2025\\\/06\\\/home4-975x650-1.jpg\",\"contentUrl\":\"https:\\\/\\\/www.groupesclavo.fr\\\/wp-content\\\/uploads\\\/2025\\\/06\\\/home4-975x650-1.jpg\",\"width\":975,\"height\":650},{\"@type\":\"BreadcrumbList\",\"@id\":\"https:\\\/\\\/www.groupesclavo.fr\\\/es\\\/todas-las-noticias\\\/cop-21-cmp-11-conferencia-de-las-naciones-unidas-sobre-el-cambio-climatico\\\/#breadcrumb\",\"itemListElement\":[{\"@type\":\"ListItem\",\"position\":1,\"name\":\"Accueil\",\"item\":\"https:\\\/\\\/www.groupesclavo.fr\\\/es\\\/?page_id=5527\"},{\"@type\":\"ListItem\",\"position\":2,\"name\":\"COP 21 \\\/ CMP 11: \u00a1Conferencia de las Naciones Unidas sobre el Cambio Clim\u00e1tico!\"}]},{\"@type\":\"WebSite\",\"@id\":\"https:\\\/\\\/www.groupesclavo.fr\\\/es\\\/#website\",\"url\":\"https:\\\/\\\/www.groupesclavo.fr\\\/es\\\/\",\"name\":\"Sclavo\",\"description\":\"\",\"publisher\":{\"@id\":\"https:\\\/\\\/www.groupesclavo.fr\\\/es\\\/#organization\"},\"potentialAction\":[{\"@type\":\"SearchAction\",\"target\":{\"@type\":\"EntryPoint\",\"urlTemplate\":\"https:\\\/\\\/www.groupesclavo.fr\\\/es\\\/?s={search_term_string}\"},\"query-input\":{\"@type\":\"PropertyValueSpecification\",\"valueRequired\":true,\"valueName\":\"search_term_string\"}}],\"inLanguage\":\"es-ES\"},{\"@type\":\"Organization\",\"@id\":\"https:\\\/\\\/www.groupesclavo.fr\\\/es\\\/#organization\",\"name\":\"Sclavo\",\"url\":\"https:\\\/\\\/www.groupesclavo.fr\\\/es\\\/\",\"logo\":{\"@type\":\"ImageObject\",\"inLanguage\":\"es-ES\",\"@id\":\"https:\\\/\\\/www.groupesclavo.fr\\\/es\\\/#\\\/schema\\\/logo\\\/image\\\/\",\"url\":\"https:\\\/\\\/www.groupesclavo.fr\\\/wp-content\\\/uploads\\\/2024\\\/11\\\/logo-1.svg\",\"contentUrl\":\"https:\\\/\\\/www.groupesclavo.fr\\\/wp-content\\\/uploads\\\/2024\\\/11\\\/logo-1.svg\",\"width\":191,\"height\":57,\"caption\":\"Sclavo\"},\"image\":{\"@id\":\"https:\\\/\\\/www.groupesclavo.fr\\\/es\\\/#\\\/schema\\\/logo\\\/image\\\/\"}},{\"@type\":\"Person\",\"@id\":\"https:\\\/\\\/www.groupesclavo.fr\\\/es\\\/#\\\/schema\\\/person\\\/cce451e392f3726778682f885b5f85d6\",\"name\":\"net-concept\",\"image\":{\"@type\":\"ImageObject\",\"inLanguage\":\"es-ES\",\"@id\":\"https:\\\/\\\/secure.gravatar.com\\\/avatar\\\/8406d47cf424cb6f1c7c9a655e87e793c9a1a5eccdf20a2bca376c84dc550590?s=96&d=mm&r=g\",\"url\":\"https:\\\/\\\/secure.gravatar.com\\\/avatar\\\/8406d47cf424cb6f1c7c9a655e87e793c9a1a5eccdf20a2bca376c84dc550590?s=96&d=mm&r=g\",\"contentUrl\":\"https:\\\/\\\/secure.gravatar.com\\\/avatar\\\/8406d47cf424cb6f1c7c9a655e87e793c9a1a5eccdf20a2bca376c84dc550590?s=96&d=mm&r=g\",\"caption\":\"net-concept\"}}]}<\/script>\n<!-- \/ Yoast SEO plugin. -->","yoast_head_json":{"title":"COP 21 \/ CMP 11: \u00a1Conferencia de las Naciones Unidas sobre el Cambio Clim\u00e1tico! - Sclavo","robots":{"index":"index","follow":"follow","max-snippet":"max-snippet:-1","max-image-preview":"max-image-preview:large","max-video-preview":"max-video-preview:-1"},"canonical":"https:\/\/www.groupesclavo.fr\/es\/todas-las-noticias\/cop-21-cmp-11-conferencia-de-las-naciones-unidas-sobre-el-cambio-climatico\/","og_locale":"es_ES","og_type":"article","og_title":"COP 21 \/ CMP 11: \u00a1Conferencia de las Naciones Unidas sobre el Cambio Clim\u00e1tico! - Sclavo","og_description":"&#8220;No veo ninguna objeci\u00f3n en la sala, declaro adoptado el acuerdo de Par\u00eds sobre el clima&#8221;. Con estas palabras, el s\u00e1bado 12 de diciembre, Laurent Fabius puso fin a [&hellip;]","og_url":"https:\/\/www.groupesclavo.fr\/es\/todas-las-noticias\/cop-21-cmp-11-conferencia-de-las-naciones-unidas-sobre-el-cambio-climatico\/","og_site_name":"Sclavo","article_published_time":"2015-12-17T10:48:05+00:00","article_modified_time":"2026-04-29T08:39:23+00:00","og_image":[{"width":975,"height":650,"url":"https:\/\/www.groupesclavo.fr\/wp-content\/uploads\/2025\/06\/home4-975x650-1.jpg","type":"image\/jpeg"}],"author":"net-concept","twitter_card":"summary_large_image","twitter_misc":{"Written by":"net-concept","Est. reading time":"1 minute"},"schema":{"@context":"https:\/\/schema.org","@graph":[{"@type":"Article","@id":"https:\/\/www.groupesclavo.fr\/es\/todas-las-noticias\/cop-21-cmp-11-conferencia-de-las-naciones-unidas-sobre-el-cambio-climatico\/#article","isPartOf":{"@id":"https:\/\/www.groupesclavo.fr\/es\/todas-las-noticias\/cop-21-cmp-11-conferencia-de-las-naciones-unidas-sobre-el-cambio-climatico\/"},"author":{"name":"net-concept","@id":"https:\/\/www.groupesclavo.fr\/es\/#\/schema\/person\/cce451e392f3726778682f885b5f85d6"},"headline":"COP 21 \/ CMP 11: \u00a1Conferencia de las Naciones Unidas sobre el Cambio Clim\u00e1tico!","datePublished":"2015-12-17T10:48:05+00:00","dateModified":"2026-04-29T08:39:23+00:00","mainEntityOfPage":{"@id":"https:\/\/www.groupesclavo.fr\/es\/todas-las-noticias\/cop-21-cmp-11-conferencia-de-las-naciones-unidas-sobre-el-cambio-climatico\/"},"wordCount":226,"publisher":{"@id":"https:\/\/www.groupesclavo.fr\/es\/#organization"},"image":{"@id":"https:\/\/www.groupesclavo.fr\/es\/todas-las-noticias\/cop-21-cmp-11-conferencia-de-las-naciones-unidas-sobre-el-cambio-climatico\/#primaryimage"},"thumbnailUrl":"https:\/\/www.groupesclavo.fr\/wp-content\/uploads\/2025\/06\/home4-975x650-1.jpg","articleSection":["COP 21","Todas las noticias"],"inLanguage":"es-ES"},{"@type":"WebPage","@id":"https:\/\/www.groupesclavo.fr\/es\/todas-las-noticias\/cop-21-cmp-11-conferencia-de-las-naciones-unidas-sobre-el-cambio-climatico\/","url":"https:\/\/www.groupesclavo.fr\/es\/todas-las-noticias\/cop-21-cmp-11-conferencia-de-las-naciones-unidas-sobre-el-cambio-climatico\/","name":"COP 21 \/ CMP 11: \u00a1Conferencia de las Naciones Unidas sobre el Cambio Clim\u00e1tico! - Sclavo","isPartOf":{"@id":"https:\/\/www.groupesclavo.fr\/es\/#website"},"primaryImageOfPage":{"@id":"https:\/\/www.groupesclavo.fr\/es\/todas-las-noticias\/cop-21-cmp-11-conferencia-de-las-naciones-unidas-sobre-el-cambio-climatico\/#primaryimage"},"image":{"@id":"https:\/\/www.groupesclavo.fr\/es\/todas-las-noticias\/cop-21-cmp-11-conferencia-de-las-naciones-unidas-sobre-el-cambio-climatico\/#primaryimage"},"thumbnailUrl":"https:\/\/www.groupesclavo.fr\/wp-content\/uploads\/2025\/06\/home4-975x650-1.jpg","datePublished":"2015-12-17T10:48:05+00:00","dateModified":"2026-04-29T08:39:23+00:00","breadcrumb":{"@id":"https:\/\/www.groupesclavo.fr\/es\/todas-las-noticias\/cop-21-cmp-11-conferencia-de-las-naciones-unidas-sobre-el-cambio-climatico\/#breadcrumb"},"inLanguage":"es-ES","potentialAction":[{"@type":"ReadAction","target":["https:\/\/www.groupesclavo.fr\/es\/todas-las-noticias\/cop-21-cmp-11-conferencia-de-las-naciones-unidas-sobre-el-cambio-climatico\/"]}]},{"@type":"ImageObject","inLanguage":"es-ES","@id":"https:\/\/www.groupesclavo.fr\/es\/todas-las-noticias\/cop-21-cmp-11-conferencia-de-las-naciones-unidas-sobre-el-cambio-climatico\/#primaryimage","url":"https:\/\/www.groupesclavo.fr\/wp-content\/uploads\/2025\/06\/home4-975x650-1.jpg","contentUrl":"https:\/\/www.groupesclavo.fr\/wp-content\/uploads\/2025\/06\/home4-975x650-1.jpg","width":975,"height":650},{"@type":"BreadcrumbList","@id":"https:\/\/www.groupesclavo.fr\/es\/todas-las-noticias\/cop-21-cmp-11-conferencia-de-las-naciones-unidas-sobre-el-cambio-climatico\/#breadcrumb","itemListElement":[{"@type":"ListItem","position":1,"name":"Accueil","item":"https:\/\/www.groupesclavo.fr\/es\/?page_id=5527"},{"@type":"ListItem","position":2,"name":"COP 21 \/ CMP 11: \u00a1Conferencia de las Naciones Unidas sobre el Cambio Clim\u00e1tico!"}]},{"@type":"WebSite","@id":"https:\/\/www.groupesclavo.fr\/es\/#website","url":"https:\/\/www.groupesclavo.fr\/es\/","name":"Sclavo","description":"","publisher":{"@id":"https:\/\/www.groupesclavo.fr\/es\/#organization"},"potentialAction":[{"@type":"SearchAction","target":{"@type":"EntryPoint","urlTemplate":"https:\/\/www.groupesclavo.fr\/es\/?s={search_term_string}"},"query-input":{"@type":"PropertyValueSpecification","valueRequired":true,"valueName":"search_term_string"}}],"inLanguage":"es-ES"},{"@type":"Organization","@id":"https:\/\/www.groupesclavo.fr\/es\/#organization","name":"Sclavo","url":"https:\/\/www.groupesclavo.fr\/es\/","logo":{"@type":"ImageObject","inLanguage":"es-ES","@id":"https:\/\/www.groupesclavo.fr\/es\/#\/schema\/logo\/image\/","url":"https:\/\/www.groupesclavo.fr\/wp-content\/uploads\/2024\/11\/logo-1.svg","contentUrl":"https:\/\/www.groupesclavo.fr\/wp-content\/uploads\/2024\/11\/logo-1.svg","width":191,"height":57,"caption":"Sclavo"},"image":{"@id":"https:\/\/www.groupesclavo.fr\/es\/#\/schema\/logo\/image\/"}},{"@type":"Person","@id":"https:\/\/www.groupesclavo.fr\/es\/#\/schema\/person\/cce451e392f3726778682f885b5f85d6","name":"net-concept","image":{"@type":"ImageObject","inLanguage":"es-ES","@id":"https:\/\/secure.gravatar.com\/avatar\/8406d47cf424cb6f1c7c9a655e87e793c9a1a5eccdf20a2bca376c84dc550590?s=96&d=mm&r=g","url":"https:\/\/secure.gravatar.com\/avatar\/8406d47cf424cb6f1c7c9a655e87e793c9a1a5eccdf20a2bca376c84dc550590?s=96&d=mm&r=g","contentUrl":"https:\/\/secure.gravatar.com\/avatar\/8406d47cf424cb6f1c7c9a655e87e793c9a1a5eccdf20a2bca376c84dc550590?s=96&d=mm&r=g","caption":"net-concept"}}]}},"_links":{"self":[{"href":"https:\/\/www.groupesclavo.fr\/es\/wp-json\/wp\/v2\/posts\/5499","targetHints":{"allow":["GET"]}}],"collection":[{"href":"https:\/\/www.groupesclavo.fr\/es\/wp-json\/wp\/v2\/posts"}],"about":[{"href":"https:\/\/www.groupesclavo.fr\/es\/wp-json\/wp\/v2\/types\/post"}],"author":[{"embeddable":true,"href":"https:\/\/www.groupesclavo.fr\/es\/wp-json\/wp\/v2\/users\/4"}],"replies":[{"embeddable":true,"href":"https:\/\/www.groupesclavo.fr\/es\/wp-json\/wp\/v2\/comments?post=5499"}],"version-history":[{"count":1,"href":"https:\/\/www.groupesclavo.fr\/es\/wp-json\/wp\/v2\/posts\/5499\/revisions"}],"predecessor-version":[{"id":5502,"href":"https:\/\/www.groupesclavo.fr\/es\/wp-json\/wp\/v2\/posts\/5499\/revisions\/5502"}],"wp:featuredmedia":[{"embeddable":true,"href":"https:\/\/www.groupesclavo.fr\/es\/wp-json\/wp\/v2\/media\/5501"}],"wp:attachment":[{"href":"https:\/\/www.groupesclavo.fr\/es\/wp-json\/wp\/v2\/media?parent=5499"}],"wp:term":[{"taxonomy":"category","embeddable":true,"href":"https:\/\/www.groupesclavo.fr\/es\/wp-json\/wp\/v2\/categories?post=5499"},{"taxonomy":"post_tag","embeddable":true,"href":"https:\/\/www.groupesclavo.fr\/es\/wp-json\/wp\/v2\/tags?post=5499"}],"curies":[{"name":"wp","href":"https:\/\/api.w.org\/{rel}","templated":true}]}}