{"id":5496,"date":"2016-01-19T11:51:34","date_gmt":"2016-01-19T10:51:34","guid":{"rendered":"https:\/\/www.groupesclavo.fr\/sin-categoria\/cop-21-cmp-11-descifrando-el-acuerdo\/"},"modified":"2026-04-29T10:38:21","modified_gmt":"2026-04-29T08:38:21","slug":"cop-21-cmp-11-descifrando-el-acuerdo","status":"publish","type":"post","link":"https:\/\/www.groupesclavo.fr\/es\/todas-las-noticias\/cop-21-cmp-11-descifrando-el-acuerdo\/","title":{"rendered":"COP 21 \/ CMP 11: \u00a1Descifrando el acuerdo!"},"content":{"rendered":"<p><strong>\u00bfPor qu\u00e9 es hist\u00f3rico el Acuerdo de Par\u00eds y por qu\u00e9 el 12 de diciembre de 2015 seguir\u00e1 siendo un hito para el planeta?<\/strong><\/p>\n<p>La conciencia estaba ah\u00ed, y el consenso cient\u00edfico era un\u00e1nime: la atm\u00f3sfera de nuestro planeta se est\u00e1 calentando debido a las emisiones de gases de efecto invernadero producidas por la actividad humana. El objetivo de la conferencia de Par\u00eds, celebrada del 30 de noviembre al 12 de diciembre en el recinto de Par\u00eds-Le Bourget, era dar una respuesta a este fen\u00f3meno, que amenaza el futuro de la presencia humana en determinadas partes del planeta. <\/p>\n<p><strong>Limitar el aumento de la temperatura por debajo de 2 grados Celsius<\/strong><\/p>\n<p>Este acuerdo marca un punto de inflexi\u00f3n hacia un mundo nuevo. Confirma el objetivo de mantener el aumento de la temperatura por debajo de 2 \u00b0C. Los cient\u00edficos consideran que existen riesgos importantes por encima de esta temperatura. El acuerdo establece incluso por primera vez un objetivo de 1,5\u00b0C, para proteger a los Estados insulares m\u00e1s amenazados por la subida del nivel del mar.   <\/p>\n<p><strong>\u00bfC\u00f3mo podemos limitar el calentamiento global?<\/strong><\/p>\n<p>186 pa\u00edses (a 12 de diciembre de 2015) publicaron sus planes de acci\u00f3n durante 2015: cada uno de estos planes detalla c\u00f3mo piensan reducir los pa\u00edses sus emisiones de gases de efecto invernadero. La Convenci\u00f3n Marco de las Naciones Unidas sobre el Cambio Clim\u00e1tico (CMNUCC*) evalu\u00f3 estas contribuciones el 1 de noviembre de 2015. Este estudio demostr\u00f3 que, a pesar de la movilizaci\u00f3n sin precedentes de los gobiernos, segu\u00eda siendo probable que el calentamiento global se situara entre 2,7 y 3 grados, es decir, por encima del umbral establecido por los cient\u00edficos.    <a href=\"https:\/\/www.gouvernement.fr\/action\/la-cop-21\">M\u00e1s informaci\u00f3n.  <\/a><\/p>\n<p><a href=\"https:\/\/www.gouvernement.fr\/action\/la-cop-21\">Por tanto, el Acuerdo de Par\u00eds exige que cada pa\u00eds revise sus contribuciones cada cinco a\u00f1os a partir de 2020, sin rebajar los objetivos y, al contrario, animando a cada pa\u00eds a hacerlo mejor. Descubre el texto del Acuerdo de Par\u00eds.   <\/a><\/p>\n<p>Adem\u00e1s, las emisiones tendr\u00e1n que alcanzar su punto m\u00e1ximo lo antes posible, y los pa\u00edses aspirar\u00e1n a lograr la &#8220;neutralidad de las emisiones&#8221; en la<sup>2\u00aa<\/sup> mitad del siglo. Se trata de un verdadero punto de inflexi\u00f3n. Nos alejaremos gradualmente de los combustibles f\u00f3siles m\u00e1s contaminantes para alcanzar este objetivo.  <\/p>\n<p>*UNFCCC: Convenci\u00f3n Marco de las Naciones Unidas sobre el Cambio Clim\u00e1tico<\/p>\n<p><strong>\u00bfDe qu\u00e9 otros medios disponen los gobiernos para limitar el aumento de las temperaturas?<\/strong><\/p>\n<p>El acuerdo reconoce que deben asignarse 100.000 millones de d\u00f3lares (en pr\u00e9stamos y subvenciones) cada a\u00f1o a partir de 2020 para financiar proyectos que permitan a los pa\u00edses adaptarse al cambio clim\u00e1tico (subida del nivel del mar, sequ\u00eda, etc.) o reducir las emisiones de gases de efecto invernadero. Esta financiaci\u00f3n aumentar\u00e1, seg\u00fan se especifica en el acuerdo. Algunos pa\u00edses en desarrollo, de forma voluntaria, tambi\u00e9n podr\u00e1n convertirse en donantes para ayudar a los pa\u00edses m\u00e1s pobres. Esto es algo nuevo. En 2025, el acuerdo prev\u00e9 una primera reuni\u00f3n para asumir nuevos compromisos cuantificados de ayuda a los pa\u00edses m\u00e1s pobres.    <\/p>\n<p><strong>\u00bfSon todos los pa\u00edses igualmente responsables del calentamiento global?<\/strong><strong>del calentamiento global?<\/strong><\/p>\n<p>Uno de los principios fundamentales de las negociaciones sobre el clima es reconocer que, ante el cambio clim\u00e1tico, los pa\u00edses tienen una responsabilidad compartida pero diferenciada, en funci\u00f3n, sobre todo, de su nivel de riqueza. El acuerdo <strong>establece la obligaci\u00f3n<\/strong> de que <strong>los pa\u00edses industrializados<\/strong> financien la ayuda a los pa\u00edses pobres relacionada con el clima, <strong>mientras que se invita a los pa\u00edses en desarrollo a contribuir de forma voluntaria. <\/strong>En cuanto a la transparencia, tambi\u00e9n se ha introducido un sistema de seguimiento de los compromisos, m\u00e1s estricto que antes y con flexibilidades para los pa\u00edses en desarrollo, con el fin de controlar los esfuerzos de todos. <\/p>\n<p><strong>Y no s\u00f3lo los gobiernos pueden ayudar a proteger nuestro clima&#8230;<\/strong><\/p>\n<p>Por primera vez, Le Bourget acoger\u00e1 la &#8220;Semana de Acci\u00f3n&#8221; (la LPAA*), que permitir\u00e1 a las autoridades locales, las empresas y los bancos actuar para combatir el calentamiento global. Se trata de uno de los principales puntos de inflexi\u00f3n que est\u00e1 experimentando nuestro mundo. El Acuerdo de Par\u00eds propone la continuaci\u00f3n del Plan de Acci\u00f3n Lima-Par\u00eds para seguir movilizando a estos actores. Las dos presidencias sucesivas de la COP (Francia y Marruecos) nombrar\u00e1n a <strong>dos &#8220;campeones&#8221;<\/strong> de entre estos actores para que sigan animando a los actores a pasar a la acci\u00f3n.  <\/p>\n<p><strong>\u00bfCu\u00e1ndo entra en vigor este acuerdo?<\/strong><\/p>\n<p>El acuerdo se abrir\u00e1 a la firma en Nueva York el 22 de abril. Hay dos criterios para que el acuerdo entre en vigor: 55 pa\u00edses \/ 55% de las emisiones deben haber ratificado el acuerdo. <\/p>\n","protected":false},"excerpt":{"rendered":"<p>\u00bfPor qu\u00e9 es hist\u00f3rico el Acuerdo de Par\u00eds y por qu\u00e9 el 12 de diciembre de 2015 seguir\u00e1 siendo un hito para el planeta? La conciencia estaba ah\u00ed, y [&hellip;]<\/p>\n","protected":false},"author":4,"featured_media":5497,"comment_status":"closed","ping_status":"closed","sticky":false,"template":"","format":"standard","meta":{"inline_featured_image":false,"footnotes":""},"categories":[98,84],"tags":[],"class_list":["post-5496","post","type-post","status-publish","format-standard","has-post-thumbnail","hentry","category-cop-21","category-todas-las-noticias"],"yoast_head":"<!-- This site is optimized with the Yoast SEO plugin v27.4 - https:\/\/yoast.com\/product\/yoast-seo-wordpress\/ -->\n<title>COP 21 \/ CMP 11: \u00a1Descifrando el acuerdo! - Sclavo<\/title>\n<meta name=\"robots\" content=\"index, follow, max-snippet:-1, max-image-preview:large, max-video-preview:-1\" \/>\n<link rel=\"canonical\" href=\"https:\/\/www.groupesclavo.fr\/es\/todas-las-noticias\/cop-21-cmp-11-descifrando-el-acuerdo\/\" \/>\n<meta property=\"og:locale\" content=\"es_ES\" \/>\n<meta property=\"og:type\" content=\"article\" \/>\n<meta property=\"og:title\" content=\"COP 21 \/ CMP 11: \u00a1Descifrando el acuerdo! - Sclavo\" \/>\n<meta property=\"og:description\" content=\"\u00bfPor qu\u00e9 es hist\u00f3rico el Acuerdo de Par\u00eds y por qu\u00e9 el 12 de diciembre de 2015 seguir\u00e1 siendo un hito para el planeta? La conciencia estaba ah\u00ed, y [&hellip;]\" \/>\n<meta property=\"og:url\" content=\"https:\/\/www.groupesclavo.fr\/es\/todas-las-noticias\/cop-21-cmp-11-descifrando-el-acuerdo\/\" \/>\n<meta property=\"og:site_name\" content=\"Sclavo\" \/>\n<meta property=\"article:published_time\" content=\"2016-01-19T10:51:34+00:00\" \/>\n<meta property=\"article:modified_time\" content=\"2026-04-29T08:38:21+00:00\" \/>\n<meta property=\"og:image\" content=\"https:\/\/www.groupesclavo.fr\/wp-content\/uploads\/2025\/06\/23001125873_cce2876738_z.jpg\" \/>\n\t<meta property=\"og:image:width\" content=\"640\" \/>\n\t<meta property=\"og:image:height\" content=\"426\" \/>\n\t<meta property=\"og:image:type\" content=\"image\/jpeg\" \/>\n<meta name=\"author\" content=\"net-concept\" \/>\n<meta name=\"twitter:card\" content=\"summary_large_image\" \/>\n<meta name=\"twitter:label1\" content=\"Written by\" \/>\n\t<meta name=\"twitter:data1\" content=\"net-concept\" \/>\n\t<meta name=\"twitter:label2\" content=\"Est. reading time\" \/>\n\t<meta name=\"twitter:data2\" content=\"4 minutes\" \/>\n<script type=\"application\/ld+json\" class=\"yoast-schema-graph\">{\"@context\":\"https:\\\/\\\/schema.org\",\"@graph\":[{\"@type\":\"Article\",\"@id\":\"https:\\\/\\\/www.groupesclavo.fr\\\/es\\\/todas-las-noticias\\\/cop-21-cmp-11-descifrando-el-acuerdo\\\/#article\",\"isPartOf\":{\"@id\":\"https:\\\/\\\/www.groupesclavo.fr\\\/es\\\/todas-las-noticias\\\/cop-21-cmp-11-descifrando-el-acuerdo\\\/\"},\"author\":{\"name\":\"net-concept\",\"@id\":\"https:\\\/\\\/www.groupesclavo.fr\\\/es\\\/#\\\/schema\\\/person\\\/cce451e392f3726778682f885b5f85d6\"},\"headline\":\"COP 21 \\\/ CMP 11: \u00a1Descifrando el acuerdo!\",\"datePublished\":\"2016-01-19T10:51:34+00:00\",\"dateModified\":\"2026-04-29T08:38:21+00:00\",\"mainEntityOfPage\":{\"@id\":\"https:\\\/\\\/www.groupesclavo.fr\\\/es\\\/todas-las-noticias\\\/cop-21-cmp-11-descifrando-el-acuerdo\\\/\"},\"wordCount\":812,\"publisher\":{\"@id\":\"https:\\\/\\\/www.groupesclavo.fr\\\/es\\\/#organization\"},\"image\":{\"@id\":\"https:\\\/\\\/www.groupesclavo.fr\\\/es\\\/todas-las-noticias\\\/cop-21-cmp-11-descifrando-el-acuerdo\\\/#primaryimage\"},\"thumbnailUrl\":\"https:\\\/\\\/www.groupesclavo.fr\\\/wp-content\\\/uploads\\\/2025\\\/06\\\/23001125873_cce2876738_z.jpg\",\"articleSection\":[\"COP 21\",\"Todas las noticias\"],\"inLanguage\":\"es-ES\"},{\"@type\":\"WebPage\",\"@id\":\"https:\\\/\\\/www.groupesclavo.fr\\\/es\\\/todas-las-noticias\\\/cop-21-cmp-11-descifrando-el-acuerdo\\\/\",\"url\":\"https:\\\/\\\/www.groupesclavo.fr\\\/es\\\/todas-las-noticias\\\/cop-21-cmp-11-descifrando-el-acuerdo\\\/\",\"name\":\"COP 21 \\\/ CMP 11: \u00a1Descifrando el acuerdo! - Sclavo\",\"isPartOf\":{\"@id\":\"https:\\\/\\\/www.groupesclavo.fr\\\/es\\\/#website\"},\"primaryImageOfPage\":{\"@id\":\"https:\\\/\\\/www.groupesclavo.fr\\\/es\\\/todas-las-noticias\\\/cop-21-cmp-11-descifrando-el-acuerdo\\\/#primaryimage\"},\"image\":{\"@id\":\"https:\\\/\\\/www.groupesclavo.fr\\\/es\\\/todas-las-noticias\\\/cop-21-cmp-11-descifrando-el-acuerdo\\\/#primaryimage\"},\"thumbnailUrl\":\"https:\\\/\\\/www.groupesclavo.fr\\\/wp-content\\\/uploads\\\/2025\\\/06\\\/23001125873_cce2876738_z.jpg\",\"datePublished\":\"2016-01-19T10:51:34+00:00\",\"dateModified\":\"2026-04-29T08:38:21+00:00\",\"breadcrumb\":{\"@id\":\"https:\\\/\\\/www.groupesclavo.fr\\\/es\\\/todas-las-noticias\\\/cop-21-cmp-11-descifrando-el-acuerdo\\\/#breadcrumb\"},\"inLanguage\":\"es-ES\",\"potentialAction\":[{\"@type\":\"ReadAction\",\"target\":[\"https:\\\/\\\/www.groupesclavo.fr\\\/es\\\/todas-las-noticias\\\/cop-21-cmp-11-descifrando-el-acuerdo\\\/\"]}]},{\"@type\":\"ImageObject\",\"inLanguage\":\"es-ES\",\"@id\":\"https:\\\/\\\/www.groupesclavo.fr\\\/es\\\/todas-las-noticias\\\/cop-21-cmp-11-descifrando-el-acuerdo\\\/#primaryimage\",\"url\":\"https:\\\/\\\/www.groupesclavo.fr\\\/wp-content\\\/uploads\\\/2025\\\/06\\\/23001125873_cce2876738_z.jpg\",\"contentUrl\":\"https:\\\/\\\/www.groupesclavo.fr\\\/wp-content\\\/uploads\\\/2025\\\/06\\\/23001125873_cce2876738_z.jpg\",\"width\":640,\"height\":426},{\"@type\":\"BreadcrumbList\",\"@id\":\"https:\\\/\\\/www.groupesclavo.fr\\\/es\\\/todas-las-noticias\\\/cop-21-cmp-11-descifrando-el-acuerdo\\\/#breadcrumb\",\"itemListElement\":[{\"@type\":\"ListItem\",\"position\":1,\"name\":\"Accueil\",\"item\":\"https:\\\/\\\/www.groupesclavo.fr\\\/es\\\/?page_id=5527\"},{\"@type\":\"ListItem\",\"position\":2,\"name\":\"COP 21 \\\/ CMP 11: \u00a1Descifrando el acuerdo!\"}]},{\"@type\":\"WebSite\",\"@id\":\"https:\\\/\\\/www.groupesclavo.fr\\\/es\\\/#website\",\"url\":\"https:\\\/\\\/www.groupesclavo.fr\\\/es\\\/\",\"name\":\"Sclavo\",\"description\":\"\",\"publisher\":{\"@id\":\"https:\\\/\\\/www.groupesclavo.fr\\\/es\\\/#organization\"},\"potentialAction\":[{\"@type\":\"SearchAction\",\"target\":{\"@type\":\"EntryPoint\",\"urlTemplate\":\"https:\\\/\\\/www.groupesclavo.fr\\\/es\\\/?s={search_term_string}\"},\"query-input\":{\"@type\":\"PropertyValueSpecification\",\"valueRequired\":true,\"valueName\":\"search_term_string\"}}],\"inLanguage\":\"es-ES\"},{\"@type\":\"Organization\",\"@id\":\"https:\\\/\\\/www.groupesclavo.fr\\\/es\\\/#organization\",\"name\":\"Sclavo\",\"url\":\"https:\\\/\\\/www.groupesclavo.fr\\\/es\\\/\",\"logo\":{\"@type\":\"ImageObject\",\"inLanguage\":\"es-ES\",\"@id\":\"https:\\\/\\\/www.groupesclavo.fr\\\/es\\\/#\\\/schema\\\/logo\\\/image\\\/\",\"url\":\"https:\\\/\\\/www.groupesclavo.fr\\\/wp-content\\\/uploads\\\/2024\\\/11\\\/logo-1.svg\",\"contentUrl\":\"https:\\\/\\\/www.groupesclavo.fr\\\/wp-content\\\/uploads\\\/2024\\\/11\\\/logo-1.svg\",\"width\":191,\"height\":57,\"caption\":\"Sclavo\"},\"image\":{\"@id\":\"https:\\\/\\\/www.groupesclavo.fr\\\/es\\\/#\\\/schema\\\/logo\\\/image\\\/\"}},{\"@type\":\"Person\",\"@id\":\"https:\\\/\\\/www.groupesclavo.fr\\\/es\\\/#\\\/schema\\\/person\\\/cce451e392f3726778682f885b5f85d6\",\"name\":\"net-concept\",\"image\":{\"@type\":\"ImageObject\",\"inLanguage\":\"es-ES\",\"@id\":\"https:\\\/\\\/secure.gravatar.com\\\/avatar\\\/8406d47cf424cb6f1c7c9a655e87e793c9a1a5eccdf20a2bca376c84dc550590?s=96&d=mm&r=g\",\"url\":\"https:\\\/\\\/secure.gravatar.com\\\/avatar\\\/8406d47cf424cb6f1c7c9a655e87e793c9a1a5eccdf20a2bca376c84dc550590?s=96&d=mm&r=g\",\"contentUrl\":\"https:\\\/\\\/secure.gravatar.com\\\/avatar\\\/8406d47cf424cb6f1c7c9a655e87e793c9a1a5eccdf20a2bca376c84dc550590?s=96&d=mm&r=g\",\"caption\":\"net-concept\"}}]}<\/script>\n<!-- \/ Yoast SEO plugin. -->","yoast_head_json":{"title":"COP 21 \/ CMP 11: \u00a1Descifrando el acuerdo! - Sclavo","robots":{"index":"index","follow":"follow","max-snippet":"max-snippet:-1","max-image-preview":"max-image-preview:large","max-video-preview":"max-video-preview:-1"},"canonical":"https:\/\/www.groupesclavo.fr\/es\/todas-las-noticias\/cop-21-cmp-11-descifrando-el-acuerdo\/","og_locale":"es_ES","og_type":"article","og_title":"COP 21 \/ CMP 11: \u00a1Descifrando el acuerdo! - Sclavo","og_description":"\u00bfPor qu\u00e9 es hist\u00f3rico el Acuerdo de Par\u00eds y por qu\u00e9 el 12 de diciembre de 2015 seguir\u00e1 siendo un hito para el planeta? La conciencia estaba ah\u00ed, y [&hellip;]","og_url":"https:\/\/www.groupesclavo.fr\/es\/todas-las-noticias\/cop-21-cmp-11-descifrando-el-acuerdo\/","og_site_name":"Sclavo","article_published_time":"2016-01-19T10:51:34+00:00","article_modified_time":"2026-04-29T08:38:21+00:00","og_image":[{"width":640,"height":426,"url":"https:\/\/www.groupesclavo.fr\/wp-content\/uploads\/2025\/06\/23001125873_cce2876738_z.jpg","type":"image\/jpeg"}],"author":"net-concept","twitter_card":"summary_large_image","twitter_misc":{"Written by":"net-concept","Est. reading time":"4 minutes"},"schema":{"@context":"https:\/\/schema.org","@graph":[{"@type":"Article","@id":"https:\/\/www.groupesclavo.fr\/es\/todas-las-noticias\/cop-21-cmp-11-descifrando-el-acuerdo\/#article","isPartOf":{"@id":"https:\/\/www.groupesclavo.fr\/es\/todas-las-noticias\/cop-21-cmp-11-descifrando-el-acuerdo\/"},"author":{"name":"net-concept","@id":"https:\/\/www.groupesclavo.fr\/es\/#\/schema\/person\/cce451e392f3726778682f885b5f85d6"},"headline":"COP 21 \/ CMP 11: \u00a1Descifrando el acuerdo!","datePublished":"2016-01-19T10:51:34+00:00","dateModified":"2026-04-29T08:38:21+00:00","mainEntityOfPage":{"@id":"https:\/\/www.groupesclavo.fr\/es\/todas-las-noticias\/cop-21-cmp-11-descifrando-el-acuerdo\/"},"wordCount":812,"publisher":{"@id":"https:\/\/www.groupesclavo.fr\/es\/#organization"},"image":{"@id":"https:\/\/www.groupesclavo.fr\/es\/todas-las-noticias\/cop-21-cmp-11-descifrando-el-acuerdo\/#primaryimage"},"thumbnailUrl":"https:\/\/www.groupesclavo.fr\/wp-content\/uploads\/2025\/06\/23001125873_cce2876738_z.jpg","articleSection":["COP 21","Todas las noticias"],"inLanguage":"es-ES"},{"@type":"WebPage","@id":"https:\/\/www.groupesclavo.fr\/es\/todas-las-noticias\/cop-21-cmp-11-descifrando-el-acuerdo\/","url":"https:\/\/www.groupesclavo.fr\/es\/todas-las-noticias\/cop-21-cmp-11-descifrando-el-acuerdo\/","name":"COP 21 \/ CMP 11: \u00a1Descifrando el acuerdo! - Sclavo","isPartOf":{"@id":"https:\/\/www.groupesclavo.fr\/es\/#website"},"primaryImageOfPage":{"@id":"https:\/\/www.groupesclavo.fr\/es\/todas-las-noticias\/cop-21-cmp-11-descifrando-el-acuerdo\/#primaryimage"},"image":{"@id":"https:\/\/www.groupesclavo.fr\/es\/todas-las-noticias\/cop-21-cmp-11-descifrando-el-acuerdo\/#primaryimage"},"thumbnailUrl":"https:\/\/www.groupesclavo.fr\/wp-content\/uploads\/2025\/06\/23001125873_cce2876738_z.jpg","datePublished":"2016-01-19T10:51:34+00:00","dateModified":"2026-04-29T08:38:21+00:00","breadcrumb":{"@id":"https:\/\/www.groupesclavo.fr\/es\/todas-las-noticias\/cop-21-cmp-11-descifrando-el-acuerdo\/#breadcrumb"},"inLanguage":"es-ES","potentialAction":[{"@type":"ReadAction","target":["https:\/\/www.groupesclavo.fr\/es\/todas-las-noticias\/cop-21-cmp-11-descifrando-el-acuerdo\/"]}]},{"@type":"ImageObject","inLanguage":"es-ES","@id":"https:\/\/www.groupesclavo.fr\/es\/todas-las-noticias\/cop-21-cmp-11-descifrando-el-acuerdo\/#primaryimage","url":"https:\/\/www.groupesclavo.fr\/wp-content\/uploads\/2025\/06\/23001125873_cce2876738_z.jpg","contentUrl":"https:\/\/www.groupesclavo.fr\/wp-content\/uploads\/2025\/06\/23001125873_cce2876738_z.jpg","width":640,"height":426},{"@type":"BreadcrumbList","@id":"https:\/\/www.groupesclavo.fr\/es\/todas-las-noticias\/cop-21-cmp-11-descifrando-el-acuerdo\/#breadcrumb","itemListElement":[{"@type":"ListItem","position":1,"name":"Accueil","item":"https:\/\/www.groupesclavo.fr\/es\/?page_id=5527"},{"@type":"ListItem","position":2,"name":"COP 21 \/ CMP 11: \u00a1Descifrando el acuerdo!"}]},{"@type":"WebSite","@id":"https:\/\/www.groupesclavo.fr\/es\/#website","url":"https:\/\/www.groupesclavo.fr\/es\/","name":"Sclavo","description":"","publisher":{"@id":"https:\/\/www.groupesclavo.fr\/es\/#organization"},"potentialAction":[{"@type":"SearchAction","target":{"@type":"EntryPoint","urlTemplate":"https:\/\/www.groupesclavo.fr\/es\/?s={search_term_string}"},"query-input":{"@type":"PropertyValueSpecification","valueRequired":true,"valueName":"search_term_string"}}],"inLanguage":"es-ES"},{"@type":"Organization","@id":"https:\/\/www.groupesclavo.fr\/es\/#organization","name":"Sclavo","url":"https:\/\/www.groupesclavo.fr\/es\/","logo":{"@type":"ImageObject","inLanguage":"es-ES","@id":"https:\/\/www.groupesclavo.fr\/es\/#\/schema\/logo\/image\/","url":"https:\/\/www.groupesclavo.fr\/wp-content\/uploads\/2024\/11\/logo-1.svg","contentUrl":"https:\/\/www.groupesclavo.fr\/wp-content\/uploads\/2024\/11\/logo-1.svg","width":191,"height":57,"caption":"Sclavo"},"image":{"@id":"https:\/\/www.groupesclavo.fr\/es\/#\/schema\/logo\/image\/"}},{"@type":"Person","@id":"https:\/\/www.groupesclavo.fr\/es\/#\/schema\/person\/cce451e392f3726778682f885b5f85d6","name":"net-concept","image":{"@type":"ImageObject","inLanguage":"es-ES","@id":"https:\/\/secure.gravatar.com\/avatar\/8406d47cf424cb6f1c7c9a655e87e793c9a1a5eccdf20a2bca376c84dc550590?s=96&d=mm&r=g","url":"https:\/\/secure.gravatar.com\/avatar\/8406d47cf424cb6f1c7c9a655e87e793c9a1a5eccdf20a2bca376c84dc550590?s=96&d=mm&r=g","contentUrl":"https:\/\/secure.gravatar.com\/avatar\/8406d47cf424cb6f1c7c9a655e87e793c9a1a5eccdf20a2bca376c84dc550590?s=96&d=mm&r=g","caption":"net-concept"}}]}},"_links":{"self":[{"href":"https:\/\/www.groupesclavo.fr\/es\/wp-json\/wp\/v2\/posts\/5496","targetHints":{"allow":["GET"]}}],"collection":[{"href":"https:\/\/www.groupesclavo.fr\/es\/wp-json\/wp\/v2\/posts"}],"about":[{"href":"https:\/\/www.groupesclavo.fr\/es\/wp-json\/wp\/v2\/types\/post"}],"author":[{"embeddable":true,"href":"https:\/\/www.groupesclavo.fr\/es\/wp-json\/wp\/v2\/users\/4"}],"replies":[{"embeddable":true,"href":"https:\/\/www.groupesclavo.fr\/es\/wp-json\/wp\/v2\/comments?post=5496"}],"version-history":[{"count":1,"href":"https:\/\/www.groupesclavo.fr\/es\/wp-json\/wp\/v2\/posts\/5496\/revisions"}],"predecessor-version":[{"id":5498,"href":"https:\/\/www.groupesclavo.fr\/es\/wp-json\/wp\/v2\/posts\/5496\/revisions\/5498"}],"wp:featuredmedia":[{"embeddable":true,"href":"https:\/\/www.groupesclavo.fr\/es\/wp-json\/wp\/v2\/media\/5497"}],"wp:attachment":[{"href":"https:\/\/www.groupesclavo.fr\/es\/wp-json\/wp\/v2\/media?parent=5496"}],"wp:term":[{"taxonomy":"category","embeddable":true,"href":"https:\/\/www.groupesclavo.fr\/es\/wp-json\/wp\/v2\/categories?post=5496"},{"taxonomy":"post_tag","embeddable":true,"href":"https:\/\/www.groupesclavo.fr\/es\/wp-json\/wp\/v2\/tags?post=5496"}],"curies":[{"name":"wp","href":"https:\/\/api.w.org\/{rel}","templated":true}]}}