{"id":5490,"date":"2020-03-20T12:21:13","date_gmt":"2020-03-20T11:21:13","guid":{"rendered":"https:\/\/www.groupesclavo.fr\/sin-categoria\/comunicado-de-prensa-sclavo-environnement-se-adapta-a-covid-19\/"},"modified":"2026-04-29T10:38:09","modified_gmt":"2026-04-29T08:38:09","slug":"comunicado-de-prensa-sclavo-environnement-se-adapta-a-covid-19","status":"publish","type":"post","link":"https:\/\/www.groupesclavo.fr\/es\/todas-las-noticias\/comunicado-de-prensa-sclavo-environnement-se-adapta-a-covid-19\/","title":{"rendered":"Comunicado de prensa &#8211; \u00a1Sclavo environnement se adapta a COVID-19!"},"content":{"rendered":"<p><span class=\"_5mfr\"><span class=\"_6qdm\">Actualizaci\u00f3n 14.04.2020 ?<\/span><\/span><span class=\"_5mfr\"><span class=\"_6qdm\">\u26a0\ufe0f<\/span><\/span> <strong>Comunicado de prensa &#8211; Coronavirus Covid 19.<\/strong><\/p>\n<p><em><strong>\u00a1Sclavo environnement se adapta a COVID-19!<\/strong><\/em><\/p>\n<p><em><strong>Todos nuestros sitios y servicios ofrecen un servicio m\u00ednimo.<\/strong><\/em><\/p>\n<p>Se\u00f1oras y se\u00f1ores<\/p>\n<p>Ante esta crisis sanitaria excepcional, Sclavo environnement y todos sus empleados se han movilizado y han desplegado su plan de continuidad del servicio desde el 16 de marzo de 2020.<\/p>\n<p>En un momento en que Francia y el resto del mundo atraviesan una de las crisis sanitarias m\u00e1s graves de la historia, el trabajo de los equipos del Grupo Sclavo Environnement sigue siendo esencial.<\/p>\n<p>En toda la Costa Azul, nuestros empleados trabajan duro para garantizar la continuidad de nuestros servicios de recogida, transporte, clasificaci\u00f3n y recuperaci\u00f3n de residuos, que son esenciales para nuestros socios p\u00fablicos y privados.<\/p>\n<p>Por tanto, todos nuestros centros y servicios permanecer\u00e1n abiertos y operativos, con una plantilla reducida y horarios de trabajo adaptados:<\/p>\n<p>&nbsp;<\/p>\n<p><strong>Centros profesionales de recogida de residuos<\/strong>:<\/p>\n<p>\u2460 <strong>Fr\u00e9jus (83 600, Var):<\/strong><br \/>Lunes a viernes: <strong>7.00 &#8211; 12.00 \/ 13.00 &#8211; 16.00<\/strong><br \/>Direcci\u00f3n: Eco-P\u00f4le recyclage DND &#8211; ZAC du P\u00f4le BTP &#8211; 150 all\u00e9e Eug\u00e8ne Freyssinet &#8211; 83 600 Fr\u00e9jus<br \/>Contacto: <strong>04 98 12 00 30<\/strong><\/p>\n<p>\u2461 <strong>La Roquette<\/strong> Sur Siagne <strong>(06 550, Alpes Mar\u00edtimos):<\/strong><br \/>Lunes a viernes: <strong>8.00 &#8211; 12.00 \/ 13.30 &#8211; 18.00<\/strong><br \/>Direcci\u00f3n: Eco-Relais La Roquette &#8211; P.A. de la Siagne &#8211; 1010 chemin de la Levade &#8211; 06 550 La Roquette Sur Siagne<br \/>Contacto: <strong>04 93 93 86 71<\/strong><\/p>\n<p>&nbsp;<\/p>\n<p><strong>Sitios de hierros y metales<\/strong>:<\/p>\n<p>\u2460 <strong>Fr\u00e9jus (83 600, Var):<\/strong><br \/>Lunes a viernes: <strong>8.00 &#8211; 12.00 \/ 13.30 &#8211; 17.00<\/strong><br \/>Direcci\u00f3n: Eco-P\u00f4le recyclage Fers &amp; M\u00e9taux &#8211; ZI du Capitou &#8211; 85 avenue Louis L\u00e9pine &#8211; 83 600 Fr\u00e9jus<br \/>Contacto: <strong>04 94 40 86 51<\/strong><\/p>\n<p>\u2461 <strong>La Roquette<\/strong> Sur Siagne <strong>(06 550, Alpes Mar\u00edtimos):<\/strong><br \/>Lunes a viernes: <strong>8.00 &#8211; 12.00 \/ 13.30 &#8211; 18.00<\/strong><br \/>Direcci\u00f3n: Eco-Relais La Roquette &#8211; P.A. de la Siagne &#8211; 1010 chemin de la Levade &#8211; 06 550 La Roquette Sur Siagne<br \/>Contacto: <strong>04 93 93 86 71<\/strong><\/p>\n<p>\u2462 Saint Laurent du <strong>Var (06 700, Alpes Mar\u00edtimos) :<\/strong><br \/>Lunes a Viernes : <strong>8h &#8211; 12h \/ 14h &#8211; 17h<\/strong><br \/>Direcci\u00f3n : ZI SECTEUR C7 &#8211; 30 rue Claude Bernard &#8211; 06 700 Saint Laurent Du Var<\/p>\n<p>Contacto: <strong>04 92 27 08 57<\/strong><\/p>\n<p>&nbsp;<\/p>\n<p><strong>Lugar de residuos peligrosos<\/strong>:<\/p>\n<p>\u2460 <strong>Fr\u00e9jus (83 600, Var):<\/strong><br \/>De lunes a viernes: <strong>8.00 &#8211; 12.00 \/ 13.00 &#8211; 16.00<\/strong><br \/>Direcci\u00f3n: Eco-P\u00f4le recyclage D\u00e9chets Dangereux &#8211; ZI du Capitou &#8211; 126 avenue Louis L\u00e9pine &#8211; 83 600 Fr\u00e9jus<br \/>Contacto: <strong>04 94 44 88 94<\/strong><\/p>\n<p><strong>Departamento de recogida y log\u00edstica 06 y 83<\/strong>:<\/p>\n<p>Recogida de residuos peligrosos y no peligrosos, as\u00ed como de hierro y metales, en el 06 y 83 departamentos. El tiempo de respuesta var\u00eda entre 24 y 72 horas. En caso de emergencia absoluta, podemos intervenir r\u00e1pidamente.<br \/>Contacto:<strong> 04 98 13 19 02<\/strong><\/p>\n<p><strong>Servicios administrativos<\/strong>:<\/p>\n<p>Puedes ponerte en contacto con los servicios administrativos en el n\u00famero \u00fanico:<br \/><strong>04 97 12 02 02<\/strong><\/p>\n<p><strong>Departamento de ventas<\/strong>:<\/p>\n<p>Tambi\u00e9n puedes ponerte en contacto con el departamento de ventas por correo electr\u00f3nico <strong>commercial@groupesclavo.fr<\/strong><\/p>\n<p><em><strong>haz clic en las im\u00e1genes para ver las instrucciones aplicadas en el Grupo SCLAVO Environnement:<\/strong><\/em><\/p>\n<p>Adaptamos nuestra organizaci\u00f3n a diario y prestamos extrema atenci\u00f3n a la implantaci\u00f3n de barreras y al cumplimiento de medidas que garanticen la protecci\u00f3n de todos nuestros empleados y colaboradores.<\/p>\n<p>Queremos dar las gracias a todos nuestros empleados por garantizar la continuidad de nuestras actividades, con rigor y profesionalidad, a pesar de este contexto sin precedentes.<\/p>\n<p>Tambi\u00e9n queremos rendir un caluroso homenaje a todos los profesionales de la sanidad y la asistencia social, que trabajan incansablemente por el bien de todos nosotros.<br \/>Tampoco debemos olvidar a todas las personas que mantienen el pa\u00eds en pie: los empleados de los sectores del comercio, el transporte y la log\u00edstica, las fuerzas del orden, los servicios de emergencia, etc.<br \/>As\u00ed como los que trabajan en los sectores del agua, la energ\u00eda y la gesti\u00f3n de residuos.<\/p>\n<p>Te mantendremos informado de cualquier novedad a trav\u00e9s de nuestra p\u00e1gina web<a href=\"https:\/\/l.facebook.com\/l.php?u=http%3A%2F%2Fgroupesclavo.fr%2F%3Ffbclid%3DIwAR3_kFNk3pw7z1NfIoBlaGkRht4yhrMc6siYNEvALNmfD_5FrG20o2jHPq4&amp;h=AT0nFQDE1Cu9Iukb88e3bkXYK3iiFYQjH0IIFdPBVzT4bXtksNNEp3RForBvUYBJYYsbqzTBtHZMzIZmRgScll_J5Ncpff9eF9EmaGxxkgD39Kg_1ADoFwGFvGoeekTRzQ0UZbi4AWNENESO_Q-6B9NQrfPAw71bpQ3igXaD37VlRJXJxcCWghzu6L1cZJWqs3rXd0UkOQUKI6Dfn34T3cxUiOONYNONVqaReQwiwRbN5yjAkTKRZTAAU4LxTVJHddAhF8PrM3RaQJ8BvGxSQTmdg7EBDUB0ksUe8FAuinfnXPHIRIlL30GZ20ciMALiNe9fmHYhqvsX7ri1Gy4ylIrPMKLPhJ05qgDUt-53KnhcCFIK5IbMKXnPHvQvf5ADdNySMfhIHgk5LPDppJsilcxM0cOsAiLSRA8tkNc-mhOO19LkLZn7ChpRnU5VNXI7BpRdYdyZkfHJqeQEuL0V_QMaif8ilIwOWoKFfX57PxPs_jV59qiCTUO13WfRPnaXnyHuXVunTSdJuadW2fyE1ulEPa0xtfaEoXHA0yseA9yeTj2nsu9bEGFXqQpOAFREAgIJn34HHi-hurfl_lqo3uejqDO_npzl-KgnEROHo3So9hu-Zws_DWYn-UZyhJ9xaE2x8g\" target=\"_blank\" rel=\"noopener nofollow noreferrer\" data-ft=\"{\"tn\":\"-U\"}\" data-lynx-mode=\"async\">(www.groupesclavo.fr)<\/a> y nuestras redes sociales (Facebook \/ LinkedIn). Puedes localizarnos en cualquier momento en el 04 97 12 02 02.<\/p>\n<p>Cu\u00eddate y cuida a tus semejantes, y \u00e1nimo a todos.<\/p>\n<p><strong>ATENCI\u00d3N: nuestra organizaci\u00f3n est\u00e1 sujeta a cambios en cualquier momento, en funci\u00f3n de las normativas y restricciones gubernamentales.<\/strong><\/p>\n<p>Gesti\u00f3n.<\/p>\n","protected":false},"excerpt":{"rendered":"<p>Actualizaci\u00f3n 14.04.2020 ?\u26a0\ufe0f Comunicado de prensa &#8211; Coronavirus Covid 19. \u00a1Sclavo environnement se adapta a COVID-19! Todos nuestros sitios y servicios ofrecen un servicio m\u00ednimo. Se\u00f1oras y se\u00f1ores Ante [&hellip;]<\/p>\n","protected":false},"author":4,"featured_media":5491,"comment_status":"closed","ping_status":"closed","sticky":false,"template":"","format":"standard","meta":{"inline_featured_image":false,"footnotes":""},"categories":[97,84],"tags":[],"class_list":["post-5490","post","type-post","status-publish","format-standard","has-post-thumbnail","hentry","category-covid19","category-todas-las-noticias"],"yoast_head":"<!-- This site is optimized with the Yoast SEO plugin v27.4 - https:\/\/yoast.com\/product\/yoast-seo-wordpress\/ -->\n<title>Comunicado de prensa - \u00a1Sclavo environnement se adapta a COVID-19! - Sclavo<\/title>\n<meta name=\"robots\" content=\"index, follow, max-snippet:-1, max-image-preview:large, max-video-preview:-1\" \/>\n<link rel=\"canonical\" href=\"https:\/\/www.groupesclavo.fr\/es\/todas-las-noticias\/comunicado-de-prensa-sclavo-environnement-se-adapta-a-covid-19\/\" \/>\n<meta property=\"og:locale\" content=\"es_ES\" \/>\n<meta property=\"og:type\" content=\"article\" \/>\n<meta property=\"og:title\" content=\"Comunicado de prensa - \u00a1Sclavo environnement se adapta a COVID-19! - Sclavo\" \/>\n<meta property=\"og:description\" content=\"Actualizaci\u00f3n 14.04.2020 ?\u26a0\ufe0f Comunicado de prensa &#8211; Coronavirus Covid 19. \u00a1Sclavo environnement se adapta a COVID-19! Todos nuestros sitios y servicios ofrecen un servicio m\u00ednimo. Se\u00f1oras y se\u00f1ores Ante [&hellip;]\" \/>\n<meta property=\"og:url\" content=\"https:\/\/www.groupesclavo.fr\/es\/todas-las-noticias\/comunicado-de-prensa-sclavo-environnement-se-adapta-a-covid-19\/\" \/>\n<meta property=\"og:site_name\" content=\"Sclavo\" \/>\n<meta property=\"article:published_time\" content=\"2020-03-20T11:21:13+00:00\" \/>\n<meta property=\"article:modified_time\" content=\"2026-04-29T08:38:09+00:00\" \/>\n<meta property=\"og:image\" content=\"https:\/\/www.groupesclavo.fr\/wp-content\/uploads\/2025\/06\/Unknown.png\" \/>\n\t<meta property=\"og:image:width\" content=\"225\" \/>\n\t<meta property=\"og:image:height\" content=\"225\" \/>\n\t<meta property=\"og:image:type\" content=\"image\/png\" \/>\n<meta name=\"author\" content=\"net-concept\" \/>\n<meta name=\"twitter:card\" content=\"summary_large_image\" \/>\n<meta name=\"twitter:label1\" content=\"Written by\" \/>\n\t<meta name=\"twitter:data1\" content=\"net-concept\" \/>\n\t<meta name=\"twitter:label2\" content=\"Est. reading time\" \/>\n\t<meta name=\"twitter:data2\" content=\"3 minutes\" \/>\n<script type=\"application\/ld+json\" class=\"yoast-schema-graph\">{\"@context\":\"https:\\\/\\\/schema.org\",\"@graph\":[{\"@type\":\"Article\",\"@id\":\"https:\\\/\\\/www.groupesclavo.fr\\\/es\\\/todas-las-noticias\\\/comunicado-de-prensa-sclavo-environnement-se-adapta-a-covid-19\\\/#article\",\"isPartOf\":{\"@id\":\"https:\\\/\\\/www.groupesclavo.fr\\\/es\\\/todas-las-noticias\\\/comunicado-de-prensa-sclavo-environnement-se-adapta-a-covid-19\\\/\"},\"author\":{\"name\":\"net-concept\",\"@id\":\"https:\\\/\\\/www.groupesclavo.fr\\\/es\\\/#\\\/schema\\\/person\\\/cce451e392f3726778682f885b5f85d6\"},\"headline\":\"Comunicado de prensa &#8211; \u00a1Sclavo environnement se adapta a COVID-19!\",\"datePublished\":\"2020-03-20T11:21:13+00:00\",\"dateModified\":\"2026-04-29T08:38:09+00:00\",\"mainEntityOfPage\":{\"@id\":\"https:\\\/\\\/www.groupesclavo.fr\\\/es\\\/todas-las-noticias\\\/comunicado-de-prensa-sclavo-environnement-se-adapta-a-covid-19\\\/\"},\"wordCount\":661,\"publisher\":{\"@id\":\"https:\\\/\\\/www.groupesclavo.fr\\\/es\\\/#organization\"},\"image\":{\"@id\":\"https:\\\/\\\/www.groupesclavo.fr\\\/es\\\/todas-las-noticias\\\/comunicado-de-prensa-sclavo-environnement-se-adapta-a-covid-19\\\/#primaryimage\"},\"thumbnailUrl\":\"https:\\\/\\\/www.groupesclavo.fr\\\/wp-content\\\/uploads\\\/2025\\\/06\\\/Unknown.png\",\"articleSection\":[\"COVID19\",\"Todas las noticias\"],\"inLanguage\":\"es-ES\"},{\"@type\":\"WebPage\",\"@id\":\"https:\\\/\\\/www.groupesclavo.fr\\\/es\\\/todas-las-noticias\\\/comunicado-de-prensa-sclavo-environnement-se-adapta-a-covid-19\\\/\",\"url\":\"https:\\\/\\\/www.groupesclavo.fr\\\/es\\\/todas-las-noticias\\\/comunicado-de-prensa-sclavo-environnement-se-adapta-a-covid-19\\\/\",\"name\":\"Comunicado de prensa - \u00a1Sclavo environnement se adapta a COVID-19! - Sclavo\",\"isPartOf\":{\"@id\":\"https:\\\/\\\/www.groupesclavo.fr\\\/es\\\/#website\"},\"primaryImageOfPage\":{\"@id\":\"https:\\\/\\\/www.groupesclavo.fr\\\/es\\\/todas-las-noticias\\\/comunicado-de-prensa-sclavo-environnement-se-adapta-a-covid-19\\\/#primaryimage\"},\"image\":{\"@id\":\"https:\\\/\\\/www.groupesclavo.fr\\\/es\\\/todas-las-noticias\\\/comunicado-de-prensa-sclavo-environnement-se-adapta-a-covid-19\\\/#primaryimage\"},\"thumbnailUrl\":\"https:\\\/\\\/www.groupesclavo.fr\\\/wp-content\\\/uploads\\\/2025\\\/06\\\/Unknown.png\",\"datePublished\":\"2020-03-20T11:21:13+00:00\",\"dateModified\":\"2026-04-29T08:38:09+00:00\",\"breadcrumb\":{\"@id\":\"https:\\\/\\\/www.groupesclavo.fr\\\/es\\\/todas-las-noticias\\\/comunicado-de-prensa-sclavo-environnement-se-adapta-a-covid-19\\\/#breadcrumb\"},\"inLanguage\":\"es-ES\",\"potentialAction\":[{\"@type\":\"ReadAction\",\"target\":[\"https:\\\/\\\/www.groupesclavo.fr\\\/es\\\/todas-las-noticias\\\/comunicado-de-prensa-sclavo-environnement-se-adapta-a-covid-19\\\/\"]}]},{\"@type\":\"ImageObject\",\"inLanguage\":\"es-ES\",\"@id\":\"https:\\\/\\\/www.groupesclavo.fr\\\/es\\\/todas-las-noticias\\\/comunicado-de-prensa-sclavo-environnement-se-adapta-a-covid-19\\\/#primaryimage\",\"url\":\"https:\\\/\\\/www.groupesclavo.fr\\\/wp-content\\\/uploads\\\/2025\\\/06\\\/Unknown.png\",\"contentUrl\":\"https:\\\/\\\/www.groupesclavo.fr\\\/wp-content\\\/uploads\\\/2025\\\/06\\\/Unknown.png\",\"width\":225,\"height\":225},{\"@type\":\"BreadcrumbList\",\"@id\":\"https:\\\/\\\/www.groupesclavo.fr\\\/es\\\/todas-las-noticias\\\/comunicado-de-prensa-sclavo-environnement-se-adapta-a-covid-19\\\/#breadcrumb\",\"itemListElement\":[{\"@type\":\"ListItem\",\"position\":1,\"name\":\"Accueil\",\"item\":\"https:\\\/\\\/www.groupesclavo.fr\\\/es\\\/?page_id=5527\"},{\"@type\":\"ListItem\",\"position\":2,\"name\":\"Comunicado de prensa &#8211; \u00a1Sclavo environnement se adapta a COVID-19!\"}]},{\"@type\":\"WebSite\",\"@id\":\"https:\\\/\\\/www.groupesclavo.fr\\\/es\\\/#website\",\"url\":\"https:\\\/\\\/www.groupesclavo.fr\\\/es\\\/\",\"name\":\"Sclavo\",\"description\":\"\",\"publisher\":{\"@id\":\"https:\\\/\\\/www.groupesclavo.fr\\\/es\\\/#organization\"},\"potentialAction\":[{\"@type\":\"SearchAction\",\"target\":{\"@type\":\"EntryPoint\",\"urlTemplate\":\"https:\\\/\\\/www.groupesclavo.fr\\\/es\\\/?s={search_term_string}\"},\"query-input\":{\"@type\":\"PropertyValueSpecification\",\"valueRequired\":true,\"valueName\":\"search_term_string\"}}],\"inLanguage\":\"es-ES\"},{\"@type\":\"Organization\",\"@id\":\"https:\\\/\\\/www.groupesclavo.fr\\\/es\\\/#organization\",\"name\":\"Sclavo\",\"url\":\"https:\\\/\\\/www.groupesclavo.fr\\\/es\\\/\",\"logo\":{\"@type\":\"ImageObject\",\"inLanguage\":\"es-ES\",\"@id\":\"https:\\\/\\\/www.groupesclavo.fr\\\/es\\\/#\\\/schema\\\/logo\\\/image\\\/\",\"url\":\"https:\\\/\\\/www.groupesclavo.fr\\\/wp-content\\\/uploads\\\/2024\\\/11\\\/logo-1.svg\",\"contentUrl\":\"https:\\\/\\\/www.groupesclavo.fr\\\/wp-content\\\/uploads\\\/2024\\\/11\\\/logo-1.svg\",\"width\":191,\"height\":57,\"caption\":\"Sclavo\"},\"image\":{\"@id\":\"https:\\\/\\\/www.groupesclavo.fr\\\/es\\\/#\\\/schema\\\/logo\\\/image\\\/\"}},{\"@type\":\"Person\",\"@id\":\"https:\\\/\\\/www.groupesclavo.fr\\\/es\\\/#\\\/schema\\\/person\\\/cce451e392f3726778682f885b5f85d6\",\"name\":\"net-concept\",\"image\":{\"@type\":\"ImageObject\",\"inLanguage\":\"es-ES\",\"@id\":\"https:\\\/\\\/secure.gravatar.com\\\/avatar\\\/8406d47cf424cb6f1c7c9a655e87e793c9a1a5eccdf20a2bca376c84dc550590?s=96&d=mm&r=g\",\"url\":\"https:\\\/\\\/secure.gravatar.com\\\/avatar\\\/8406d47cf424cb6f1c7c9a655e87e793c9a1a5eccdf20a2bca376c84dc550590?s=96&d=mm&r=g\",\"contentUrl\":\"https:\\\/\\\/secure.gravatar.com\\\/avatar\\\/8406d47cf424cb6f1c7c9a655e87e793c9a1a5eccdf20a2bca376c84dc550590?s=96&d=mm&r=g\",\"caption\":\"net-concept\"}}]}<\/script>\n<!-- \/ Yoast SEO plugin. -->","yoast_head_json":{"title":"Comunicado de prensa - \u00a1Sclavo environnement se adapta a COVID-19! - Sclavo","robots":{"index":"index","follow":"follow","max-snippet":"max-snippet:-1","max-image-preview":"max-image-preview:large","max-video-preview":"max-video-preview:-1"},"canonical":"https:\/\/www.groupesclavo.fr\/es\/todas-las-noticias\/comunicado-de-prensa-sclavo-environnement-se-adapta-a-covid-19\/","og_locale":"es_ES","og_type":"article","og_title":"Comunicado de prensa - \u00a1Sclavo environnement se adapta a COVID-19! - Sclavo","og_description":"Actualizaci\u00f3n 14.04.2020 ?\u26a0\ufe0f Comunicado de prensa &#8211; Coronavirus Covid 19. \u00a1Sclavo environnement se adapta a COVID-19! Todos nuestros sitios y servicios ofrecen un servicio m\u00ednimo. Se\u00f1oras y se\u00f1ores Ante [&hellip;]","og_url":"https:\/\/www.groupesclavo.fr\/es\/todas-las-noticias\/comunicado-de-prensa-sclavo-environnement-se-adapta-a-covid-19\/","og_site_name":"Sclavo","article_published_time":"2020-03-20T11:21:13+00:00","article_modified_time":"2026-04-29T08:38:09+00:00","og_image":[{"width":225,"height":225,"url":"https:\/\/www.groupesclavo.fr\/wp-content\/uploads\/2025\/06\/Unknown.png","type":"image\/png"}],"author":"net-concept","twitter_card":"summary_large_image","twitter_misc":{"Written by":"net-concept","Est. reading time":"3 minutes"},"schema":{"@context":"https:\/\/schema.org","@graph":[{"@type":"Article","@id":"https:\/\/www.groupesclavo.fr\/es\/todas-las-noticias\/comunicado-de-prensa-sclavo-environnement-se-adapta-a-covid-19\/#article","isPartOf":{"@id":"https:\/\/www.groupesclavo.fr\/es\/todas-las-noticias\/comunicado-de-prensa-sclavo-environnement-se-adapta-a-covid-19\/"},"author":{"name":"net-concept","@id":"https:\/\/www.groupesclavo.fr\/es\/#\/schema\/person\/cce451e392f3726778682f885b5f85d6"},"headline":"Comunicado de prensa &#8211; \u00a1Sclavo environnement se adapta a COVID-19!","datePublished":"2020-03-20T11:21:13+00:00","dateModified":"2026-04-29T08:38:09+00:00","mainEntityOfPage":{"@id":"https:\/\/www.groupesclavo.fr\/es\/todas-las-noticias\/comunicado-de-prensa-sclavo-environnement-se-adapta-a-covid-19\/"},"wordCount":661,"publisher":{"@id":"https:\/\/www.groupesclavo.fr\/es\/#organization"},"image":{"@id":"https:\/\/www.groupesclavo.fr\/es\/todas-las-noticias\/comunicado-de-prensa-sclavo-environnement-se-adapta-a-covid-19\/#primaryimage"},"thumbnailUrl":"https:\/\/www.groupesclavo.fr\/wp-content\/uploads\/2025\/06\/Unknown.png","articleSection":["COVID19","Todas las noticias"],"inLanguage":"es-ES"},{"@type":"WebPage","@id":"https:\/\/www.groupesclavo.fr\/es\/todas-las-noticias\/comunicado-de-prensa-sclavo-environnement-se-adapta-a-covid-19\/","url":"https:\/\/www.groupesclavo.fr\/es\/todas-las-noticias\/comunicado-de-prensa-sclavo-environnement-se-adapta-a-covid-19\/","name":"Comunicado de prensa - \u00a1Sclavo environnement se adapta a COVID-19! - Sclavo","isPartOf":{"@id":"https:\/\/www.groupesclavo.fr\/es\/#website"},"primaryImageOfPage":{"@id":"https:\/\/www.groupesclavo.fr\/es\/todas-las-noticias\/comunicado-de-prensa-sclavo-environnement-se-adapta-a-covid-19\/#primaryimage"},"image":{"@id":"https:\/\/www.groupesclavo.fr\/es\/todas-las-noticias\/comunicado-de-prensa-sclavo-environnement-se-adapta-a-covid-19\/#primaryimage"},"thumbnailUrl":"https:\/\/www.groupesclavo.fr\/wp-content\/uploads\/2025\/06\/Unknown.png","datePublished":"2020-03-20T11:21:13+00:00","dateModified":"2026-04-29T08:38:09+00:00","breadcrumb":{"@id":"https:\/\/www.groupesclavo.fr\/es\/todas-las-noticias\/comunicado-de-prensa-sclavo-environnement-se-adapta-a-covid-19\/#breadcrumb"},"inLanguage":"es-ES","potentialAction":[{"@type":"ReadAction","target":["https:\/\/www.groupesclavo.fr\/es\/todas-las-noticias\/comunicado-de-prensa-sclavo-environnement-se-adapta-a-covid-19\/"]}]},{"@type":"ImageObject","inLanguage":"es-ES","@id":"https:\/\/www.groupesclavo.fr\/es\/todas-las-noticias\/comunicado-de-prensa-sclavo-environnement-se-adapta-a-covid-19\/#primaryimage","url":"https:\/\/www.groupesclavo.fr\/wp-content\/uploads\/2025\/06\/Unknown.png","contentUrl":"https:\/\/www.groupesclavo.fr\/wp-content\/uploads\/2025\/06\/Unknown.png","width":225,"height":225},{"@type":"BreadcrumbList","@id":"https:\/\/www.groupesclavo.fr\/es\/todas-las-noticias\/comunicado-de-prensa-sclavo-environnement-se-adapta-a-covid-19\/#breadcrumb","itemListElement":[{"@type":"ListItem","position":1,"name":"Accueil","item":"https:\/\/www.groupesclavo.fr\/es\/?page_id=5527"},{"@type":"ListItem","position":2,"name":"Comunicado de prensa &#8211; \u00a1Sclavo environnement se adapta a COVID-19!"}]},{"@type":"WebSite","@id":"https:\/\/www.groupesclavo.fr\/es\/#website","url":"https:\/\/www.groupesclavo.fr\/es\/","name":"Sclavo","description":"","publisher":{"@id":"https:\/\/www.groupesclavo.fr\/es\/#organization"},"potentialAction":[{"@type":"SearchAction","target":{"@type":"EntryPoint","urlTemplate":"https:\/\/www.groupesclavo.fr\/es\/?s={search_term_string}"},"query-input":{"@type":"PropertyValueSpecification","valueRequired":true,"valueName":"search_term_string"}}],"inLanguage":"es-ES"},{"@type":"Organization","@id":"https:\/\/www.groupesclavo.fr\/es\/#organization","name":"Sclavo","url":"https:\/\/www.groupesclavo.fr\/es\/","logo":{"@type":"ImageObject","inLanguage":"es-ES","@id":"https:\/\/www.groupesclavo.fr\/es\/#\/schema\/logo\/image\/","url":"https:\/\/www.groupesclavo.fr\/wp-content\/uploads\/2024\/11\/logo-1.svg","contentUrl":"https:\/\/www.groupesclavo.fr\/wp-content\/uploads\/2024\/11\/logo-1.svg","width":191,"height":57,"caption":"Sclavo"},"image":{"@id":"https:\/\/www.groupesclavo.fr\/es\/#\/schema\/logo\/image\/"}},{"@type":"Person","@id":"https:\/\/www.groupesclavo.fr\/es\/#\/schema\/person\/cce451e392f3726778682f885b5f85d6","name":"net-concept","image":{"@type":"ImageObject","inLanguage":"es-ES","@id":"https:\/\/secure.gravatar.com\/avatar\/8406d47cf424cb6f1c7c9a655e87e793c9a1a5eccdf20a2bca376c84dc550590?s=96&d=mm&r=g","url":"https:\/\/secure.gravatar.com\/avatar\/8406d47cf424cb6f1c7c9a655e87e793c9a1a5eccdf20a2bca376c84dc550590?s=96&d=mm&r=g","contentUrl":"https:\/\/secure.gravatar.com\/avatar\/8406d47cf424cb6f1c7c9a655e87e793c9a1a5eccdf20a2bca376c84dc550590?s=96&d=mm&r=g","caption":"net-concept"}}]}},"_links":{"self":[{"href":"https:\/\/www.groupesclavo.fr\/es\/wp-json\/wp\/v2\/posts\/5490","targetHints":{"allow":["GET"]}}],"collection":[{"href":"https:\/\/www.groupesclavo.fr\/es\/wp-json\/wp\/v2\/posts"}],"about":[{"href":"https:\/\/www.groupesclavo.fr\/es\/wp-json\/wp\/v2\/types\/post"}],"author":[{"embeddable":true,"href":"https:\/\/www.groupesclavo.fr\/es\/wp-json\/wp\/v2\/users\/4"}],"replies":[{"embeddable":true,"href":"https:\/\/www.groupesclavo.fr\/es\/wp-json\/wp\/v2\/comments?post=5490"}],"version-history":[{"count":1,"href":"https:\/\/www.groupesclavo.fr\/es\/wp-json\/wp\/v2\/posts\/5490\/revisions"}],"predecessor-version":[{"id":5492,"href":"https:\/\/www.groupesclavo.fr\/es\/wp-json\/wp\/v2\/posts\/5490\/revisions\/5492"}],"wp:featuredmedia":[{"embeddable":true,"href":"https:\/\/www.groupesclavo.fr\/es\/wp-json\/wp\/v2\/media\/5491"}],"wp:attachment":[{"href":"https:\/\/www.groupesclavo.fr\/es\/wp-json\/wp\/v2\/media?parent=5490"}],"wp:term":[{"taxonomy":"category","embeddable":true,"href":"https:\/\/www.groupesclavo.fr\/es\/wp-json\/wp\/v2\/categories?post=5490"},{"taxonomy":"post_tag","embeddable":true,"href":"https:\/\/www.groupesclavo.fr\/es\/wp-json\/wp\/v2\/tags?post=5490"}],"curies":[{"name":"wp","href":"https:\/\/api.w.org\/{rel}","templated":true}]}}