{"id":5462,"date":"2018-04-17T11:58:32","date_gmt":"2018-04-17T09:58:32","guid":{"rendered":"https:\/\/www.groupesclavo.fr\/sin-categoria\/una-limpia-para-el-vieux-port-de-saint-raphael-83700-var\/"},"modified":"2026-04-29T10:37:54","modified_gmt":"2026-04-29T08:37:54","slug":"una-limpia-para-el-vieux-port-de-saint-raphael-83700-var","status":"publish","type":"post","link":"https:\/\/www.groupesclavo.fr\/es\/todas-las-noticias\/una-limpia-para-el-vieux-port-de-saint-raphael-83700-var\/","title":{"rendered":"Una limpia para el Vieux-Port de Saint Raphael (83700), Var."},"content":{"rendered":"<p><img loading=\"lazy\" decoding=\"async\" class=\"alignnone size-full wp-image-4166 aligncenter\" src=\"https:\/\/www.groupesclavo.fr\/wp-content\/uploads\/2025\/06\/Nettoyage-vieux-port.jpg\" alt=\"\" width=\"748\" height=\"482\" srcset=\"https:\/\/www.groupesclavo.fr\/wp-content\/uploads\/2025\/06\/Nettoyage-vieux-port.jpg 748w, https:\/\/www.groupesclavo.fr\/wp-content\/uploads\/2025\/06\/Nettoyage-vieux-port-300x193.jpg 300w\" sizes=\"auto, (max-width: 748px) 100vw, 748px\" \/><\/p>\n<p>Limpieza de primavera el domingo en el Vieux-Port de Saint-Rapha\u00ebl, donde una veintena de personas, la mayor\u00eda voluntarios, desafiaron al viento y al fr\u00edo por una buena causa. Miembros de la asociaci\u00f3n &#8220;Aquapassion&#8221; y del club de submarinismo &#8220;Aventure sous-marine&#8221;, los iniciadores del proyecto Port sans d\u00e9chet (primera edici\u00f3n), la Soci\u00e9t\u00e9 Nationale du Sauvetage en Mer (SNSM) y personal de la R\u00e9gie des ports, pasaron unas tres horas recogiendo basura en aguas poco profundas. Para recoger estos residuos no deseados, el grupo SCLAVO puso a disposici\u00f3n de los &#8220;buceadores-limpiadores&#8221; un contenedor de 8<sup>m3<\/sup>. S\u00f3lo se necesitaron 2<sup>m3<\/sup>, ya que el fondo de la cuenca del Vieux-Port estaba relativamente limpio. Una buena noticia, seg\u00fan la R\u00e9gie, sobre todo para un puerto situado en el centro de la ciudad.    <\/p>\n<p style=\"text-align: center;\"><img loading=\"lazy\" decoding=\"async\" class=\"alignnone size-full wp-image-4165\" src=\"https:\/\/www.groupesclavo.fr\/wp-content\/uploads\/2025\/06\/Nettoyage-vieux-port-plongeur.jpg\" alt=\"\" width=\"720\" height=\"481\" srcset=\"https:\/\/www.groupesclavo.fr\/wp-content\/uploads\/2025\/06\/Nettoyage-vieux-port-plongeur.jpg 720w, https:\/\/www.groupesclavo.fr\/wp-content\/uploads\/2025\/06\/Nettoyage-vieux-port-plongeur-300x200.jpg 300w\" sizes=\"auto, (max-width: 720px) 100vw, 720px\" \/><\/p>\n<p>No obstante, cabe se\u00f1alar que estos voluntarios han denunciado algunos objetos &#8220;inusuales&#8221;. Un cochecito de beb\u00e9, un carrito de la compra y un neum\u00e1tico de cami\u00f3n. Adem\u00e1s de objetos m\u00e1s tradicionales como pl\u00e1sticos, banderas publicitarias, 2 sillas de bar y chatarra de obras&#8230; <em>Fotos: Michel Eisenlohr<\/em> Art\u00edculo: ville de Saint Raphael  <\/p>\n","protected":false},"excerpt":{"rendered":"<p>Limpieza de primavera el domingo en el Vieux-Port de Saint-Rapha\u00ebl, donde una veintena de personas, la mayor\u00eda voluntarios, desafiaron al viento y al fr\u00edo por una buena causa. Miembros [&hellip;]<\/p>\n","protected":false},"author":4,"featured_media":5464,"comment_status":"closed","ping_status":"closed","sticky":false,"template":"","format":"standard","meta":{"inline_featured_image":false,"footnotes":""},"categories":[92,84],"tags":[],"class_list":["post-5462","post","type-post","status-publish","format-standard","has-post-thumbnail","hentry","category-accion-comunitaria","category-todas-las-noticias"],"yoast_head":"<!-- This site is optimized with the Yoast SEO plugin v27.4 - https:\/\/yoast.com\/product\/yoast-seo-wordpress\/ -->\n<title>Una limpia para el Vieux-Port de Saint Raphael (83700), Var. - Sclavo<\/title>\n<meta name=\"robots\" content=\"index, follow, max-snippet:-1, max-image-preview:large, max-video-preview:-1\" \/>\n<link rel=\"canonical\" href=\"https:\/\/www.groupesclavo.fr\/es\/todas-las-noticias\/una-limpia-para-el-vieux-port-de-saint-raphael-83700-var\/\" \/>\n<meta property=\"og:locale\" content=\"es_ES\" \/>\n<meta property=\"og:type\" content=\"article\" \/>\n<meta property=\"og:title\" content=\"Una limpia para el Vieux-Port de Saint Raphael (83700), Var. - Sclavo\" \/>\n<meta property=\"og:description\" content=\"Limpieza de primavera el domingo en el Vieux-Port de Saint-Rapha\u00ebl, donde una veintena de personas, la mayor\u00eda voluntarios, desafiaron al viento y al fr\u00edo por una buena causa. Miembros [&hellip;]\" \/>\n<meta property=\"og:url\" content=\"https:\/\/www.groupesclavo.fr\/es\/todas-las-noticias\/una-limpia-para-el-vieux-port-de-saint-raphael-83700-var\/\" \/>\n<meta property=\"og:site_name\" content=\"Sclavo\" \/>\n<meta property=\"article:published_time\" content=\"2018-04-17T09:58:32+00:00\" \/>\n<meta property=\"article:modified_time\" content=\"2026-04-29T08:37:54+00:00\" \/>\n<meta property=\"og:image\" content=\"https:\/\/www.groupesclavo.fr\/wp-content\/uploads\/2025\/06\/Nettoyage-vieux-port.jpg\" \/>\n\t<meta property=\"og:image:width\" content=\"748\" \/>\n\t<meta property=\"og:image:height\" content=\"482\" \/>\n\t<meta property=\"og:image:type\" content=\"image\/jpeg\" \/>\n<meta name=\"author\" content=\"net-concept\" \/>\n<meta name=\"twitter:card\" content=\"summary_large_image\" \/>\n<meta name=\"twitter:label1\" content=\"Written by\" \/>\n\t<meta name=\"twitter:data1\" content=\"net-concept\" \/>\n\t<meta name=\"twitter:label2\" content=\"Est. reading time\" \/>\n\t<meta name=\"twitter:data2\" content=\"1 minute\" \/>\n<script type=\"application\/ld+json\" class=\"yoast-schema-graph\">{\"@context\":\"https:\\\/\\\/schema.org\",\"@graph\":[{\"@type\":\"Article\",\"@id\":\"https:\\\/\\\/www.groupesclavo.fr\\\/es\\\/todas-las-noticias\\\/una-limpia-para-el-vieux-port-de-saint-raphael-83700-var\\\/#article\",\"isPartOf\":{\"@id\":\"https:\\\/\\\/www.groupesclavo.fr\\\/es\\\/todas-las-noticias\\\/una-limpia-para-el-vieux-port-de-saint-raphael-83700-var\\\/\"},\"author\":{\"name\":\"net-concept\",\"@id\":\"https:\\\/\\\/www.groupesclavo.fr\\\/es\\\/#\\\/schema\\\/person\\\/cce451e392f3726778682f885b5f85d6\"},\"headline\":\"Una limpia para el Vieux-Port de Saint Raphael (83700), Var.\",\"datePublished\":\"2018-04-17T09:58:32+00:00\",\"dateModified\":\"2026-04-29T08:37:54+00:00\",\"mainEntityOfPage\":{\"@id\":\"https:\\\/\\\/www.groupesclavo.fr\\\/es\\\/todas-las-noticias\\\/una-limpia-para-el-vieux-port-de-saint-raphael-83700-var\\\/\"},\"wordCount\":205,\"publisher\":{\"@id\":\"https:\\\/\\\/www.groupesclavo.fr\\\/es\\\/#organization\"},\"image\":{\"@id\":\"https:\\\/\\\/www.groupesclavo.fr\\\/es\\\/todas-las-noticias\\\/una-limpia-para-el-vieux-port-de-saint-raphael-83700-var\\\/#primaryimage\"},\"thumbnailUrl\":\"https:\\\/\\\/www.groupesclavo.fr\\\/wp-content\\\/uploads\\\/2025\\\/06\\\/Nettoyage-vieux-port.jpg\",\"articleSection\":[\"Acci\u00f3n comunitaria\",\"Todas las noticias\"],\"inLanguage\":\"es-ES\"},{\"@type\":\"WebPage\",\"@id\":\"https:\\\/\\\/www.groupesclavo.fr\\\/es\\\/todas-las-noticias\\\/una-limpia-para-el-vieux-port-de-saint-raphael-83700-var\\\/\",\"url\":\"https:\\\/\\\/www.groupesclavo.fr\\\/es\\\/todas-las-noticias\\\/una-limpia-para-el-vieux-port-de-saint-raphael-83700-var\\\/\",\"name\":\"Una limpia para el Vieux-Port de Saint Raphael (83700), Var. - Sclavo\",\"isPartOf\":{\"@id\":\"https:\\\/\\\/www.groupesclavo.fr\\\/es\\\/#website\"},\"primaryImageOfPage\":{\"@id\":\"https:\\\/\\\/www.groupesclavo.fr\\\/es\\\/todas-las-noticias\\\/una-limpia-para-el-vieux-port-de-saint-raphael-83700-var\\\/#primaryimage\"},\"image\":{\"@id\":\"https:\\\/\\\/www.groupesclavo.fr\\\/es\\\/todas-las-noticias\\\/una-limpia-para-el-vieux-port-de-saint-raphael-83700-var\\\/#primaryimage\"},\"thumbnailUrl\":\"https:\\\/\\\/www.groupesclavo.fr\\\/wp-content\\\/uploads\\\/2025\\\/06\\\/Nettoyage-vieux-port.jpg\",\"datePublished\":\"2018-04-17T09:58:32+00:00\",\"dateModified\":\"2026-04-29T08:37:54+00:00\",\"breadcrumb\":{\"@id\":\"https:\\\/\\\/www.groupesclavo.fr\\\/es\\\/todas-las-noticias\\\/una-limpia-para-el-vieux-port-de-saint-raphael-83700-var\\\/#breadcrumb\"},\"inLanguage\":\"es-ES\",\"potentialAction\":[{\"@type\":\"ReadAction\",\"target\":[\"https:\\\/\\\/www.groupesclavo.fr\\\/es\\\/todas-las-noticias\\\/una-limpia-para-el-vieux-port-de-saint-raphael-83700-var\\\/\"]}]},{\"@type\":\"ImageObject\",\"inLanguage\":\"es-ES\",\"@id\":\"https:\\\/\\\/www.groupesclavo.fr\\\/es\\\/todas-las-noticias\\\/una-limpia-para-el-vieux-port-de-saint-raphael-83700-var\\\/#primaryimage\",\"url\":\"https:\\\/\\\/www.groupesclavo.fr\\\/wp-content\\\/uploads\\\/2025\\\/06\\\/Nettoyage-vieux-port.jpg\",\"contentUrl\":\"https:\\\/\\\/www.groupesclavo.fr\\\/wp-content\\\/uploads\\\/2025\\\/06\\\/Nettoyage-vieux-port.jpg\",\"width\":748,\"height\":482},{\"@type\":\"BreadcrumbList\",\"@id\":\"https:\\\/\\\/www.groupesclavo.fr\\\/es\\\/todas-las-noticias\\\/una-limpia-para-el-vieux-port-de-saint-raphael-83700-var\\\/#breadcrumb\",\"itemListElement\":[{\"@type\":\"ListItem\",\"position\":1,\"name\":\"Accueil\",\"item\":\"https:\\\/\\\/www.groupesclavo.fr\\\/es\\\/?page_id=5527\"},{\"@type\":\"ListItem\",\"position\":2,\"name\":\"Una limpia para el Vieux-Port de Saint Raphael (83700), Var.\"}]},{\"@type\":\"WebSite\",\"@id\":\"https:\\\/\\\/www.groupesclavo.fr\\\/es\\\/#website\",\"url\":\"https:\\\/\\\/www.groupesclavo.fr\\\/es\\\/\",\"name\":\"Sclavo\",\"description\":\"\",\"publisher\":{\"@id\":\"https:\\\/\\\/www.groupesclavo.fr\\\/es\\\/#organization\"},\"potentialAction\":[{\"@type\":\"SearchAction\",\"target\":{\"@type\":\"EntryPoint\",\"urlTemplate\":\"https:\\\/\\\/www.groupesclavo.fr\\\/es\\\/?s={search_term_string}\"},\"query-input\":{\"@type\":\"PropertyValueSpecification\",\"valueRequired\":true,\"valueName\":\"search_term_string\"}}],\"inLanguage\":\"es-ES\"},{\"@type\":\"Organization\",\"@id\":\"https:\\\/\\\/www.groupesclavo.fr\\\/es\\\/#organization\",\"name\":\"Sclavo\",\"url\":\"https:\\\/\\\/www.groupesclavo.fr\\\/es\\\/\",\"logo\":{\"@type\":\"ImageObject\",\"inLanguage\":\"es-ES\",\"@id\":\"https:\\\/\\\/www.groupesclavo.fr\\\/es\\\/#\\\/schema\\\/logo\\\/image\\\/\",\"url\":\"https:\\\/\\\/www.groupesclavo.fr\\\/wp-content\\\/uploads\\\/2024\\\/11\\\/logo-1.svg\",\"contentUrl\":\"https:\\\/\\\/www.groupesclavo.fr\\\/wp-content\\\/uploads\\\/2024\\\/11\\\/logo-1.svg\",\"width\":191,\"height\":57,\"caption\":\"Sclavo\"},\"image\":{\"@id\":\"https:\\\/\\\/www.groupesclavo.fr\\\/es\\\/#\\\/schema\\\/logo\\\/image\\\/\"}},{\"@type\":\"Person\",\"@id\":\"https:\\\/\\\/www.groupesclavo.fr\\\/es\\\/#\\\/schema\\\/person\\\/cce451e392f3726778682f885b5f85d6\",\"name\":\"net-concept\",\"image\":{\"@type\":\"ImageObject\",\"inLanguage\":\"es-ES\",\"@id\":\"https:\\\/\\\/secure.gravatar.com\\\/avatar\\\/8406d47cf424cb6f1c7c9a655e87e793c9a1a5eccdf20a2bca376c84dc550590?s=96&d=mm&r=g\",\"url\":\"https:\\\/\\\/secure.gravatar.com\\\/avatar\\\/8406d47cf424cb6f1c7c9a655e87e793c9a1a5eccdf20a2bca376c84dc550590?s=96&d=mm&r=g\",\"contentUrl\":\"https:\\\/\\\/secure.gravatar.com\\\/avatar\\\/8406d47cf424cb6f1c7c9a655e87e793c9a1a5eccdf20a2bca376c84dc550590?s=96&d=mm&r=g\",\"caption\":\"net-concept\"}}]}<\/script>\n<!-- \/ Yoast SEO plugin. -->","yoast_head_json":{"title":"Una limpia para el Vieux-Port de Saint Raphael (83700), Var. - Sclavo","robots":{"index":"index","follow":"follow","max-snippet":"max-snippet:-1","max-image-preview":"max-image-preview:large","max-video-preview":"max-video-preview:-1"},"canonical":"https:\/\/www.groupesclavo.fr\/es\/todas-las-noticias\/una-limpia-para-el-vieux-port-de-saint-raphael-83700-var\/","og_locale":"es_ES","og_type":"article","og_title":"Una limpia para el Vieux-Port de Saint Raphael (83700), Var. - Sclavo","og_description":"Limpieza de primavera el domingo en el Vieux-Port de Saint-Rapha\u00ebl, donde una veintena de personas, la mayor\u00eda voluntarios, desafiaron al viento y al fr\u00edo por una buena causa. Miembros [&hellip;]","og_url":"https:\/\/www.groupesclavo.fr\/es\/todas-las-noticias\/una-limpia-para-el-vieux-port-de-saint-raphael-83700-var\/","og_site_name":"Sclavo","article_published_time":"2018-04-17T09:58:32+00:00","article_modified_time":"2026-04-29T08:37:54+00:00","og_image":[{"width":748,"height":482,"url":"https:\/\/www.groupesclavo.fr\/wp-content\/uploads\/2025\/06\/Nettoyage-vieux-port.jpg","type":"image\/jpeg"}],"author":"net-concept","twitter_card":"summary_large_image","twitter_misc":{"Written by":"net-concept","Est. reading time":"1 minute"},"schema":{"@context":"https:\/\/schema.org","@graph":[{"@type":"Article","@id":"https:\/\/www.groupesclavo.fr\/es\/todas-las-noticias\/una-limpia-para-el-vieux-port-de-saint-raphael-83700-var\/#article","isPartOf":{"@id":"https:\/\/www.groupesclavo.fr\/es\/todas-las-noticias\/una-limpia-para-el-vieux-port-de-saint-raphael-83700-var\/"},"author":{"name":"net-concept","@id":"https:\/\/www.groupesclavo.fr\/es\/#\/schema\/person\/cce451e392f3726778682f885b5f85d6"},"headline":"Una limpia para el Vieux-Port de Saint Raphael (83700), Var.","datePublished":"2018-04-17T09:58:32+00:00","dateModified":"2026-04-29T08:37:54+00:00","mainEntityOfPage":{"@id":"https:\/\/www.groupesclavo.fr\/es\/todas-las-noticias\/una-limpia-para-el-vieux-port-de-saint-raphael-83700-var\/"},"wordCount":205,"publisher":{"@id":"https:\/\/www.groupesclavo.fr\/es\/#organization"},"image":{"@id":"https:\/\/www.groupesclavo.fr\/es\/todas-las-noticias\/una-limpia-para-el-vieux-port-de-saint-raphael-83700-var\/#primaryimage"},"thumbnailUrl":"https:\/\/www.groupesclavo.fr\/wp-content\/uploads\/2025\/06\/Nettoyage-vieux-port.jpg","articleSection":["Acci\u00f3n comunitaria","Todas las noticias"],"inLanguage":"es-ES"},{"@type":"WebPage","@id":"https:\/\/www.groupesclavo.fr\/es\/todas-las-noticias\/una-limpia-para-el-vieux-port-de-saint-raphael-83700-var\/","url":"https:\/\/www.groupesclavo.fr\/es\/todas-las-noticias\/una-limpia-para-el-vieux-port-de-saint-raphael-83700-var\/","name":"Una limpia para el Vieux-Port de Saint Raphael (83700), Var. - Sclavo","isPartOf":{"@id":"https:\/\/www.groupesclavo.fr\/es\/#website"},"primaryImageOfPage":{"@id":"https:\/\/www.groupesclavo.fr\/es\/todas-las-noticias\/una-limpia-para-el-vieux-port-de-saint-raphael-83700-var\/#primaryimage"},"image":{"@id":"https:\/\/www.groupesclavo.fr\/es\/todas-las-noticias\/una-limpia-para-el-vieux-port-de-saint-raphael-83700-var\/#primaryimage"},"thumbnailUrl":"https:\/\/www.groupesclavo.fr\/wp-content\/uploads\/2025\/06\/Nettoyage-vieux-port.jpg","datePublished":"2018-04-17T09:58:32+00:00","dateModified":"2026-04-29T08:37:54+00:00","breadcrumb":{"@id":"https:\/\/www.groupesclavo.fr\/es\/todas-las-noticias\/una-limpia-para-el-vieux-port-de-saint-raphael-83700-var\/#breadcrumb"},"inLanguage":"es-ES","potentialAction":[{"@type":"ReadAction","target":["https:\/\/www.groupesclavo.fr\/es\/todas-las-noticias\/una-limpia-para-el-vieux-port-de-saint-raphael-83700-var\/"]}]},{"@type":"ImageObject","inLanguage":"es-ES","@id":"https:\/\/www.groupesclavo.fr\/es\/todas-las-noticias\/una-limpia-para-el-vieux-port-de-saint-raphael-83700-var\/#primaryimage","url":"https:\/\/www.groupesclavo.fr\/wp-content\/uploads\/2025\/06\/Nettoyage-vieux-port.jpg","contentUrl":"https:\/\/www.groupesclavo.fr\/wp-content\/uploads\/2025\/06\/Nettoyage-vieux-port.jpg","width":748,"height":482},{"@type":"BreadcrumbList","@id":"https:\/\/www.groupesclavo.fr\/es\/todas-las-noticias\/una-limpia-para-el-vieux-port-de-saint-raphael-83700-var\/#breadcrumb","itemListElement":[{"@type":"ListItem","position":1,"name":"Accueil","item":"https:\/\/www.groupesclavo.fr\/es\/?page_id=5527"},{"@type":"ListItem","position":2,"name":"Una limpia para el Vieux-Port de Saint Raphael (83700), Var."}]},{"@type":"WebSite","@id":"https:\/\/www.groupesclavo.fr\/es\/#website","url":"https:\/\/www.groupesclavo.fr\/es\/","name":"Sclavo","description":"","publisher":{"@id":"https:\/\/www.groupesclavo.fr\/es\/#organization"},"potentialAction":[{"@type":"SearchAction","target":{"@type":"EntryPoint","urlTemplate":"https:\/\/www.groupesclavo.fr\/es\/?s={search_term_string}"},"query-input":{"@type":"PropertyValueSpecification","valueRequired":true,"valueName":"search_term_string"}}],"inLanguage":"es-ES"},{"@type":"Organization","@id":"https:\/\/www.groupesclavo.fr\/es\/#organization","name":"Sclavo","url":"https:\/\/www.groupesclavo.fr\/es\/","logo":{"@type":"ImageObject","inLanguage":"es-ES","@id":"https:\/\/www.groupesclavo.fr\/es\/#\/schema\/logo\/image\/","url":"https:\/\/www.groupesclavo.fr\/wp-content\/uploads\/2024\/11\/logo-1.svg","contentUrl":"https:\/\/www.groupesclavo.fr\/wp-content\/uploads\/2024\/11\/logo-1.svg","width":191,"height":57,"caption":"Sclavo"},"image":{"@id":"https:\/\/www.groupesclavo.fr\/es\/#\/schema\/logo\/image\/"}},{"@type":"Person","@id":"https:\/\/www.groupesclavo.fr\/es\/#\/schema\/person\/cce451e392f3726778682f885b5f85d6","name":"net-concept","image":{"@type":"ImageObject","inLanguage":"es-ES","@id":"https:\/\/secure.gravatar.com\/avatar\/8406d47cf424cb6f1c7c9a655e87e793c9a1a5eccdf20a2bca376c84dc550590?s=96&d=mm&r=g","url":"https:\/\/secure.gravatar.com\/avatar\/8406d47cf424cb6f1c7c9a655e87e793c9a1a5eccdf20a2bca376c84dc550590?s=96&d=mm&r=g","contentUrl":"https:\/\/secure.gravatar.com\/avatar\/8406d47cf424cb6f1c7c9a655e87e793c9a1a5eccdf20a2bca376c84dc550590?s=96&d=mm&r=g","caption":"net-concept"}}]}},"_links":{"self":[{"href":"https:\/\/www.groupesclavo.fr\/es\/wp-json\/wp\/v2\/posts\/5462","targetHints":{"allow":["GET"]}}],"collection":[{"href":"https:\/\/www.groupesclavo.fr\/es\/wp-json\/wp\/v2\/posts"}],"about":[{"href":"https:\/\/www.groupesclavo.fr\/es\/wp-json\/wp\/v2\/types\/post"}],"author":[{"embeddable":true,"href":"https:\/\/www.groupesclavo.fr\/es\/wp-json\/wp\/v2\/users\/4"}],"replies":[{"embeddable":true,"href":"https:\/\/www.groupesclavo.fr\/es\/wp-json\/wp\/v2\/comments?post=5462"}],"version-history":[{"count":1,"href":"https:\/\/www.groupesclavo.fr\/es\/wp-json\/wp\/v2\/posts\/5462\/revisions"}],"predecessor-version":[{"id":5466,"href":"https:\/\/www.groupesclavo.fr\/es\/wp-json\/wp\/v2\/posts\/5462\/revisions\/5466"}],"wp:featuredmedia":[{"embeddable":true,"href":"https:\/\/www.groupesclavo.fr\/es\/wp-json\/wp\/v2\/media\/5464"}],"wp:attachment":[{"href":"https:\/\/www.groupesclavo.fr\/es\/wp-json\/wp\/v2\/media?parent=5462"}],"wp:term":[{"taxonomy":"category","embeddable":true,"href":"https:\/\/www.groupesclavo.fr\/es\/wp-json\/wp\/v2\/categories?post=5462"},{"taxonomy":"post_tag","embeddable":true,"href":"https:\/\/www.groupesclavo.fr\/es\/wp-json\/wp\/v2\/tags?post=5462"}],"curies":[{"name":"wp","href":"https:\/\/api.w.org\/{rel}","templated":true}]}}