{"id":5455,"date":"2021-05-06T12:23:55","date_gmt":"2021-05-06T10:23:55","guid":{"rendered":"https:\/\/www.groupesclavo.fr\/sin-categoria\/evento-trae-tus-peec-aunque-no-seas-deportista-5-de-junio-de-2021-en-frejus\/"},"modified":"2026-04-29T10:37:53","modified_gmt":"2026-04-29T08:37:53","slug":"evento-trae-tus-peec-aunque-no-seas-deportista-5-de-junio-de-2021-en-frejus","status":"publish","type":"post","link":"https:\/\/www.groupesclavo.fr\/es\/todas-las-noticias\/evento-trae-tus-peec-aunque-no-seas-deportista-5-de-junio-de-2021-en-frejus\/","title":{"rendered":"Evento &#8211; \u00a1Trae tus PEEC (aunque no seas deportista)! 5 de junio de 2021 en Fr\u00e9jus"},"content":{"rendered":"<div class=\"kvgmc6g5 cxmmr5t8 oygrvhab hcukyx3x c1et5uql ii04i59q\">\n<div dir=\"auto\">EVENTO [SMIDDEV y socios] &#8211;<\/div>\n<div dir=\"auto\">Trae tus PEEC (\u00a1incluso si no eres deportista!)<\/div>\n<\/div>\n<div class=\"o9v6fnle cxmmr5t8 oygrvhab hcukyx3x c1et5uql ii04i59q\">\n<div dir=\"auto\">\u00danete a nosotros el 5 de junio de 2021 en el aparcamiento D\u00e9cathlon Fr\u00e9jus de La Palud, entre las 10.00 y las 17.00 horas, \u00a1para una gran recogida de residuos electr\u00f3nicos!<\/div>\n<div dir=\"auto\">Trae tus viejos ordenadores, secadores de pelo, cafeteras, tel\u00e9fonos, pilas, bombillas, cartuchos de tinta, etc.<\/div>\n<div dir=\"auto\">(No se aceptan: electrodom\u00e9sticos grandes y juguetes)<\/div>\n<\/div>\n<div class=\"o9v6fnle cxmmr5t8 oygrvhab hcukyx3x c1et5uql ii04i59q\">\n<div dir=\"auto\">Y adem\u00e1s, \u00a1te espera una sorpresa!<\/div>\n<div dir=\"auto\">Transmite el mensaje a tus compa\u00f1eros, socios, amigos y familiares, para que esta campa\u00f1a de sensibilizaci\u00f3n sea un verdadero \u00e9xito colectivo.<\/div>\n<\/div>\n<div class=\"o9v6fnle cxmmr5t8 oygrvhab hcukyx3x c1et5uql ii04i59q\">\n<div dir=\"auto\">*\u00a1Reciclar es 5 veces m\u00e1s barato que tirar cosas, y es bueno para el medio ambiente!<\/div>\n<\/div>\n","protected":false},"excerpt":{"rendered":"<p>EVENTO [SMIDDEV y socios] &#8211; Trae tus PEEC (\u00a1incluso si no eres deportista!) \u00danete a nosotros el 5 de junio de 2021 en el aparcamiento D\u00e9cathlon Fr\u00e9jus de La [&hellip;]<\/p>\n","protected":false},"author":4,"featured_media":5457,"comment_status":"closed","ping_status":"closed","sticky":false,"template":"","format":"standard","meta":{"inline_featured_image":false,"footnotes":""},"categories":[90,84],"tags":[],"class_list":["post-5455","post","type-post","status-publish","format-standard","has-post-thumbnail","hentry","category-eventos","category-todas-las-noticias"],"yoast_head":"<!-- This site is optimized with the Yoast SEO plugin v27.4 - https:\/\/yoast.com\/product\/yoast-seo-wordpress\/ -->\n<title>Evento - \u00a1Trae tus PEEC (aunque no seas deportista)! 5 de junio de 2021 en Fr\u00e9jus - Sclavo<\/title>\n<meta name=\"robots\" content=\"index, follow, max-snippet:-1, max-image-preview:large, max-video-preview:-1\" \/>\n<link rel=\"canonical\" href=\"https:\/\/www.groupesclavo.fr\/es\/todas-las-noticias\/evento-trae-tus-peec-aunque-no-seas-deportista-5-de-junio-de-2021-en-frejus\/\" \/>\n<meta property=\"og:locale\" content=\"es_ES\" \/>\n<meta property=\"og:type\" content=\"article\" \/>\n<meta property=\"og:title\" content=\"Evento - \u00a1Trae tus PEEC (aunque no seas deportista)! 5 de junio de 2021 en Fr\u00e9jus - Sclavo\" \/>\n<meta property=\"og:description\" content=\"EVENTO [SMIDDEV y socios] &#8211; Trae tus PEEC (\u00a1incluso si no eres deportista!) \u00danete a nosotros el 5 de junio de 2021 en el aparcamiento D\u00e9cathlon Fr\u00e9jus de La [&hellip;]\" \/>\n<meta property=\"og:url\" content=\"https:\/\/www.groupesclavo.fr\/es\/todas-las-noticias\/evento-trae-tus-peec-aunque-no-seas-deportista-5-de-junio-de-2021-en-frejus\/\" \/>\n<meta property=\"og:site_name\" content=\"Sclavo\" \/>\n<meta property=\"article:published_time\" content=\"2021-05-06T10:23:55+00:00\" \/>\n<meta property=\"article:modified_time\" content=\"2026-04-29T08:37:53+00:00\" \/>\n<meta property=\"og:image\" content=\"https:\/\/www.groupesclavo.fr\/wp-content\/uploads\/2024\/12\/img1.jpg\" \/>\n\t<meta property=\"og:image:width\" content=\"608\" \/>\n\t<meta property=\"og:image:height\" content=\"341\" \/>\n\t<meta property=\"og:image:type\" content=\"image\/jpeg\" \/>\n<meta name=\"author\" content=\"net-concept\" \/>\n<meta name=\"twitter:card\" content=\"summary_large_image\" \/>\n<meta name=\"twitter:label1\" content=\"Written by\" \/>\n\t<meta name=\"twitter:data1\" content=\"net-concept\" \/>\n\t<meta name=\"twitter:label2\" content=\"Est. reading time\" \/>\n\t<meta name=\"twitter:data2\" content=\"1 minute\" \/>\n<script type=\"application\/ld+json\" class=\"yoast-schema-graph\">{\"@context\":\"https:\\\/\\\/schema.org\",\"@graph\":[{\"@type\":\"Article\",\"@id\":\"https:\\\/\\\/www.groupesclavo.fr\\\/es\\\/todas-las-noticias\\\/evento-trae-tus-peec-aunque-no-seas-deportista-5-de-junio-de-2021-en-frejus\\\/#article\",\"isPartOf\":{\"@id\":\"https:\\\/\\\/www.groupesclavo.fr\\\/es\\\/todas-las-noticias\\\/evento-trae-tus-peec-aunque-no-seas-deportista-5-de-junio-de-2021-en-frejus\\\/\"},\"author\":{\"name\":\"net-concept\",\"@id\":\"https:\\\/\\\/www.groupesclavo.fr\\\/es\\\/#\\\/schema\\\/person\\\/cce451e392f3726778682f885b5f85d6\"},\"headline\":\"Evento &#8211; \u00a1Trae tus PEEC (aunque no seas deportista)! 5 de junio de 2021 en Fr\u00e9jus\",\"datePublished\":\"2021-05-06T10:23:55+00:00\",\"dateModified\":\"2026-04-29T08:37:53+00:00\",\"mainEntityOfPage\":{\"@id\":\"https:\\\/\\\/www.groupesclavo.fr\\\/es\\\/todas-las-noticias\\\/evento-trae-tus-peec-aunque-no-seas-deportista-5-de-junio-de-2021-en-frejus\\\/\"},\"wordCount\":129,\"publisher\":{\"@id\":\"https:\\\/\\\/www.groupesclavo.fr\\\/es\\\/#organization\"},\"image\":{\"@id\":\"https:\\\/\\\/www.groupesclavo.fr\\\/es\\\/todas-las-noticias\\\/evento-trae-tus-peec-aunque-no-seas-deportista-5-de-junio-de-2021-en-frejus\\\/#primaryimage\"},\"thumbnailUrl\":\"https:\\\/\\\/www.groupesclavo.fr\\\/wp-content\\\/uploads\\\/2024\\\/12\\\/img1.jpg\",\"articleSection\":[\"Eventos\",\"Todas las noticias\"],\"inLanguage\":\"es-ES\"},{\"@type\":\"WebPage\",\"@id\":\"https:\\\/\\\/www.groupesclavo.fr\\\/es\\\/todas-las-noticias\\\/evento-trae-tus-peec-aunque-no-seas-deportista-5-de-junio-de-2021-en-frejus\\\/\",\"url\":\"https:\\\/\\\/www.groupesclavo.fr\\\/es\\\/todas-las-noticias\\\/evento-trae-tus-peec-aunque-no-seas-deportista-5-de-junio-de-2021-en-frejus\\\/\",\"name\":\"Evento - \u00a1Trae tus PEEC (aunque no seas deportista)! 5 de junio de 2021 en Fr\u00e9jus - Sclavo\",\"isPartOf\":{\"@id\":\"https:\\\/\\\/www.groupesclavo.fr\\\/es\\\/#website\"},\"primaryImageOfPage\":{\"@id\":\"https:\\\/\\\/www.groupesclavo.fr\\\/es\\\/todas-las-noticias\\\/evento-trae-tus-peec-aunque-no-seas-deportista-5-de-junio-de-2021-en-frejus\\\/#primaryimage\"},\"image\":{\"@id\":\"https:\\\/\\\/www.groupesclavo.fr\\\/es\\\/todas-las-noticias\\\/evento-trae-tus-peec-aunque-no-seas-deportista-5-de-junio-de-2021-en-frejus\\\/#primaryimage\"},\"thumbnailUrl\":\"https:\\\/\\\/www.groupesclavo.fr\\\/wp-content\\\/uploads\\\/2024\\\/12\\\/img1.jpg\",\"datePublished\":\"2021-05-06T10:23:55+00:00\",\"dateModified\":\"2026-04-29T08:37:53+00:00\",\"breadcrumb\":{\"@id\":\"https:\\\/\\\/www.groupesclavo.fr\\\/es\\\/todas-las-noticias\\\/evento-trae-tus-peec-aunque-no-seas-deportista-5-de-junio-de-2021-en-frejus\\\/#breadcrumb\"},\"inLanguage\":\"es-ES\",\"potentialAction\":[{\"@type\":\"ReadAction\",\"target\":[\"https:\\\/\\\/www.groupesclavo.fr\\\/es\\\/todas-las-noticias\\\/evento-trae-tus-peec-aunque-no-seas-deportista-5-de-junio-de-2021-en-frejus\\\/\"]}]},{\"@type\":\"ImageObject\",\"inLanguage\":\"es-ES\",\"@id\":\"https:\\\/\\\/www.groupesclavo.fr\\\/es\\\/todas-las-noticias\\\/evento-trae-tus-peec-aunque-no-seas-deportista-5-de-junio-de-2021-en-frejus\\\/#primaryimage\",\"url\":\"https:\\\/\\\/www.groupesclavo.fr\\\/wp-content\\\/uploads\\\/2024\\\/12\\\/img1.jpg\",\"contentUrl\":\"https:\\\/\\\/www.groupesclavo.fr\\\/wp-content\\\/uploads\\\/2024\\\/12\\\/img1.jpg\",\"width\":608,\"height\":341},{\"@type\":\"BreadcrumbList\",\"@id\":\"https:\\\/\\\/www.groupesclavo.fr\\\/es\\\/todas-las-noticias\\\/evento-trae-tus-peec-aunque-no-seas-deportista-5-de-junio-de-2021-en-frejus\\\/#breadcrumb\",\"itemListElement\":[{\"@type\":\"ListItem\",\"position\":1,\"name\":\"Accueil\",\"item\":\"https:\\\/\\\/www.groupesclavo.fr\\\/es\\\/?page_id=5527\"},{\"@type\":\"ListItem\",\"position\":2,\"name\":\"Evento &#8211; \u00a1Trae tus PEEC (aunque no seas deportista)! 5 de junio de 2021 en Fr\u00e9jus\"}]},{\"@type\":\"WebSite\",\"@id\":\"https:\\\/\\\/www.groupesclavo.fr\\\/es\\\/#website\",\"url\":\"https:\\\/\\\/www.groupesclavo.fr\\\/es\\\/\",\"name\":\"Sclavo\",\"description\":\"\",\"publisher\":{\"@id\":\"https:\\\/\\\/www.groupesclavo.fr\\\/es\\\/#organization\"},\"potentialAction\":[{\"@type\":\"SearchAction\",\"target\":{\"@type\":\"EntryPoint\",\"urlTemplate\":\"https:\\\/\\\/www.groupesclavo.fr\\\/es\\\/?s={search_term_string}\"},\"query-input\":{\"@type\":\"PropertyValueSpecification\",\"valueRequired\":true,\"valueName\":\"search_term_string\"}}],\"inLanguage\":\"es-ES\"},{\"@type\":\"Organization\",\"@id\":\"https:\\\/\\\/www.groupesclavo.fr\\\/es\\\/#organization\",\"name\":\"Sclavo\",\"url\":\"https:\\\/\\\/www.groupesclavo.fr\\\/es\\\/\",\"logo\":{\"@type\":\"ImageObject\",\"inLanguage\":\"es-ES\",\"@id\":\"https:\\\/\\\/www.groupesclavo.fr\\\/es\\\/#\\\/schema\\\/logo\\\/image\\\/\",\"url\":\"https:\\\/\\\/www.groupesclavo.fr\\\/wp-content\\\/uploads\\\/2024\\\/11\\\/logo-1.svg\",\"contentUrl\":\"https:\\\/\\\/www.groupesclavo.fr\\\/wp-content\\\/uploads\\\/2024\\\/11\\\/logo-1.svg\",\"width\":191,\"height\":57,\"caption\":\"Sclavo\"},\"image\":{\"@id\":\"https:\\\/\\\/www.groupesclavo.fr\\\/es\\\/#\\\/schema\\\/logo\\\/image\\\/\"}},{\"@type\":\"Person\",\"@id\":\"https:\\\/\\\/www.groupesclavo.fr\\\/es\\\/#\\\/schema\\\/person\\\/cce451e392f3726778682f885b5f85d6\",\"name\":\"net-concept\",\"image\":{\"@type\":\"ImageObject\",\"inLanguage\":\"es-ES\",\"@id\":\"https:\\\/\\\/secure.gravatar.com\\\/avatar\\\/8406d47cf424cb6f1c7c9a655e87e793c9a1a5eccdf20a2bca376c84dc550590?s=96&d=mm&r=g\",\"url\":\"https:\\\/\\\/secure.gravatar.com\\\/avatar\\\/8406d47cf424cb6f1c7c9a655e87e793c9a1a5eccdf20a2bca376c84dc550590?s=96&d=mm&r=g\",\"contentUrl\":\"https:\\\/\\\/secure.gravatar.com\\\/avatar\\\/8406d47cf424cb6f1c7c9a655e87e793c9a1a5eccdf20a2bca376c84dc550590?s=96&d=mm&r=g\",\"caption\":\"net-concept\"}}]}<\/script>\n<!-- \/ Yoast SEO plugin. -->","yoast_head_json":{"title":"Evento - \u00a1Trae tus PEEC (aunque no seas deportista)! 5 de junio de 2021 en Fr\u00e9jus - Sclavo","robots":{"index":"index","follow":"follow","max-snippet":"max-snippet:-1","max-image-preview":"max-image-preview:large","max-video-preview":"max-video-preview:-1"},"canonical":"https:\/\/www.groupesclavo.fr\/es\/todas-las-noticias\/evento-trae-tus-peec-aunque-no-seas-deportista-5-de-junio-de-2021-en-frejus\/","og_locale":"es_ES","og_type":"article","og_title":"Evento - \u00a1Trae tus PEEC (aunque no seas deportista)! 5 de junio de 2021 en Fr\u00e9jus - Sclavo","og_description":"EVENTO [SMIDDEV y socios] &#8211; Trae tus PEEC (\u00a1incluso si no eres deportista!) \u00danete a nosotros el 5 de junio de 2021 en el aparcamiento D\u00e9cathlon Fr\u00e9jus de La [&hellip;]","og_url":"https:\/\/www.groupesclavo.fr\/es\/todas-las-noticias\/evento-trae-tus-peec-aunque-no-seas-deportista-5-de-junio-de-2021-en-frejus\/","og_site_name":"Sclavo","article_published_time":"2021-05-06T10:23:55+00:00","article_modified_time":"2026-04-29T08:37:53+00:00","og_image":[{"width":608,"height":341,"url":"https:\/\/www.groupesclavo.fr\/wp-content\/uploads\/2024\/12\/img1.jpg","type":"image\/jpeg"}],"author":"net-concept","twitter_card":"summary_large_image","twitter_misc":{"Written by":"net-concept","Est. reading time":"1 minute"},"schema":{"@context":"https:\/\/schema.org","@graph":[{"@type":"Article","@id":"https:\/\/www.groupesclavo.fr\/es\/todas-las-noticias\/evento-trae-tus-peec-aunque-no-seas-deportista-5-de-junio-de-2021-en-frejus\/#article","isPartOf":{"@id":"https:\/\/www.groupesclavo.fr\/es\/todas-las-noticias\/evento-trae-tus-peec-aunque-no-seas-deportista-5-de-junio-de-2021-en-frejus\/"},"author":{"name":"net-concept","@id":"https:\/\/www.groupesclavo.fr\/es\/#\/schema\/person\/cce451e392f3726778682f885b5f85d6"},"headline":"Evento &#8211; \u00a1Trae tus PEEC (aunque no seas deportista)! 5 de junio de 2021 en Fr\u00e9jus","datePublished":"2021-05-06T10:23:55+00:00","dateModified":"2026-04-29T08:37:53+00:00","mainEntityOfPage":{"@id":"https:\/\/www.groupesclavo.fr\/es\/todas-las-noticias\/evento-trae-tus-peec-aunque-no-seas-deportista-5-de-junio-de-2021-en-frejus\/"},"wordCount":129,"publisher":{"@id":"https:\/\/www.groupesclavo.fr\/es\/#organization"},"image":{"@id":"https:\/\/www.groupesclavo.fr\/es\/todas-las-noticias\/evento-trae-tus-peec-aunque-no-seas-deportista-5-de-junio-de-2021-en-frejus\/#primaryimage"},"thumbnailUrl":"https:\/\/www.groupesclavo.fr\/wp-content\/uploads\/2024\/12\/img1.jpg","articleSection":["Eventos","Todas las noticias"],"inLanguage":"es-ES"},{"@type":"WebPage","@id":"https:\/\/www.groupesclavo.fr\/es\/todas-las-noticias\/evento-trae-tus-peec-aunque-no-seas-deportista-5-de-junio-de-2021-en-frejus\/","url":"https:\/\/www.groupesclavo.fr\/es\/todas-las-noticias\/evento-trae-tus-peec-aunque-no-seas-deportista-5-de-junio-de-2021-en-frejus\/","name":"Evento - \u00a1Trae tus PEEC (aunque no seas deportista)! 5 de junio de 2021 en Fr\u00e9jus - Sclavo","isPartOf":{"@id":"https:\/\/www.groupesclavo.fr\/es\/#website"},"primaryImageOfPage":{"@id":"https:\/\/www.groupesclavo.fr\/es\/todas-las-noticias\/evento-trae-tus-peec-aunque-no-seas-deportista-5-de-junio-de-2021-en-frejus\/#primaryimage"},"image":{"@id":"https:\/\/www.groupesclavo.fr\/es\/todas-las-noticias\/evento-trae-tus-peec-aunque-no-seas-deportista-5-de-junio-de-2021-en-frejus\/#primaryimage"},"thumbnailUrl":"https:\/\/www.groupesclavo.fr\/wp-content\/uploads\/2024\/12\/img1.jpg","datePublished":"2021-05-06T10:23:55+00:00","dateModified":"2026-04-29T08:37:53+00:00","breadcrumb":{"@id":"https:\/\/www.groupesclavo.fr\/es\/todas-las-noticias\/evento-trae-tus-peec-aunque-no-seas-deportista-5-de-junio-de-2021-en-frejus\/#breadcrumb"},"inLanguage":"es-ES","potentialAction":[{"@type":"ReadAction","target":["https:\/\/www.groupesclavo.fr\/es\/todas-las-noticias\/evento-trae-tus-peec-aunque-no-seas-deportista-5-de-junio-de-2021-en-frejus\/"]}]},{"@type":"ImageObject","inLanguage":"es-ES","@id":"https:\/\/www.groupesclavo.fr\/es\/todas-las-noticias\/evento-trae-tus-peec-aunque-no-seas-deportista-5-de-junio-de-2021-en-frejus\/#primaryimage","url":"https:\/\/www.groupesclavo.fr\/wp-content\/uploads\/2024\/12\/img1.jpg","contentUrl":"https:\/\/www.groupesclavo.fr\/wp-content\/uploads\/2024\/12\/img1.jpg","width":608,"height":341},{"@type":"BreadcrumbList","@id":"https:\/\/www.groupesclavo.fr\/es\/todas-las-noticias\/evento-trae-tus-peec-aunque-no-seas-deportista-5-de-junio-de-2021-en-frejus\/#breadcrumb","itemListElement":[{"@type":"ListItem","position":1,"name":"Accueil","item":"https:\/\/www.groupesclavo.fr\/es\/?page_id=5527"},{"@type":"ListItem","position":2,"name":"Evento &#8211; \u00a1Trae tus PEEC (aunque no seas deportista)! 5 de junio de 2021 en Fr\u00e9jus"}]},{"@type":"WebSite","@id":"https:\/\/www.groupesclavo.fr\/es\/#website","url":"https:\/\/www.groupesclavo.fr\/es\/","name":"Sclavo","description":"","publisher":{"@id":"https:\/\/www.groupesclavo.fr\/es\/#organization"},"potentialAction":[{"@type":"SearchAction","target":{"@type":"EntryPoint","urlTemplate":"https:\/\/www.groupesclavo.fr\/es\/?s={search_term_string}"},"query-input":{"@type":"PropertyValueSpecification","valueRequired":true,"valueName":"search_term_string"}}],"inLanguage":"es-ES"},{"@type":"Organization","@id":"https:\/\/www.groupesclavo.fr\/es\/#organization","name":"Sclavo","url":"https:\/\/www.groupesclavo.fr\/es\/","logo":{"@type":"ImageObject","inLanguage":"es-ES","@id":"https:\/\/www.groupesclavo.fr\/es\/#\/schema\/logo\/image\/","url":"https:\/\/www.groupesclavo.fr\/wp-content\/uploads\/2024\/11\/logo-1.svg","contentUrl":"https:\/\/www.groupesclavo.fr\/wp-content\/uploads\/2024\/11\/logo-1.svg","width":191,"height":57,"caption":"Sclavo"},"image":{"@id":"https:\/\/www.groupesclavo.fr\/es\/#\/schema\/logo\/image\/"}},{"@type":"Person","@id":"https:\/\/www.groupesclavo.fr\/es\/#\/schema\/person\/cce451e392f3726778682f885b5f85d6","name":"net-concept","image":{"@type":"ImageObject","inLanguage":"es-ES","@id":"https:\/\/secure.gravatar.com\/avatar\/8406d47cf424cb6f1c7c9a655e87e793c9a1a5eccdf20a2bca376c84dc550590?s=96&d=mm&r=g","url":"https:\/\/secure.gravatar.com\/avatar\/8406d47cf424cb6f1c7c9a655e87e793c9a1a5eccdf20a2bca376c84dc550590?s=96&d=mm&r=g","contentUrl":"https:\/\/secure.gravatar.com\/avatar\/8406d47cf424cb6f1c7c9a655e87e793c9a1a5eccdf20a2bca376c84dc550590?s=96&d=mm&r=g","caption":"net-concept"}}]}},"_links":{"self":[{"href":"https:\/\/www.groupesclavo.fr\/es\/wp-json\/wp\/v2\/posts\/5455","targetHints":{"allow":["GET"]}}],"collection":[{"href":"https:\/\/www.groupesclavo.fr\/es\/wp-json\/wp\/v2\/posts"}],"about":[{"href":"https:\/\/www.groupesclavo.fr\/es\/wp-json\/wp\/v2\/types\/post"}],"author":[{"embeddable":true,"href":"https:\/\/www.groupesclavo.fr\/es\/wp-json\/wp\/v2\/users\/4"}],"replies":[{"embeddable":true,"href":"https:\/\/www.groupesclavo.fr\/es\/wp-json\/wp\/v2\/comments?post=5455"}],"version-history":[{"count":1,"href":"https:\/\/www.groupesclavo.fr\/es\/wp-json\/wp\/v2\/posts\/5455\/revisions"}],"predecessor-version":[{"id":5459,"href":"https:\/\/www.groupesclavo.fr\/es\/wp-json\/wp\/v2\/posts\/5455\/revisions\/5459"}],"wp:featuredmedia":[{"embeddable":true,"href":"https:\/\/www.groupesclavo.fr\/es\/wp-json\/wp\/v2\/media\/5457"}],"wp:attachment":[{"href":"https:\/\/www.groupesclavo.fr\/es\/wp-json\/wp\/v2\/media?parent=5455"}],"wp:term":[{"taxonomy":"category","embeddable":true,"href":"https:\/\/www.groupesclavo.fr\/es\/wp-json\/wp\/v2\/categories?post=5455"},{"taxonomy":"post_tag","embeddable":true,"href":"https:\/\/www.groupesclavo.fr\/es\/wp-json\/wp\/v2\/tags?post=5455"}],"curies":[{"name":"wp","href":"https:\/\/api.w.org\/{rel}","templated":true}]}}