{"id":5440,"date":"2021-05-06T12:22:46","date_gmt":"2021-05-06T10:22:46","guid":{"rendered":"https:\/\/www.groupesclavo.fr\/sin-categoria\/evento-journee-recup-18-de-mayo-de-2021-en-frejus\/"},"modified":"2026-04-29T10:37:41","modified_gmt":"2026-04-29T08:37:41","slug":"evento-journee-recup-18-de-mayo-de-2021-en-frejus","status":"publish","type":"post","link":"https:\/\/www.groupesclavo.fr\/es\/todas-las-noticias\/evento-journee-recup-18-de-mayo-de-2021-en-frejus\/","title":{"rendered":"Evento &#8211; &#8220;Journ\u00e9e R\u00e9cup&#8221; &#8211; 18 de mayo de 2021 en Fr\u00e9jus"},"content":{"rendered":"<p>[Evento &#8211; JOURNEE RECUP&#8217; ] Valdelia organiza un punto de entrega temporal con el Grupo Sclavo Environnement en el PARC D ACTIVITES DU CAPITOU de Fr\u00e9jus.<\/p>\n<div dir=\"auto\">Empresas: reun\u00e1monos el 18 de mayo de 2021. Contamos contigo &#8230; <\/div>\n<div dir=\"auto\"><a class=\"oajrlxb2 g5ia77u1 qu0x051f esr5mh6w e9989ue4 r7d6kgcz rq0escxv nhd2j8a9 nc684nl6 p7hjln8o kvgmc6g5 cxmmr5t8 oygrvhab hcukyx3x jb3vyjys rz4wbd8a qt6c0cv9 a8nywdso i1ao9s8h esuyzwwr f1sip0of lzcic4wl q66pz984 gpro0wi8 b1v8xokw\" tabindex=\"0\" role=\"link\" href=\"https:\/\/www.facebook.com\/hashtag\/entreprises?__eep__=6&amp;__cft__%5B0%5D=AZVpsy_KKiAWYBuN-WAkmCqJ26OIKneWjw3As30D7LN8p3ox3cfxog6JN2hZV-zOIAMGuidmtPZ_ccPN9QXKVH2SBLdwe-3GrexzU6nq59jMOZ8LaM17t6iFJV0FmyNenX73FvuWDeVOgIIP9-216BVOKK1DXLpnI-7VqXTI8ddCTeA0v1mMZOd0iH6AvHnX8IU&amp;__tn__=*NK-R\">#empresas<\/a> <a class=\"oajrlxb2 g5ia77u1 qu0x051f esr5mh6w e9989ue4 r7d6kgcz rq0escxv nhd2j8a9 nc684nl6 p7hjln8o kvgmc6g5 cxmmr5t8 oygrvhab hcukyx3x jb3vyjys rz4wbd8a qt6c0cv9 a8nywdso i1ao9s8h esuyzwwr f1sip0of lzcic4wl q66pz984 gpro0wi8 b1v8xokw\" tabindex=\"0\" role=\"link\" href=\"https:\/\/www.facebook.com\/hashtag\/recyclage?__eep__=6&amp;__cft__%5B0%5D=AZVpsy_KKiAWYBuN-WAkmCqJ26OIKneWjw3As30D7LN8p3ox3cfxog6JN2hZV-zOIAMGuidmtPZ_ccPN9QXKVH2SBLdwe-3GrexzU6nq59jMOZ8LaM17t6iFJV0FmyNenX73FvuWDeVOgIIP9-216BVOKK1DXLpnI-7VqXTI8ddCTeA0v1mMZOd0iH6AvHnX8IU&amp;__tn__=*NK-R\">#reciclaje<\/a> <a class=\"oajrlxb2 g5ia77u1 qu0x051f esr5mh6w e9989ue4 r7d6kgcz rq0escxv nhd2j8a9 nc684nl6 p7hjln8o kvgmc6g5 cxmmr5t8 oygrvhab hcukyx3x jb3vyjys rz4wbd8a qt6c0cv9 a8nywdso i1ao9s8h esuyzwwr f1sip0of lzcic4wl q66pz984 gpro0wi8 b1v8xokw\" tabindex=\"0\" role=\"link\" href=\"https:\/\/www.facebook.com\/hashtag\/mobilier?__eep__=6&amp;__cft__%5B0%5D=AZVpsy_KKiAWYBuN-WAkmCqJ26OIKneWjw3As30D7LN8p3ox3cfxog6JN2hZV-zOIAMGuidmtPZ_ccPN9QXKVH2SBLdwe-3GrexzU6nq59jMOZ8LaM17t6iFJV0FmyNenX73FvuWDeVOgIIP9-216BVOKK1DXLpnI-7VqXTI8ddCTeA0v1mMZOd0iH6AvHnX8IU&amp;__tn__=*NK-R\">#muebles<\/a> <a class=\"oajrlxb2 g5ia77u1 qu0x051f esr5mh6w e9989ue4 r7d6kgcz rq0escxv nhd2j8a9 nc684nl6 p7hjln8o kvgmc6g5 cxmmr5t8 oygrvhab hcukyx3x jb3vyjys rz4wbd8a qt6c0cv9 a8nywdso i1ao9s8h esuyzwwr f1sip0of lzcic4wl q66pz984 gpro0wi8 b1v8xokw\" tabindex=\"0\" role=\"link\" href=\"https:\/\/www.facebook.com\/hashtag\/deee?__eep__=6&amp;__cft__%5B0%5D=AZVpsy_KKiAWYBuN-WAkmCqJ26OIKneWjw3As30D7LN8p3ox3cfxog6JN2hZV-zOIAMGuidmtPZ_ccPN9QXKVH2SBLdwe-3GrexzU6nq59jMOZ8LaM17t6iFJV0FmyNenX73FvuWDeVOgIIP9-216BVOKK1DXLpnI-7VqXTI8ddCTeA0v1mMZOd0iH6AvHnX8IU&amp;__tn__=*NK-R\">#RAEE<\/a> <a class=\"oajrlxb2 g5ia77u1 qu0x051f esr5mh6w e9989ue4 r7d6kgcz rq0escxv nhd2j8a9 nc684nl6 p7hjln8o kvgmc6g5 cxmmr5t8 oygrvhab hcukyx3x jb3vyjys rz4wbd8a qt6c0cv9 a8nywdso i1ao9s8h esuyzwwr f1sip0of lzcic4wl q66pz984 gpro0wi8 b1v8xokw\" tabindex=\"0\" role=\"link\" href=\"https:\/\/www.facebook.com\/hashtag\/valorisation?__eep__=6&amp;__cft__%5B0%5D=AZVpsy_KKiAWYBuN-WAkmCqJ26OIKneWjw3As30D7LN8p3ox3cfxog6JN2hZV-zOIAMGuidmtPZ_ccPN9QXKVH2SBLdwe-3GrexzU6nq59jMOZ8LaM17t6iFJV0FmyNenX73FvuWDeVOgIIP9-216BVOKK1DXLpnI-7VqXTI8ddCTeA0v1mMZOd0iH6AvHnX8IU&amp;__tn__=*NK-R\">#recuperaci\u00f3n<\/a> <a class=\"oajrlxb2 g5ia77u1 qu0x051f esr5mh6w e9989ue4 r7d6kgcz rq0escxv nhd2j8a9 nc684nl6 p7hjln8o kvgmc6g5 cxmmr5t8 oygrvhab hcukyx3x jb3vyjys rz4wbd8a qt6c0cv9 a8nywdso i1ao9s8h esuyzwwr f1sip0of lzcic4wl q66pz984 gpro0wi8 b1v8xokw\" tabindex=\"0\" role=\"link\" href=\"https:\/\/www.facebook.com\/hashtag\/reemploi?__eep__=6&amp;__cft__%5B0%5D=AZVpsy_KKiAWYBuN-WAkmCqJ26OIKneWjw3As30D7LN8p3ox3cfxog6JN2hZV-zOIAMGuidmtPZ_ccPN9QXKVH2SBLdwe-3GrexzU6nq59jMOZ8LaM17t6iFJV0FmyNenX73FvuWDeVOgIIP9-216BVOKK1DXLpnI-7VqXTI8ddCTeA0v1mMZOd0iH6AvHnX8IU&amp;__tn__=*NK-R\">#reutilizaci\u00f3n<\/a> <a class=\"oajrlxb2 g5ia77u1 qu0x051f esr5mh6w e9989ue4 r7d6kgcz rq0escxv nhd2j8a9 nc684nl6 p7hjln8o kvgmc6g5 cxmmr5t8 oygrvhab hcukyx3x jb3vyjys rz4wbd8a qt6c0cv9 a8nywdso i1ao9s8h esuyzwwr f1sip0of lzcic4wl q66pz984 gpro0wi8 b1v8xokw\" tabindex=\"0\" role=\"link\" href=\"https:\/\/www.facebook.com\/hashtag\/economiecirculaire?__eep__=6&amp;__cft__%5B0%5D=AZVpsy_KKiAWYBuN-WAkmCqJ26OIKneWjw3As30D7LN8p3ox3cfxog6JN2hZV-zOIAMGuidmtPZ_ccPN9QXKVH2SBLdwe-3GrexzU6nq59jMOZ8LaM17t6iFJV0FmyNenX73FvuWDeVOgIIP9-216BVOKK1DXLpnI-7VqXTI8ddCTeA0v1mMZOd0iH6AvHnX8IU&amp;__tn__=*NK-R\">#econom\u00edacircular<\/a> <a class=\"oajrlxb2 g5ia77u1 qu0x051f esr5mh6w e9989ue4 r7d6kgcz rq0escxv nhd2j8a9 nc684nl6 p7hjln8o kvgmc6g5 cxmmr5t8 oygrvhab hcukyx3x jb3vyjys rz4wbd8a qt6c0cv9 a8nywdso i1ao9s8h esuyzwwr f1sip0of lzcic4wl q66pz984 gpro0wi8 b1v8xokw\" tabindex=\"0\" role=\"link\" href=\"https:\/\/www.facebook.com\/hashtag\/ressources?__eep__=6&amp;__cft__%5B0%5D=AZVpsy_KKiAWYBuN-WAkmCqJ26OIKneWjw3As30D7LN8p3ox3cfxog6JN2hZV-zOIAMGuidmtPZ_ccPN9QXKVH2SBLdwe-3GrexzU6nq59jMOZ8LaM17t6iFJV0FmyNenX73FvuWDeVOgIIP9-216BVOKK1DXLpnI-7VqXTI8ddCTeA0v1mMZOd0iH6AvHnX8IU&amp;__tn__=*NK-R\">#recursos<\/a><\/div>\n","protected":false},"excerpt":{"rendered":"<p>[Evento &#8211; JOURNEE RECUP&#8217; ] Valdelia organiza un punto de entrega temporal con el Grupo Sclavo Environnement en el PARC D ACTIVITES DU CAPITOU de Fr\u00e9jus. Empresas: reun\u00e1monos el [&hellip;]<\/p>\n","protected":false},"author":4,"featured_media":5441,"comment_status":"closed","ping_status":"closed","sticky":false,"template":"","format":"standard","meta":{"inline_featured_image":false,"footnotes":""},"categories":[90,84],"tags":[],"class_list":["post-5440","post","type-post","status-publish","format-standard","has-post-thumbnail","hentry","category-eventos","category-todas-las-noticias"],"yoast_head":"<!-- This site is optimized with the Yoast SEO plugin v27.4 - https:\/\/yoast.com\/product\/yoast-seo-wordpress\/ -->\n<title>Evento - &quot;Journ\u00e9e R\u00e9cup&quot; - 18 de mayo de 2021 en Fr\u00e9jus - Sclavo<\/title>\n<meta name=\"robots\" content=\"index, follow, max-snippet:-1, max-image-preview:large, max-video-preview:-1\" \/>\n<link rel=\"canonical\" href=\"https:\/\/www.groupesclavo.fr\/es\/todas-las-noticias\/evento-journee-recup-18-de-mayo-de-2021-en-frejus\/\" \/>\n<meta property=\"og:locale\" content=\"es_ES\" \/>\n<meta property=\"og:type\" content=\"article\" \/>\n<meta property=\"og:title\" content=\"Evento - &quot;Journ\u00e9e R\u00e9cup&quot; - 18 de mayo de 2021 en Fr\u00e9jus - Sclavo\" \/>\n<meta property=\"og:description\" content=\"[Evento &#8211; JOURNEE RECUP&#8217; ] Valdelia organiza un punto de entrega temporal con el Grupo Sclavo Environnement en el PARC D ACTIVITES DU CAPITOU de Fr\u00e9jus. Empresas: reun\u00e1monos el [&hellip;]\" \/>\n<meta property=\"og:url\" content=\"https:\/\/www.groupesclavo.fr\/es\/todas-las-noticias\/evento-journee-recup-18-de-mayo-de-2021-en-frejus\/\" \/>\n<meta property=\"og:site_name\" content=\"Sclavo\" \/>\n<meta property=\"article:published_time\" content=\"2021-05-06T10:22:46+00:00\" \/>\n<meta property=\"article:modified_time\" content=\"2026-04-29T08:37:41+00:00\" \/>\n<meta property=\"og:image\" content=\"https:\/\/www.groupesclavo.fr\/wp-content\/uploads\/2021\/05\/imgi_14_journee-recup-valdelia-capitou-frejus-731x1024-1.jpg\" \/>\n\t<meta property=\"og:image:width\" content=\"731\" \/>\n\t<meta property=\"og:image:height\" content=\"1024\" \/>\n\t<meta property=\"og:image:type\" content=\"image\/jpeg\" \/>\n<meta name=\"author\" content=\"net-concept\" \/>\n<meta name=\"twitter:card\" content=\"summary_large_image\" \/>\n<meta name=\"twitter:label1\" content=\"Written by\" \/>\n\t<meta name=\"twitter:data1\" content=\"net-concept\" \/>\n<script type=\"application\/ld+json\" class=\"yoast-schema-graph\">{\"@context\":\"https:\\\/\\\/schema.org\",\"@graph\":[{\"@type\":\"Article\",\"@id\":\"https:\\\/\\\/www.groupesclavo.fr\\\/es\\\/todas-las-noticias\\\/evento-journee-recup-18-de-mayo-de-2021-en-frejus\\\/#article\",\"isPartOf\":{\"@id\":\"https:\\\/\\\/www.groupesclavo.fr\\\/es\\\/todas-las-noticias\\\/evento-journee-recup-18-de-mayo-de-2021-en-frejus\\\/\"},\"author\":{\"name\":\"net-concept\",\"@id\":\"https:\\\/\\\/www.groupesclavo.fr\\\/es\\\/#\\\/schema\\\/person\\\/cce451e392f3726778682f885b5f85d6\"},\"headline\":\"Evento &#8211; &#8220;Journ\u00e9e R\u00e9cup&#8221; &#8211; 18 de mayo de 2021 en Fr\u00e9jus\",\"datePublished\":\"2021-05-06T10:22:46+00:00\",\"dateModified\":\"2026-04-29T08:37:41+00:00\",\"mainEntityOfPage\":{\"@id\":\"https:\\\/\\\/www.groupesclavo.fr\\\/es\\\/todas-las-noticias\\\/evento-journee-recup-18-de-mayo-de-2021-en-frejus\\\/\"},\"wordCount\":59,\"publisher\":{\"@id\":\"https:\\\/\\\/www.groupesclavo.fr\\\/es\\\/#organization\"},\"image\":{\"@id\":\"https:\\\/\\\/www.groupesclavo.fr\\\/es\\\/todas-las-noticias\\\/evento-journee-recup-18-de-mayo-de-2021-en-frejus\\\/#primaryimage\"},\"thumbnailUrl\":\"https:\\\/\\\/www.groupesclavo.fr\\\/wp-content\\\/uploads\\\/2021\\\/05\\\/imgi_14_journee-recup-valdelia-capitou-frejus-731x1024-1.jpg\",\"articleSection\":[\"Eventos\",\"Todas las noticias\"],\"inLanguage\":\"es-ES\"},{\"@type\":\"WebPage\",\"@id\":\"https:\\\/\\\/www.groupesclavo.fr\\\/es\\\/todas-las-noticias\\\/evento-journee-recup-18-de-mayo-de-2021-en-frejus\\\/\",\"url\":\"https:\\\/\\\/www.groupesclavo.fr\\\/es\\\/todas-las-noticias\\\/evento-journee-recup-18-de-mayo-de-2021-en-frejus\\\/\",\"name\":\"Evento - \\\"Journ\u00e9e R\u00e9cup\\\" - 18 de mayo de 2021 en Fr\u00e9jus - Sclavo\",\"isPartOf\":{\"@id\":\"https:\\\/\\\/www.groupesclavo.fr\\\/es\\\/#website\"},\"primaryImageOfPage\":{\"@id\":\"https:\\\/\\\/www.groupesclavo.fr\\\/es\\\/todas-las-noticias\\\/evento-journee-recup-18-de-mayo-de-2021-en-frejus\\\/#primaryimage\"},\"image\":{\"@id\":\"https:\\\/\\\/www.groupesclavo.fr\\\/es\\\/todas-las-noticias\\\/evento-journee-recup-18-de-mayo-de-2021-en-frejus\\\/#primaryimage\"},\"thumbnailUrl\":\"https:\\\/\\\/www.groupesclavo.fr\\\/wp-content\\\/uploads\\\/2021\\\/05\\\/imgi_14_journee-recup-valdelia-capitou-frejus-731x1024-1.jpg\",\"datePublished\":\"2021-05-06T10:22:46+00:00\",\"dateModified\":\"2026-04-29T08:37:41+00:00\",\"breadcrumb\":{\"@id\":\"https:\\\/\\\/www.groupesclavo.fr\\\/es\\\/todas-las-noticias\\\/evento-journee-recup-18-de-mayo-de-2021-en-frejus\\\/#breadcrumb\"},\"inLanguage\":\"es-ES\",\"potentialAction\":[{\"@type\":\"ReadAction\",\"target\":[\"https:\\\/\\\/www.groupesclavo.fr\\\/es\\\/todas-las-noticias\\\/evento-journee-recup-18-de-mayo-de-2021-en-frejus\\\/\"]}]},{\"@type\":\"ImageObject\",\"inLanguage\":\"es-ES\",\"@id\":\"https:\\\/\\\/www.groupesclavo.fr\\\/es\\\/todas-las-noticias\\\/evento-journee-recup-18-de-mayo-de-2021-en-frejus\\\/#primaryimage\",\"url\":\"https:\\\/\\\/www.groupesclavo.fr\\\/wp-content\\\/uploads\\\/2021\\\/05\\\/imgi_14_journee-recup-valdelia-capitou-frejus-731x1024-1.jpg\",\"contentUrl\":\"https:\\\/\\\/www.groupesclavo.fr\\\/wp-content\\\/uploads\\\/2021\\\/05\\\/imgi_14_journee-recup-valdelia-capitou-frejus-731x1024-1.jpg\",\"width\":731,\"height\":1024},{\"@type\":\"BreadcrumbList\",\"@id\":\"https:\\\/\\\/www.groupesclavo.fr\\\/es\\\/todas-las-noticias\\\/evento-journee-recup-18-de-mayo-de-2021-en-frejus\\\/#breadcrumb\",\"itemListElement\":[{\"@type\":\"ListItem\",\"position\":1,\"name\":\"Accueil\",\"item\":\"https:\\\/\\\/www.groupesclavo.fr\\\/es\\\/?page_id=5527\"},{\"@type\":\"ListItem\",\"position\":2,\"name\":\"Evento &#8211; \u00ab\u00a0Journ\u00e9e R\u00e9cup\u00a0\u00bb &#8211; 18 de mayo de 2021 en Fr\u00e9jus\"}]},{\"@type\":\"WebSite\",\"@id\":\"https:\\\/\\\/www.groupesclavo.fr\\\/es\\\/#website\",\"url\":\"https:\\\/\\\/www.groupesclavo.fr\\\/es\\\/\",\"name\":\"Sclavo\",\"description\":\"\",\"publisher\":{\"@id\":\"https:\\\/\\\/www.groupesclavo.fr\\\/es\\\/#organization\"},\"potentialAction\":[{\"@type\":\"SearchAction\",\"target\":{\"@type\":\"EntryPoint\",\"urlTemplate\":\"https:\\\/\\\/www.groupesclavo.fr\\\/es\\\/?s={search_term_string}\"},\"query-input\":{\"@type\":\"PropertyValueSpecification\",\"valueRequired\":true,\"valueName\":\"search_term_string\"}}],\"inLanguage\":\"es-ES\"},{\"@type\":\"Organization\",\"@id\":\"https:\\\/\\\/www.groupesclavo.fr\\\/es\\\/#organization\",\"name\":\"Sclavo\",\"url\":\"https:\\\/\\\/www.groupesclavo.fr\\\/es\\\/\",\"logo\":{\"@type\":\"ImageObject\",\"inLanguage\":\"es-ES\",\"@id\":\"https:\\\/\\\/www.groupesclavo.fr\\\/es\\\/#\\\/schema\\\/logo\\\/image\\\/\",\"url\":\"https:\\\/\\\/www.groupesclavo.fr\\\/wp-content\\\/uploads\\\/2024\\\/11\\\/logo-1.svg\",\"contentUrl\":\"https:\\\/\\\/www.groupesclavo.fr\\\/wp-content\\\/uploads\\\/2024\\\/11\\\/logo-1.svg\",\"width\":191,\"height\":57,\"caption\":\"Sclavo\"},\"image\":{\"@id\":\"https:\\\/\\\/www.groupesclavo.fr\\\/es\\\/#\\\/schema\\\/logo\\\/image\\\/\"}},{\"@type\":\"Person\",\"@id\":\"https:\\\/\\\/www.groupesclavo.fr\\\/es\\\/#\\\/schema\\\/person\\\/cce451e392f3726778682f885b5f85d6\",\"name\":\"net-concept\",\"image\":{\"@type\":\"ImageObject\",\"inLanguage\":\"es-ES\",\"@id\":\"https:\\\/\\\/secure.gravatar.com\\\/avatar\\\/8406d47cf424cb6f1c7c9a655e87e793c9a1a5eccdf20a2bca376c84dc550590?s=96&d=mm&r=g\",\"url\":\"https:\\\/\\\/secure.gravatar.com\\\/avatar\\\/8406d47cf424cb6f1c7c9a655e87e793c9a1a5eccdf20a2bca376c84dc550590?s=96&d=mm&r=g\",\"contentUrl\":\"https:\\\/\\\/secure.gravatar.com\\\/avatar\\\/8406d47cf424cb6f1c7c9a655e87e793c9a1a5eccdf20a2bca376c84dc550590?s=96&d=mm&r=g\",\"caption\":\"net-concept\"}}]}<\/script>\n<!-- \/ Yoast SEO plugin. -->","yoast_head_json":{"title":"Evento - \"Journ\u00e9e R\u00e9cup\" - 18 de mayo de 2021 en Fr\u00e9jus - Sclavo","robots":{"index":"index","follow":"follow","max-snippet":"max-snippet:-1","max-image-preview":"max-image-preview:large","max-video-preview":"max-video-preview:-1"},"canonical":"https:\/\/www.groupesclavo.fr\/es\/todas-las-noticias\/evento-journee-recup-18-de-mayo-de-2021-en-frejus\/","og_locale":"es_ES","og_type":"article","og_title":"Evento - \"Journ\u00e9e R\u00e9cup\" - 18 de mayo de 2021 en Fr\u00e9jus - Sclavo","og_description":"[Evento &#8211; JOURNEE RECUP&#8217; ] Valdelia organiza un punto de entrega temporal con el Grupo Sclavo Environnement en el PARC D ACTIVITES DU CAPITOU de Fr\u00e9jus. Empresas: reun\u00e1monos el [&hellip;]","og_url":"https:\/\/www.groupesclavo.fr\/es\/todas-las-noticias\/evento-journee-recup-18-de-mayo-de-2021-en-frejus\/","og_site_name":"Sclavo","article_published_time":"2021-05-06T10:22:46+00:00","article_modified_time":"2026-04-29T08:37:41+00:00","og_image":[{"width":731,"height":1024,"url":"https:\/\/www.groupesclavo.fr\/wp-content\/uploads\/2021\/05\/imgi_14_journee-recup-valdelia-capitou-frejus-731x1024-1.jpg","type":"image\/jpeg"}],"author":"net-concept","twitter_card":"summary_large_image","twitter_misc":{"Written by":"net-concept"},"schema":{"@context":"https:\/\/schema.org","@graph":[{"@type":"Article","@id":"https:\/\/www.groupesclavo.fr\/es\/todas-las-noticias\/evento-journee-recup-18-de-mayo-de-2021-en-frejus\/#article","isPartOf":{"@id":"https:\/\/www.groupesclavo.fr\/es\/todas-las-noticias\/evento-journee-recup-18-de-mayo-de-2021-en-frejus\/"},"author":{"name":"net-concept","@id":"https:\/\/www.groupesclavo.fr\/es\/#\/schema\/person\/cce451e392f3726778682f885b5f85d6"},"headline":"Evento &#8211; &#8220;Journ\u00e9e R\u00e9cup&#8221; &#8211; 18 de mayo de 2021 en Fr\u00e9jus","datePublished":"2021-05-06T10:22:46+00:00","dateModified":"2026-04-29T08:37:41+00:00","mainEntityOfPage":{"@id":"https:\/\/www.groupesclavo.fr\/es\/todas-las-noticias\/evento-journee-recup-18-de-mayo-de-2021-en-frejus\/"},"wordCount":59,"publisher":{"@id":"https:\/\/www.groupesclavo.fr\/es\/#organization"},"image":{"@id":"https:\/\/www.groupesclavo.fr\/es\/todas-las-noticias\/evento-journee-recup-18-de-mayo-de-2021-en-frejus\/#primaryimage"},"thumbnailUrl":"https:\/\/www.groupesclavo.fr\/wp-content\/uploads\/2021\/05\/imgi_14_journee-recup-valdelia-capitou-frejus-731x1024-1.jpg","articleSection":["Eventos","Todas las noticias"],"inLanguage":"es-ES"},{"@type":"WebPage","@id":"https:\/\/www.groupesclavo.fr\/es\/todas-las-noticias\/evento-journee-recup-18-de-mayo-de-2021-en-frejus\/","url":"https:\/\/www.groupesclavo.fr\/es\/todas-las-noticias\/evento-journee-recup-18-de-mayo-de-2021-en-frejus\/","name":"Evento - \"Journ\u00e9e R\u00e9cup\" - 18 de mayo de 2021 en Fr\u00e9jus - Sclavo","isPartOf":{"@id":"https:\/\/www.groupesclavo.fr\/es\/#website"},"primaryImageOfPage":{"@id":"https:\/\/www.groupesclavo.fr\/es\/todas-las-noticias\/evento-journee-recup-18-de-mayo-de-2021-en-frejus\/#primaryimage"},"image":{"@id":"https:\/\/www.groupesclavo.fr\/es\/todas-las-noticias\/evento-journee-recup-18-de-mayo-de-2021-en-frejus\/#primaryimage"},"thumbnailUrl":"https:\/\/www.groupesclavo.fr\/wp-content\/uploads\/2021\/05\/imgi_14_journee-recup-valdelia-capitou-frejus-731x1024-1.jpg","datePublished":"2021-05-06T10:22:46+00:00","dateModified":"2026-04-29T08:37:41+00:00","breadcrumb":{"@id":"https:\/\/www.groupesclavo.fr\/es\/todas-las-noticias\/evento-journee-recup-18-de-mayo-de-2021-en-frejus\/#breadcrumb"},"inLanguage":"es-ES","potentialAction":[{"@type":"ReadAction","target":["https:\/\/www.groupesclavo.fr\/es\/todas-las-noticias\/evento-journee-recup-18-de-mayo-de-2021-en-frejus\/"]}]},{"@type":"ImageObject","inLanguage":"es-ES","@id":"https:\/\/www.groupesclavo.fr\/es\/todas-las-noticias\/evento-journee-recup-18-de-mayo-de-2021-en-frejus\/#primaryimage","url":"https:\/\/www.groupesclavo.fr\/wp-content\/uploads\/2021\/05\/imgi_14_journee-recup-valdelia-capitou-frejus-731x1024-1.jpg","contentUrl":"https:\/\/www.groupesclavo.fr\/wp-content\/uploads\/2021\/05\/imgi_14_journee-recup-valdelia-capitou-frejus-731x1024-1.jpg","width":731,"height":1024},{"@type":"BreadcrumbList","@id":"https:\/\/www.groupesclavo.fr\/es\/todas-las-noticias\/evento-journee-recup-18-de-mayo-de-2021-en-frejus\/#breadcrumb","itemListElement":[{"@type":"ListItem","position":1,"name":"Accueil","item":"https:\/\/www.groupesclavo.fr\/es\/?page_id=5527"},{"@type":"ListItem","position":2,"name":"Evento &#8211; \u00ab\u00a0Journ\u00e9e R\u00e9cup\u00a0\u00bb &#8211; 18 de mayo de 2021 en Fr\u00e9jus"}]},{"@type":"WebSite","@id":"https:\/\/www.groupesclavo.fr\/es\/#website","url":"https:\/\/www.groupesclavo.fr\/es\/","name":"Sclavo","description":"","publisher":{"@id":"https:\/\/www.groupesclavo.fr\/es\/#organization"},"potentialAction":[{"@type":"SearchAction","target":{"@type":"EntryPoint","urlTemplate":"https:\/\/www.groupesclavo.fr\/es\/?s={search_term_string}"},"query-input":{"@type":"PropertyValueSpecification","valueRequired":true,"valueName":"search_term_string"}}],"inLanguage":"es-ES"},{"@type":"Organization","@id":"https:\/\/www.groupesclavo.fr\/es\/#organization","name":"Sclavo","url":"https:\/\/www.groupesclavo.fr\/es\/","logo":{"@type":"ImageObject","inLanguage":"es-ES","@id":"https:\/\/www.groupesclavo.fr\/es\/#\/schema\/logo\/image\/","url":"https:\/\/www.groupesclavo.fr\/wp-content\/uploads\/2024\/11\/logo-1.svg","contentUrl":"https:\/\/www.groupesclavo.fr\/wp-content\/uploads\/2024\/11\/logo-1.svg","width":191,"height":57,"caption":"Sclavo"},"image":{"@id":"https:\/\/www.groupesclavo.fr\/es\/#\/schema\/logo\/image\/"}},{"@type":"Person","@id":"https:\/\/www.groupesclavo.fr\/es\/#\/schema\/person\/cce451e392f3726778682f885b5f85d6","name":"net-concept","image":{"@type":"ImageObject","inLanguage":"es-ES","@id":"https:\/\/secure.gravatar.com\/avatar\/8406d47cf424cb6f1c7c9a655e87e793c9a1a5eccdf20a2bca376c84dc550590?s=96&d=mm&r=g","url":"https:\/\/secure.gravatar.com\/avatar\/8406d47cf424cb6f1c7c9a655e87e793c9a1a5eccdf20a2bca376c84dc550590?s=96&d=mm&r=g","contentUrl":"https:\/\/secure.gravatar.com\/avatar\/8406d47cf424cb6f1c7c9a655e87e793c9a1a5eccdf20a2bca376c84dc550590?s=96&d=mm&r=g","caption":"net-concept"}}]}},"_links":{"self":[{"href":"https:\/\/www.groupesclavo.fr\/es\/wp-json\/wp\/v2\/posts\/5440","targetHints":{"allow":["GET"]}}],"collection":[{"href":"https:\/\/www.groupesclavo.fr\/es\/wp-json\/wp\/v2\/posts"}],"about":[{"href":"https:\/\/www.groupesclavo.fr\/es\/wp-json\/wp\/v2\/types\/post"}],"author":[{"embeddable":true,"href":"https:\/\/www.groupesclavo.fr\/es\/wp-json\/wp\/v2\/users\/4"}],"replies":[{"embeddable":true,"href":"https:\/\/www.groupesclavo.fr\/es\/wp-json\/wp\/v2\/comments?post=5440"}],"version-history":[{"count":1,"href":"https:\/\/www.groupesclavo.fr\/es\/wp-json\/wp\/v2\/posts\/5440\/revisions"}],"predecessor-version":[{"id":5442,"href":"https:\/\/www.groupesclavo.fr\/es\/wp-json\/wp\/v2\/posts\/5440\/revisions\/5442"}],"wp:featuredmedia":[{"embeddable":true,"href":"https:\/\/www.groupesclavo.fr\/es\/wp-json\/wp\/v2\/media\/5441"}],"wp:attachment":[{"href":"https:\/\/www.groupesclavo.fr\/es\/wp-json\/wp\/v2\/media?parent=5440"}],"wp:term":[{"taxonomy":"category","embeddable":true,"href":"https:\/\/www.groupesclavo.fr\/es\/wp-json\/wp\/v2\/categories?post=5440"},{"taxonomy":"post_tag","embeddable":true,"href":"https:\/\/www.groupesclavo.fr\/es\/wp-json\/wp\/v2\/tags?post=5440"}],"curies":[{"name":"wp","href":"https:\/\/api.w.org\/{rel}","templated":true}]}}