{"id":5434,"date":"2025-11-26T16:10:57","date_gmt":"2025-11-26T15:10:57","guid":{"rendered":"https:\/\/www.groupesclavo.fr\/sin-categoria\/entreprenariales\/"},"modified":"2026-04-29T10:37:40","modified_gmt":"2026-04-29T08:37:40","slug":"entreprenariales","status":"publish","type":"post","link":"https:\/\/www.groupesclavo.fr\/es\/sin-categoria\/entreprenariales\/","title":{"rendered":"Entreprenariales"},"content":{"rendered":"<div id=\"pl-5434\"  class=\"panel-layout\" ><div id=\"pg-5434-0\"  class=\"panel-grid panel-no-style\" ><div id=\"pgc-5434-0-0\"  class=\"panel-grid-cell\" ><div id=\"panel-5434-0-0-0\" class=\"so-panel widget widget_sow-editor panel-first-child panel-last-child\" data-index=\"0\" ><div\n\t\t\t\n\t\t\tclass=\"so-widget-sow-editor so-widget-sow-editor-base\"\n\t\t\t\n\t\t>\n<div class=\"siteorigin-widget-tinymce textwidget\">\n\t<h1>El Grupo Sclavo Environnement en las 24\u1d49 Entreprenariales<\/h1>\n<p><em>26\/06\/2025<\/em><br \/>El Grupo Sclavo Environnement no ha dejado de crecer desde su fundaci\u00f3n en 1918. Como empresa familiar, seguimos profundamente apegados a nuestras ra\u00edces en Niza y la regi\u00f3n del Marais. Por tanto, es natural que volvamos a participar en la 24\u1d49 edici\u00f3n de los Entreprenariales, un acontecimiento econ\u00f3mico clave para las empresas de la regi\u00f3n.  <br \/>\"El Grupo SCLAVO Environnement no ha dejado de crecer desde su fundaci\u00f3n en 1918. Nuestra empresa familiar sigue estando orgullosa de sus ra\u00edces en Niza y en la regi\u00f3n del Marais. As\u00ed que es natural que participemos de nuevo en los Entreprenariales de este a\u00f1o, para reunirnos con nuestros clientes y socios y presentarles nuestros nuevos servicios de gesti\u00f3n de residuos.\" Alicia Sclavo, Directora de Comunicaci\u00f3n<br \/>A medida que se acerca el ENTREP25 de este a\u00f1o, las principales empresas de la regi\u00f3n se re\u00fanen para mostrar su experiencia y reforzar las sinergias locales entre los agentes econ\u00f3micos. Estamos orgullosos de ser uno de los fieles expositores del sal\u00f3n, y de renovar nuestro compromiso con los organizadores y socios.<br \/>Nuestra participaci\u00f3n nos dar\u00e1 la oportunidad de :  <\/p>\n<ul>\n<li>para reunirnos con nuestros clientes y socios,<\/li>\n<li>presenta nuestros nuevos servicios de gesti\u00f3n de residuos,<\/li>\n<li>debatir sobre los retos de la econom\u00eda circular y la recuperaci\u00f3n de residuos en nuestra regi\u00f3n.<\/li>\n<\/ul>\n<p>Cada semana, Entreprenariales pone el foco en el espect\u00e1culo a trav\u00e9s de los testimonios de las personas que le dan vida. Estamos encantados de contribuir a esta din\u00e1mica y de representar a nuestro sector en este evento. <\/p>\n<\/div>\n<\/div><\/div><\/div><\/div><\/div>","protected":false},"excerpt":{"rendered":"<p>El Grupo Sclavo Environnement en las 24\u1d49 Entreprenariales 26\/06\/2025El Grupo Sclavo Environnement no ha dejado de crecer desde su fundaci\u00f3n en 1918. Como empresa familiar, seguimos profundamente apegados a [&hellip;]<\/p>\n","protected":false},"author":4,"featured_media":5436,"comment_status":"closed","ping_status":"closed","sticky":false,"template":"","format":"standard","meta":{"inline_featured_image":false,"footnotes":""},"categories":[69],"tags":[],"class_list":["post-5434","post","type-post","status-publish","format-standard","has-post-thumbnail","hentry","category-sin-categoria"],"yoast_head":"<!-- This site is optimized with the Yoast SEO plugin v27.4 - https:\/\/yoast.com\/product\/yoast-seo-wordpress\/ -->\n<title>Entreprenariales - Sclavo<\/title>\n<meta name=\"robots\" content=\"index, follow, max-snippet:-1, max-image-preview:large, max-video-preview:-1\" \/>\n<link rel=\"canonical\" href=\"https:\/\/www.groupesclavo.fr\/es\/sin-categoria\/entreprenariales\/\" \/>\n<meta property=\"og:locale\" content=\"es_ES\" \/>\n<meta property=\"og:type\" content=\"article\" \/>\n<meta property=\"og:title\" content=\"Entreprenariales - Sclavo\" \/>\n<meta property=\"og:description\" content=\"El Grupo Sclavo Environnement en las 24\u1d49 Entreprenariales 26\/06\/2025El Grupo Sclavo Environnement no ha dejado de crecer desde su fundaci\u00f3n en 1918. Como empresa familiar, seguimos profundamente apegados a [&hellip;]\" \/>\n<meta property=\"og:url\" content=\"https:\/\/www.groupesclavo.fr\/es\/sin-categoria\/entreprenariales\/\" \/>\n<meta property=\"og:site_name\" content=\"Sclavo\" \/>\n<meta property=\"article:published_time\" content=\"2025-11-26T15:10:57+00:00\" \/>\n<meta property=\"article:modified_time\" content=\"2026-04-29T08:37:40+00:00\" \/>\n<meta property=\"og:image\" content=\"https:\/\/www.groupesclavo.fr\/wp-content\/uploads\/2025\/11\/1746802571137.jpg\" \/>\n\t<meta property=\"og:image:width\" content=\"800\" \/>\n\t<meta property=\"og:image:height\" content=\"800\" \/>\n\t<meta property=\"og:image:type\" content=\"image\/jpeg\" \/>\n<meta name=\"author\" content=\"net-concept\" \/>\n<meta name=\"twitter:card\" content=\"summary_large_image\" \/>\n<meta name=\"twitter:label1\" content=\"Written by\" \/>\n\t<meta name=\"twitter:data1\" content=\"net-concept\" \/>\n<script type=\"application\/ld+json\" class=\"yoast-schema-graph\">{\"@context\":\"https:\\\/\\\/schema.org\",\"@graph\":[{\"@type\":\"Article\",\"@id\":\"https:\\\/\\\/www.groupesclavo.fr\\\/es\\\/sin-categoria\\\/entreprenariales\\\/#article\",\"isPartOf\":{\"@id\":\"https:\\\/\\\/www.groupesclavo.fr\\\/es\\\/sin-categoria\\\/entreprenariales\\\/\"},\"author\":{\"name\":\"net-concept\",\"@id\":\"https:\\\/\\\/www.groupesclavo.fr\\\/es\\\/#\\\/schema\\\/person\\\/cce451e392f3726778682f885b5f85d6\"},\"headline\":\"Entreprenariales\",\"datePublished\":\"2025-11-26T15:10:57+00:00\",\"dateModified\":\"2026-04-29T08:37:40+00:00\",\"mainEntityOfPage\":{\"@id\":\"https:\\\/\\\/www.groupesclavo.fr\\\/es\\\/sin-categoria\\\/entreprenariales\\\/\"},\"wordCount\":1,\"publisher\":{\"@id\":\"https:\\\/\\\/www.groupesclavo.fr\\\/es\\\/#organization\"},\"image\":{\"@id\":\"https:\\\/\\\/www.groupesclavo.fr\\\/es\\\/sin-categoria\\\/entreprenariales\\\/#primaryimage\"},\"thumbnailUrl\":\"https:\\\/\\\/www.groupesclavo.fr\\\/wp-content\\\/uploads\\\/2025\\\/11\\\/1746802571137.jpg\",\"articleSection\":[\"Sin categor\u00eda\"],\"inLanguage\":\"es-ES\"},{\"@type\":\"WebPage\",\"@id\":\"https:\\\/\\\/www.groupesclavo.fr\\\/es\\\/sin-categoria\\\/entreprenariales\\\/\",\"url\":\"https:\\\/\\\/www.groupesclavo.fr\\\/es\\\/sin-categoria\\\/entreprenariales\\\/\",\"name\":\"Entreprenariales - Sclavo\",\"isPartOf\":{\"@id\":\"https:\\\/\\\/www.groupesclavo.fr\\\/es\\\/#website\"},\"primaryImageOfPage\":{\"@id\":\"https:\\\/\\\/www.groupesclavo.fr\\\/es\\\/sin-categoria\\\/entreprenariales\\\/#primaryimage\"},\"image\":{\"@id\":\"https:\\\/\\\/www.groupesclavo.fr\\\/es\\\/sin-categoria\\\/entreprenariales\\\/#primaryimage\"},\"thumbnailUrl\":\"https:\\\/\\\/www.groupesclavo.fr\\\/wp-content\\\/uploads\\\/2025\\\/11\\\/1746802571137.jpg\",\"datePublished\":\"2025-11-26T15:10:57+00:00\",\"dateModified\":\"2026-04-29T08:37:40+00:00\",\"breadcrumb\":{\"@id\":\"https:\\\/\\\/www.groupesclavo.fr\\\/es\\\/sin-categoria\\\/entreprenariales\\\/#breadcrumb\"},\"inLanguage\":\"es-ES\",\"potentialAction\":[{\"@type\":\"ReadAction\",\"target\":[\"https:\\\/\\\/www.groupesclavo.fr\\\/es\\\/sin-categoria\\\/entreprenariales\\\/\"]}]},{\"@type\":\"ImageObject\",\"inLanguage\":\"es-ES\",\"@id\":\"https:\\\/\\\/www.groupesclavo.fr\\\/es\\\/sin-categoria\\\/entreprenariales\\\/#primaryimage\",\"url\":\"https:\\\/\\\/www.groupesclavo.fr\\\/wp-content\\\/uploads\\\/2025\\\/11\\\/1746802571137.jpg\",\"contentUrl\":\"https:\\\/\\\/www.groupesclavo.fr\\\/wp-content\\\/uploads\\\/2025\\\/11\\\/1746802571137.jpg\",\"width\":800,\"height\":800},{\"@type\":\"BreadcrumbList\",\"@id\":\"https:\\\/\\\/www.groupesclavo.fr\\\/es\\\/sin-categoria\\\/entreprenariales\\\/#breadcrumb\",\"itemListElement\":[{\"@type\":\"ListItem\",\"position\":1,\"name\":\"Accueil\",\"item\":\"https:\\\/\\\/www.groupesclavo.fr\\\/es\\\/?page_id=5527\"},{\"@type\":\"ListItem\",\"position\":2,\"name\":\"Entreprenariales\"}]},{\"@type\":\"WebSite\",\"@id\":\"https:\\\/\\\/www.groupesclavo.fr\\\/es\\\/#website\",\"url\":\"https:\\\/\\\/www.groupesclavo.fr\\\/es\\\/\",\"name\":\"Sclavo\",\"description\":\"\",\"publisher\":{\"@id\":\"https:\\\/\\\/www.groupesclavo.fr\\\/es\\\/#organization\"},\"potentialAction\":[{\"@type\":\"SearchAction\",\"target\":{\"@type\":\"EntryPoint\",\"urlTemplate\":\"https:\\\/\\\/www.groupesclavo.fr\\\/es\\\/?s={search_term_string}\"},\"query-input\":{\"@type\":\"PropertyValueSpecification\",\"valueRequired\":true,\"valueName\":\"search_term_string\"}}],\"inLanguage\":\"es-ES\"},{\"@type\":\"Organization\",\"@id\":\"https:\\\/\\\/www.groupesclavo.fr\\\/es\\\/#organization\",\"name\":\"Sclavo\",\"url\":\"https:\\\/\\\/www.groupesclavo.fr\\\/es\\\/\",\"logo\":{\"@type\":\"ImageObject\",\"inLanguage\":\"es-ES\",\"@id\":\"https:\\\/\\\/www.groupesclavo.fr\\\/es\\\/#\\\/schema\\\/logo\\\/image\\\/\",\"url\":\"https:\\\/\\\/www.groupesclavo.fr\\\/wp-content\\\/uploads\\\/2024\\\/11\\\/logo-1.svg\",\"contentUrl\":\"https:\\\/\\\/www.groupesclavo.fr\\\/wp-content\\\/uploads\\\/2024\\\/11\\\/logo-1.svg\",\"width\":191,\"height\":57,\"caption\":\"Sclavo\"},\"image\":{\"@id\":\"https:\\\/\\\/www.groupesclavo.fr\\\/es\\\/#\\\/schema\\\/logo\\\/image\\\/\"}},{\"@type\":\"Person\",\"@id\":\"https:\\\/\\\/www.groupesclavo.fr\\\/es\\\/#\\\/schema\\\/person\\\/cce451e392f3726778682f885b5f85d6\",\"name\":\"net-concept\",\"image\":{\"@type\":\"ImageObject\",\"inLanguage\":\"es-ES\",\"@id\":\"https:\\\/\\\/secure.gravatar.com\\\/avatar\\\/8406d47cf424cb6f1c7c9a655e87e793c9a1a5eccdf20a2bca376c84dc550590?s=96&d=mm&r=g\",\"url\":\"https:\\\/\\\/secure.gravatar.com\\\/avatar\\\/8406d47cf424cb6f1c7c9a655e87e793c9a1a5eccdf20a2bca376c84dc550590?s=96&d=mm&r=g\",\"contentUrl\":\"https:\\\/\\\/secure.gravatar.com\\\/avatar\\\/8406d47cf424cb6f1c7c9a655e87e793c9a1a5eccdf20a2bca376c84dc550590?s=96&d=mm&r=g\",\"caption\":\"net-concept\"}}]}<\/script>\n<!-- \/ Yoast SEO plugin. -->","yoast_head_json":{"title":"Entreprenariales - Sclavo","robots":{"index":"index","follow":"follow","max-snippet":"max-snippet:-1","max-image-preview":"max-image-preview:large","max-video-preview":"max-video-preview:-1"},"canonical":"https:\/\/www.groupesclavo.fr\/es\/sin-categoria\/entreprenariales\/","og_locale":"es_ES","og_type":"article","og_title":"Entreprenariales - Sclavo","og_description":"El Grupo Sclavo Environnement en las 24\u1d49 Entreprenariales 26\/06\/2025El Grupo Sclavo Environnement no ha dejado de crecer desde su fundaci\u00f3n en 1918. Como empresa familiar, seguimos profundamente apegados a [&hellip;]","og_url":"https:\/\/www.groupesclavo.fr\/es\/sin-categoria\/entreprenariales\/","og_site_name":"Sclavo","article_published_time":"2025-11-26T15:10:57+00:00","article_modified_time":"2026-04-29T08:37:40+00:00","og_image":[{"width":800,"height":800,"url":"https:\/\/www.groupesclavo.fr\/wp-content\/uploads\/2025\/11\/1746802571137.jpg","type":"image\/jpeg"}],"author":"net-concept","twitter_card":"summary_large_image","twitter_misc":{"Written by":"net-concept"},"schema":{"@context":"https:\/\/schema.org","@graph":[{"@type":"Article","@id":"https:\/\/www.groupesclavo.fr\/es\/sin-categoria\/entreprenariales\/#article","isPartOf":{"@id":"https:\/\/www.groupesclavo.fr\/es\/sin-categoria\/entreprenariales\/"},"author":{"name":"net-concept","@id":"https:\/\/www.groupesclavo.fr\/es\/#\/schema\/person\/cce451e392f3726778682f885b5f85d6"},"headline":"Entreprenariales","datePublished":"2025-11-26T15:10:57+00:00","dateModified":"2026-04-29T08:37:40+00:00","mainEntityOfPage":{"@id":"https:\/\/www.groupesclavo.fr\/es\/sin-categoria\/entreprenariales\/"},"wordCount":1,"publisher":{"@id":"https:\/\/www.groupesclavo.fr\/es\/#organization"},"image":{"@id":"https:\/\/www.groupesclavo.fr\/es\/sin-categoria\/entreprenariales\/#primaryimage"},"thumbnailUrl":"https:\/\/www.groupesclavo.fr\/wp-content\/uploads\/2025\/11\/1746802571137.jpg","articleSection":["Sin categor\u00eda"],"inLanguage":"es-ES"},{"@type":"WebPage","@id":"https:\/\/www.groupesclavo.fr\/es\/sin-categoria\/entreprenariales\/","url":"https:\/\/www.groupesclavo.fr\/es\/sin-categoria\/entreprenariales\/","name":"Entreprenariales - Sclavo","isPartOf":{"@id":"https:\/\/www.groupesclavo.fr\/es\/#website"},"primaryImageOfPage":{"@id":"https:\/\/www.groupesclavo.fr\/es\/sin-categoria\/entreprenariales\/#primaryimage"},"image":{"@id":"https:\/\/www.groupesclavo.fr\/es\/sin-categoria\/entreprenariales\/#primaryimage"},"thumbnailUrl":"https:\/\/www.groupesclavo.fr\/wp-content\/uploads\/2025\/11\/1746802571137.jpg","datePublished":"2025-11-26T15:10:57+00:00","dateModified":"2026-04-29T08:37:40+00:00","breadcrumb":{"@id":"https:\/\/www.groupesclavo.fr\/es\/sin-categoria\/entreprenariales\/#breadcrumb"},"inLanguage":"es-ES","potentialAction":[{"@type":"ReadAction","target":["https:\/\/www.groupesclavo.fr\/es\/sin-categoria\/entreprenariales\/"]}]},{"@type":"ImageObject","inLanguage":"es-ES","@id":"https:\/\/www.groupesclavo.fr\/es\/sin-categoria\/entreprenariales\/#primaryimage","url":"https:\/\/www.groupesclavo.fr\/wp-content\/uploads\/2025\/11\/1746802571137.jpg","contentUrl":"https:\/\/www.groupesclavo.fr\/wp-content\/uploads\/2025\/11\/1746802571137.jpg","width":800,"height":800},{"@type":"BreadcrumbList","@id":"https:\/\/www.groupesclavo.fr\/es\/sin-categoria\/entreprenariales\/#breadcrumb","itemListElement":[{"@type":"ListItem","position":1,"name":"Accueil","item":"https:\/\/www.groupesclavo.fr\/es\/?page_id=5527"},{"@type":"ListItem","position":2,"name":"Entreprenariales"}]},{"@type":"WebSite","@id":"https:\/\/www.groupesclavo.fr\/es\/#website","url":"https:\/\/www.groupesclavo.fr\/es\/","name":"Sclavo","description":"","publisher":{"@id":"https:\/\/www.groupesclavo.fr\/es\/#organization"},"potentialAction":[{"@type":"SearchAction","target":{"@type":"EntryPoint","urlTemplate":"https:\/\/www.groupesclavo.fr\/es\/?s={search_term_string}"},"query-input":{"@type":"PropertyValueSpecification","valueRequired":true,"valueName":"search_term_string"}}],"inLanguage":"es-ES"},{"@type":"Organization","@id":"https:\/\/www.groupesclavo.fr\/es\/#organization","name":"Sclavo","url":"https:\/\/www.groupesclavo.fr\/es\/","logo":{"@type":"ImageObject","inLanguage":"es-ES","@id":"https:\/\/www.groupesclavo.fr\/es\/#\/schema\/logo\/image\/","url":"https:\/\/www.groupesclavo.fr\/wp-content\/uploads\/2024\/11\/logo-1.svg","contentUrl":"https:\/\/www.groupesclavo.fr\/wp-content\/uploads\/2024\/11\/logo-1.svg","width":191,"height":57,"caption":"Sclavo"},"image":{"@id":"https:\/\/www.groupesclavo.fr\/es\/#\/schema\/logo\/image\/"}},{"@type":"Person","@id":"https:\/\/www.groupesclavo.fr\/es\/#\/schema\/person\/cce451e392f3726778682f885b5f85d6","name":"net-concept","image":{"@type":"ImageObject","inLanguage":"es-ES","@id":"https:\/\/secure.gravatar.com\/avatar\/8406d47cf424cb6f1c7c9a655e87e793c9a1a5eccdf20a2bca376c84dc550590?s=96&d=mm&r=g","url":"https:\/\/secure.gravatar.com\/avatar\/8406d47cf424cb6f1c7c9a655e87e793c9a1a5eccdf20a2bca376c84dc550590?s=96&d=mm&r=g","contentUrl":"https:\/\/secure.gravatar.com\/avatar\/8406d47cf424cb6f1c7c9a655e87e793c9a1a5eccdf20a2bca376c84dc550590?s=96&d=mm&r=g","caption":"net-concept"}}]}},"_links":{"self":[{"href":"https:\/\/www.groupesclavo.fr\/es\/wp-json\/wp\/v2\/posts\/5434","targetHints":{"allow":["GET"]}}],"collection":[{"href":"https:\/\/www.groupesclavo.fr\/es\/wp-json\/wp\/v2\/posts"}],"about":[{"href":"https:\/\/www.groupesclavo.fr\/es\/wp-json\/wp\/v2\/types\/post"}],"author":[{"embeddable":true,"href":"https:\/\/www.groupesclavo.fr\/es\/wp-json\/wp\/v2\/users\/4"}],"replies":[{"embeddable":true,"href":"https:\/\/www.groupesclavo.fr\/es\/wp-json\/wp\/v2\/comments?post=5434"}],"version-history":[{"count":1,"href":"https:\/\/www.groupesclavo.fr\/es\/wp-json\/wp\/v2\/posts\/5434\/revisions"}],"predecessor-version":[{"id":5438,"href":"https:\/\/www.groupesclavo.fr\/es\/wp-json\/wp\/v2\/posts\/5434\/revisions\/5438"}],"wp:featuredmedia":[{"embeddable":true,"href":"https:\/\/www.groupesclavo.fr\/es\/wp-json\/wp\/v2\/media\/5436"}],"wp:attachment":[{"href":"https:\/\/www.groupesclavo.fr\/es\/wp-json\/wp\/v2\/media?parent=5434"}],"wp:term":[{"taxonomy":"category","embeddable":true,"href":"https:\/\/www.groupesclavo.fr\/es\/wp-json\/wp\/v2\/categories?post=5434"},{"taxonomy":"post_tag","embeddable":true,"href":"https:\/\/www.groupesclavo.fr\/es\/wp-json\/wp\/v2\/tags?post=5434"}],"curies":[{"name":"wp","href":"https:\/\/api.w.org\/{rel}","templated":true}]}}